{"id":27061,"date":"2025-10-21T09:10:08","date_gmt":"2025-10-21T09:10:08","guid":{"rendered":"https:\/\/www.europesays.com\/lv\/27061\/"},"modified":"2025-10-21T09:10:08","modified_gmt":"2025-10-21T09:10:08","slug":"kolumbija-atsauc-vestnieku-asv-saasinoties-trampa-un-petro-konfliktam-lente-lv","status":"publish","type":"post","link":"https:\/\/www.europesays.com\/lv\/27061\/","title":{"rendered":"Kolumbija atsauc v\u0113stnieku ASV, saasinoties Trampa un Petro konfliktam\u00a0\u2014\u00a0Lente.lv"},"content":{"rendered":"<p>Kolumbija Atsauc V\u0113stnieku ASV, Saasinoties Presti\u017eu Konfliktam<\/p>\n<p>P\u0113k\u0161\u0146i un dramatiski eskal\u0113joties diplom\u0101tiskajai spriedzei, Kolumbija ir nol\u0113musi atsaukt savu v\u0113stnieku no Amerikas Savienotaj\u0101m Valst\u012bm. \u0160is l\u0113mums, kas tika pazi\u0146ots pirmdien, ir tie\u0161a atbilde uz aizvien karst\u0101ko retoriku starp ASV prezidentu Donaldu Trampu un Kolumbijas kreiso prezidentu Gustavo Petro. Konflikta saknes mekl\u0113jamas vair\u0101kos jaut\u0101jumos, tostarp c\u012b\u0146\u0101 pret narkotiku tirdzniec\u012bbu un ASV sniegtaj\u0101 finansi\u0101laj\u0101 atbalst\u0101. <\/p>\n<p>ASV prezidents Tramps, neiedzi\u013cinoties deta\u013c\u0101s, ir publiski draud\u0113jis p\u0101rtraukt finansi\u0101lo pal\u012bdz\u012bbu Kolumbijai un noteikt papildu muitas nodevas. Vi\u0146a izteikumi, ka Kolumbija nepietiekami efekt\u012bvi apkaro narkokarte\u013cus, kas produkciju s\u016bta uz ASV, ir rad\u012bju\u0161i nopietnas domstarp\u012bbas. Tramps pat ir nod\u0113v\u0113jis Kolumbijas prezidentu Petro par &#8220;neleg\u0101lo narkotiku l\u012bderi&#8221;, kas ir \u013coti aizskaro\u0161s apgalvojums un saasin\u0101jis jau t\u0101 saspringt\u0101s attiec\u012bbas. Savuk\u0101rt Kolumbijas iek\u0161lietu ministrs Armando Bendeti Trampa izteikumus, kuros vi\u0146\u0161 aicina Kolumbiju sl\u0113gt narkotiku audz\u0113\u0161anas ra\u017eotnes, pret\u0113j\u0101 gad\u012bjum\u0101 to izdarot amerik\u0101\u0146iem, kritiz\u0113jis k\u0101 iebrukuma vai milit\u0101r\u0101s r\u012bc\u012bbas draudus, ap\u0161aubot ASV sp\u0113ju un ties\u012bbas to dar\u012bt bez inv\u0101zijas. <\/p>\n<p>\u0160\u012b diplom\u0101tisk\u0101 atbildes reakcija no Kolumbijas puses ir radusies p\u0113c tam, kad ASV ir veiku\u0161as vair\u0101kus triecienus ku\u0123iem Kar\u012bbu j\u016br\u0101, it k\u0101 c\u012bnoties pret narkotiku tirdzniec\u012bbu. Petro ir kritiz\u0113jis \u0161o ASV politiku, apgalvojot, ka uzbrukumos, kas v\u0113rsti pret narkokontrabandistiem, ir nogalin\u0101ti vismaz 29 cilv\u0113ki. \u0160ie notikumi ir izrais\u012bju\u0161i ba\u017eas par ASV politikas efektivit\u0101ti un t\u0101s sek\u0101m. <\/p>\n<p>Kolumbijas v\u0113stniec\u012bba Amerikas Savienotaj\u0101s Valst\u012bs, Dani\u0113ls Garsija-Pe\u0146a, ir atsaukts uz konsult\u0101cij\u0101m Bogot\u0101, k\u0101 nor\u0101da Kolumbijas \u0100rlietu ministrija. \u0160\u0101ds solis ir iecer\u0113ts k\u0101 stingra atbilde uz ASV prezidenta aizskaro\u0161ajiem izteikumiem un politisko spiedienu. V\u0113sturiski Kolumbija ir bijusi viena no liel\u0101kaj\u0101m ASV pal\u012bdz\u012bbas sa\u0146\u0113m\u0113j\u0101m Dienvidamerik\u0101, un 2023. gad\u0101 puse no pie\u0161\u0137irtajiem 740 miljoniem dol\u0101ru bija paredz\u0113ta narkotiku tirdzniec\u012bbas apkaro\u0161anai. Tagad, \u0161\u0137iet, \u0161\u012b cie\u0161\u0101 sadarb\u012bba ir non\u0101kusi kr\u012bz\u0113, radot neskaidr\u012bbu par turpm\u0101kajiem divpus\u0113jiem attiec\u012bbu dinamiku. <\/p>\n<p>Latvijas un ASV attiec\u012bbu perspekt\u012bva<\/p>\n<p>Lai gan Kolumbijas un ASV attiec\u012bbas piedz\u012bvo nopietnu kr\u012bzi, ir v\u0113rts atskat\u012bties uz Latvijas un ASV attiec\u012bbu v\u0113sturi. Amerikas Savienot\u0101s Valstis ir biju\u0161as Latvijas strat\u0113\u0123iskais partneris un sabiedrotais kop\u0161 Latvijas neatkar\u012bbas atjauno\u0161anas. ASV konsekventi atbalst\u012bja Latvijas okup\u0101cijas neatz\u012b\u0161anas politiku un sniedza nenov\u0113rt\u0113jamu ieguld\u012bjumu Latvijas neatkar\u012bbas atjauno\u0161an\u0101. \u0160\u012b cie\u0161\u0101 saikne ir nostiprin\u0101ta ar\u012b m\u016bsdien\u0101s, ab\u0101m valst\u012bm sadarbojoties dro\u0161\u012bbas, ener\u0123\u0113tikas un cit\u0101s svar\u012bg\u0101s jom\u0101s. Latvijas v\u0113stniec\u012bba ASV Va\u0161ington\u0101 ir svar\u012bgs diplom\u0101tiskais tilts starp ab\u0101m valst\u012bm, nodro\u0161inot Latvijas intere\u0161u aizst\u0101v\u012bbu un sadarb\u012bbas veicin\u0101\u0161anu. <\/p>\n","protected":false},"excerpt":{"rendered":"Kolumbija Atsauc V\u0113stnieku ASV, Saasinoties Presti\u017eu Konfliktam P\u0113k\u0161\u0146i un dramatiski eskal\u0113joties diplom\u0101tiskajai spriedzei, Kolumbija ir nol\u0113musi atsaukt savu&hellip;\n","protected":false},"author":2,"featured_media":27062,"comment_status":"","ping_status":"","sticky":false,"template":"","format":"standard","meta":{"footnotes":""},"categories":[5],"tags":[23,292,28,29,8396,542,32,33,8395,22,8355,30,31,35,39,38,36,37,34,40,20,26,27,24,25,21],"class_list":{"0":"post-27061","1":"post","2":"type-post","3":"status-publish","4":"format-standard","5":"has-post-thumbnail","7":"category-aktualitates","8":"tag-aktualitates","9":"tag-asv","10":"tag-breaking-news","11":"tag-breakingnews","12":"tag-diplomatiskais-konflikts","13":"tag-donalds-tramps","14":"tag-featured-news","15":"tag-featurednews","16":"tag-gustavo-petro","17":"tag-headlines","18":"tag-kolumbija","19":"tag-latest-news","20":"tag-latestnews","21":"tag-latvia","22":"tag-latvian","23":"tag-latviesu","24":"tag-latviesu-valoda","25":"tag-latviesuvaloda","26":"tag-latvija","27":"tag-lv","28":"tag-news","29":"tag-popularakas-zinas","30":"tag-popularakaszinas","31":"tag-top-stories","32":"tag-topstories","33":"tag-zinas"},"share_on_mastodon":{"url":"","error":""},"_links":{"self":[{"href":"https:\/\/www.europesays.com\/lv\/wp-json\/wp\/v2\/posts\/27061","targetHints":{"allow":["GET"]}}],"collection":[{"href":"https:\/\/www.europesays.com\/lv\/wp-json\/wp\/v2\/posts"}],"about":[{"href":"https:\/\/www.europesays.com\/lv\/wp-json\/wp\/v2\/types\/post"}],"author":[{"embeddable":true,"href":"https:\/\/www.europesays.com\/lv\/wp-json\/wp\/v2\/users\/2"}],"replies":[{"embeddable":true,"href":"https:\/\/www.europesays.com\/lv\/wp-json\/wp\/v2\/comments?post=27061"}],"version-history":[{"count":0,"href":"https:\/\/www.europesays.com\/lv\/wp-json\/wp\/v2\/posts\/27061\/revisions"}],"wp:featuredmedia":[{"embeddable":true,"href":"https:\/\/www.europesays.com\/lv\/wp-json\/wp\/v2\/media\/27062"}],"wp:attachment":[{"href":"https:\/\/www.europesays.com\/lv\/wp-json\/wp\/v2\/media?parent=27061"}],"wp:term":[{"taxonomy":"category","embeddable":true,"href":"https:\/\/www.europesays.com\/lv\/wp-json\/wp\/v2\/categories?post=27061"},{"taxonomy":"post_tag","embeddable":true,"href":"https:\/\/www.europesays.com\/lv\/wp-json\/wp\/v2\/tags?post=27061"}],"curies":[{"name":"wp","href":"https:\/\/api.w.org\/{rel}","templated":true}]}}