{"id":27076,"date":"2025-10-21T09:27:08","date_gmt":"2025-10-21T09:27:08","guid":{"rendered":"https:\/\/www.europesays.com\/lv\/27076\/"},"modified":"2025-10-21T09:27:08","modified_gmt":"2025-10-21T09:27:08","slug":"video-%e2%9f%a9-politologe-pauz-viedokli-par-jauno-kustibu-bez-partijam","status":"publish","type":"post","link":"https:\/\/www.europesays.com\/lv\/27076\/","title":{"rendered":"VIDEO \u27e9 Politolo\u0123e pau\u017e viedokli par jauno kust\u012bbu &#8220;Bez partij\u0101m&#8221;"},"content":{"rendered":"<p>&#8220;Politika ar\u012b ir profesija, un, ja tu neesi bijis ar politiku saist\u012bts, tas ir l\u012bdz\u012bgi k\u0101 ar jebkuru noz\u012bmi. Ba\u017e\u012bgu dara tas, ja cilv\u0113ki n\u0101k ar \u013coti radik\u0101l\u0101m idej\u0101m, kuriem, iesp\u0113jams, nav zin\u0101\u0161anu \u0161aj\u0101 nozar\u0113,&#8221; skaidro politolo\u0123e.<\/p>\n<p>Kust\u012bbas galvenais m\u0113r\u0137is esot pan\u0101kt v\u0113l\u0113\u0161anu sist\u0113mas mai\u0146u un p\u0101reju no partiju sarakstiem uz individu\u0101lu kandid\u0101tu iev\u0113l\u0113\u0161anu.<\/p>\n<p>Broks ir finan\u0161u tehnolo\u0123iju uz\u0146\u0113muma &#8220;Twino&#8221; dibin\u0101t\u0101js un vad\u012bt\u0101js. Savuk\u0101rt \u0160mits iepriek\u0161 bijis zemkop\u012bbas ministrs. K\u0101 14. Saeimas deput\u0101ts vi\u0146\u0161 iev\u0113l\u0113ts no apvien\u012bbas &#8220;Apvienotais saraksts&#8221;, no kuras frakcijas v\u0113l\u0101k izst\u0101jies, paliekot Latvijas Za\u013c\u0101s partijas biedrs, bet darbu Saeim\u0101 turpinot k\u0101 pie frakcij\u0101m nepiedero\u0161s deput\u0101ts. T\u0101pat vi\u0146\u0161 bijis ar\u012b 13. Saeimas deput\u0101ts, iev\u0113l\u0113ts no partijas &#8220;KPV LV&#8221; saraksta, k\u0101 ar\u012b R\u012bgas domes un Rojas pagasta domes deput\u0101ts. \u0160mits &#8220;KPV LV&#8221; darbojies laik\u0101 no 2018. l\u012bdz 2019. gadam, un darbojies ar\u012b partij\u0101 &#8220;Jaunlatvija&#8221; un &#8220;Jaunais laiks&#8221;.<\/p>\n<p>Saeimas <a href=\"https:\/\/www.apollo.lv\/term\/555958\/velesanas\" class=\"topicLink\" target=\"_blank\" rel=\"nofollow noopener\">v\u0113l\u0113\u0161anas<\/a> notiks n\u0101kamgad, 3. oktobr\u012b, bet kandid\u0101tu sarakstu var iesniegt likum\u0101 noteiktaj\u0101 k\u0101rt\u012bb\u0101 re\u0123istr\u0113ta politisk\u0101 partija, kura dibin\u0101ta ne v\u0113l\u0101k k\u0101 vienu gadu pirms Saeimas v\u0113l\u0113\u0161an\u0101m un kur\u0101 ir ne maz\u0101k k\u0101 500 biedru.<\/p>\n<p>\u0160mits nor\u0101d\u012bja, ka &#8220;Bez partij\u0101m&#8221; pl\u0101nojot k\u0101du sadarb\u012bbu ar k\u0101du politisko sp\u0113ku, jo past\u0101v \u0161is juridiskais \u0161\u0137\u0113rslis.<\/p>\n<p>K\u0101 v\u0113sta LTV, neofici\u0101la inform\u0101cija liecina, ka tiek apsv\u0113rta sadarb\u012bba ar\u012b ar &#8220;Platformu 21&#8221;, bet ofici\u0101li n\u0101kamie sabiedrotie v\u0113l atkl\u0101ti netiek.<\/p>\n<p>Ar nosaukumu &#8220;Platforma 21&#8221; partija start\u0113ja ar\u012b aizvad\u012btaj\u0101s pa\u0161vald\u012bbu v\u0113l\u0113\u0161an\u0101s. Pa\u0161u partiju savulaik izveidoja Aldis Gobzems (tagad &#8211; Arigo Toro). Partija, kas sen\u0101k bija paz\u012bstama k\u0101 &#8220;Katram un katrai&#8221; un v\u0113l pirms tam &#8211; ar\u012b k\u0101 &#8220;Likums un k\u0101rt\u012bba&#8221;, Gobzema vad\u012bb\u0101 gana nopietni pretend\u0113ja uz iek\u013c\u016b\u0161anu 14. Saeim\u0101, taj\u0101 gan neiek\u013cuva, Gobzemam p\u0113c tam pametot pa\u0161a lolojumu.<\/p>\n<p>Vair\u0101k skatieties si\u017eet\u0101!<\/p>\n","protected":false},"excerpt":{"rendered":"&#8220;Politika ar\u012b ir profesija, un, ja tu neesi bijis ar politiku saist\u012bts, tas ir l\u012bdz\u012bgi k\u0101 ar jebkuru&hellip;\n","protected":false},"author":2,"featured_media":27077,"comment_status":"","ping_status":"","sticky":false,"template":"","format":"standard","meta":{"footnotes":""},"categories":[12],"tags":[23,5992,28,29,32,33,22,30,31,35,39,38,36,37,34,40,20,26,27,141,24,25,2544,21],"class_list":{"0":"post-27076","1":"post","2":"type-post","3":"status-publish","4":"format-standard","5":"has-post-thumbnail","7":"category-latvija","8":"tag-aktualitates","9":"tag-alvis-hermanis","10":"tag-breaking-news","11":"tag-breakingnews","12":"tag-featured-news","13":"tag-featurednews","14":"tag-headlines","15":"tag-latest-news","16":"tag-latestnews","17":"tag-latvia","18":"tag-latvian","19":"tag-latviesu","20":"tag-latviesu-valoda","21":"tag-latviesuvaloda","22":"tag-latvija","23":"tag-lv","24":"tag-news","25":"tag-popularakas-zinas","26":"tag-popularakaszinas","27":"tag-saeima","28":"tag-top-stories","29":"tag-topstories","30":"tag-velesanas","31":"tag-zinas"},"share_on_mastodon":{"url":"","error":""},"_links":{"self":[{"href":"https:\/\/www.europesays.com\/lv\/wp-json\/wp\/v2\/posts\/27076","targetHints":{"allow":["GET"]}}],"collection":[{"href":"https:\/\/www.europesays.com\/lv\/wp-json\/wp\/v2\/posts"}],"about":[{"href":"https:\/\/www.europesays.com\/lv\/wp-json\/wp\/v2\/types\/post"}],"author":[{"embeddable":true,"href":"https:\/\/www.europesays.com\/lv\/wp-json\/wp\/v2\/users\/2"}],"replies":[{"embeddable":true,"href":"https:\/\/www.europesays.com\/lv\/wp-json\/wp\/v2\/comments?post=27076"}],"version-history":[{"count":0,"href":"https:\/\/www.europesays.com\/lv\/wp-json\/wp\/v2\/posts\/27076\/revisions"}],"wp:featuredmedia":[{"embeddable":true,"href":"https:\/\/www.europesays.com\/lv\/wp-json\/wp\/v2\/media\/27077"}],"wp:attachment":[{"href":"https:\/\/www.europesays.com\/lv\/wp-json\/wp\/v2\/media?parent=27076"}],"wp:term":[{"taxonomy":"category","embeddable":true,"href":"https:\/\/www.europesays.com\/lv\/wp-json\/wp\/v2\/categories?post=27076"},{"taxonomy":"post_tag","embeddable":true,"href":"https:\/\/www.europesays.com\/lv\/wp-json\/wp\/v2\/tags?post=27076"}],"curies":[{"name":"wp","href":"https:\/\/api.w.org\/{rel}","templated":true}]}}