{"id":27078,"date":"2025-10-21T09:33:15","date_gmt":"2025-10-21T09:33:15","guid":{"rendered":"https:\/\/www.europesays.com\/lv\/27078\/"},"modified":"2025-10-21T09:33:15","modified_gmt":"2025-10-21T09:33:15","slug":"vairakas-organizacijas-skarbi-kritize-ieceretas-izmainas-abortu-veiksana-un-versas-pie-amatpersonam","status":"publish","type":"post","link":"https:\/\/www.europesays.com\/lv\/27078\/","title":{"rendered":"Vair\u0101kas organiz\u0101cijas skarbi kritiz\u0113 iecer\u0113t\u0101s izmai\u0146as abortu veik\u0161an\u0101 un v\u0113r\u0161as pie amatperson\u0101m"},"content":{"rendered":"<p>Iecere ierakst\u012bt likum\u0101 nepier\u0101d\u0101mu pie\u0146\u0113mumu, ka cilv\u0113ka dz\u012bv\u012bba s\u0101kas ar apaug\u013co\u0161an\u0101s br\u012bdi, un ieviest nepamatotas ierobe\u017eojo\u0161as konsult\u0101cijas pirms gr\u016btniec\u012bbas p\u0101rtrauk\u0161anas, ir pretrun\u0101 sievie\u0161u cilv\u0113kties\u012bb\u0101m, medic\u012bnas \u0113tikai un zin\u0101tniskajai lo\u0123ikai, v\u0113stul\u0113 amatperson\u0101m uzsver vair\u0101kas nozares organiz\u0101cijas.<\/p>\n<p>V\u0113stuli <a rel=\"noopener nofollow\" target=\"_blank\" href=\"https:\/\/www.delfi.lv\/temas\/36070942\/veselibas-ministrija\" tag-id=\"36070942\">Vesel\u012bbas ministrijai<\/a> un <a rel=\"noopener nofollow\" target=\"_blank\" href=\"https:\/\/www.delfi.lv\/temas\/38952207\/saeima\" tag-id=\"38952207\">Saeimas<\/a> Soci\u0101lo un darba lietu komisijai, aicinot \u0161os priek\u0161likumus nevirz\u012bt t\u0101l\u0101kai izskat\u012b\u0161anai, nos\u016bt\u012bju\u0161as Latvijas Ginekologu un dzemd\u012bbu speci\u0101listu asoci\u0101cija, Latvijas Vecm\u0101\u0161u asoci\u0101cija, Vec\u0101ku organiz\u0101cija &#8220;Mamm\u0101m un t\u0113tiem&#8221; un biedr\u012bba &#8220;Papardes zieds&#8221;.<\/p>\n<p>Viens no priek\u0161likumiem paredz ierakst\u012bt likum\u0101 normu, ka &#8220;cilv\u0113ka dz\u012bv\u012bba s\u0101kas ar apaug\u013co\u0161an\u0101s br\u012bdi&#8221;. Speci\u0101listi br\u012bdina, ka \u0161\u0101ds formul\u0113jums nav zin\u0101tniski pier\u0101d\u0101ms un medic\u012bniski nav nosak\u0101ms, turkl\u0101t tas b\u016btu pretrun\u0101 Latvijas Satversmei un starptautiskaj\u0101m cilv\u0113kties\u012bbu norm\u0101m.<\/p>\n<p>Organiz\u0101cijas uzsver, ka \u0161\u0101di priek\u0161likumi ir pretrun\u0101 ar\u012b sievie\u0161u pamatties\u012bb\u0101m uz priv\u0101tumu, vesel\u012bbu un pa\u0161noteik\u0161anos. Saska\u0146\u0101 ar Pasaules Vesel\u012bbas organiz\u0101cijas vadl\u012bnij\u0101m jebk\u0101da tre\u0161o personu iesaiste vai papildu birokr\u0101tiski \u0161\u0137\u0113r\u0161\u013ci l\u0113muma pie\u0146em\u0161an\u0101 par gr\u016btniec\u012bbas p\u0101rtrauk\u0161anu apdraud sievietes vesel\u012bbu un var veicin\u0101t nedro\u0161u abortu praksi, uzsver organiz\u0101cijas.<\/p>\n<p>&#8220;Nev\u0113lamas gr\u016btniec\u012bbas p\u0101rtrauk\u0161ana ir katras sievietes cilv\u0113kties\u012bbas. Ievie\u0161ot oblig\u0101tas konsult\u0101cijas vai at\u013caujas, kas nav medic\u012bniski pamatotas, m\u0113s nepal\u012bdzam \u0123imen\u0113m, bet apdraudam sievie\u0161u vesel\u012bbu un dz\u012bv\u012bbu,&#8221; uzsver Latvijas Ginekologu un dzemd\u012bbu speci\u0101listu asoci\u0101cijas prezidente L\u0101sma L\u012bdaka.<\/p>\n<p>Lasiet ar\u012b<\/p>\n<p><a href=\"https:\/\/www.delfi.lv\/life\/56017206\/veseliba\/120091860\/ginekologi-iestajas-pret-politiku-rosinatajam-izmainam-abortu-veiksana\" class=\"headline__image-link\" itemprop=\"url\" rel=\"nofollow noopener\" target=\"_blank\"><img decoding=\"async\" loading=\"lazy\" itemprop=\"image\" src=\"https:\/\/www.europesays.com\/lv\/wp-content\/uploads\/2025\/10\/1761039193_62_46f4c4f0-6006-11ed-82b8-11dd12ee8e3d.jpg\" alt=\"Ginekologi iest\u0101jas pret politi\u0137u rosin\u0101taj\u0101m izmai\u0146\u0101m abortu veik\u0161an\u0101\" title=\"Ginekologi iest\u0101jas pret politi\u0137u rosin\u0101taj\u0101m izmai\u0146\u0101m abortu veik\u0161an\u0101\" class=\"headline__image img-fluid w-100\"\/><\/a><\/p>\n<p>T\u0101pat asoci\u0101cijas nor\u0101da, ka Latvij\u0101 abortu skaits jau gadiem samazin\u0101s, un 2024. gad\u0101 tas bijis viens no zem\u0101kajiem Eiropas Savien\u012bb\u0101 \u2013 6,3 aborti uz 1000 reprodukt\u012bv\u0101 vecuma sieviet\u0113m. Savuk\u0101rt \u0101rpus\u0123imenes apr\u016bp\u0113 atrodas vair\u0101k nek\u0101 5000 b\u0113rnu, kas uzskat\u0101mi pier\u0101da, ka likumdev\u0113ju uzdevums nav ierobe\u017eot sievietes izv\u0113les iesp\u0113jas, bet gan atbalst\u012bt \u0123imenes, kuras b\u0113rnus audzina, uzskata organiz\u0101cijas.<\/p>\n<p>&#8220;\u0160\u0101di priek\u0161likumi rada risku atgriezties laik\u0101, kad sievietes tika pak\u013cautas mor\u0101lam un juridiskam spiedienam. M\u016bsdienu Latvijai ir j\u0101r\u016bp\u0113jas par sievietes vesel\u012bbu, nevis j\u0101nosaka ideolo\u0123iski ierobe\u017eojumi,&#8221; uzsver L\u012bdaka.<\/p>\n<p>Organiz\u0101cijas aicina Saeimas deput\u0101tus un sabiedr\u012bbu nepie\u013caut politiski motiv\u0113tus groz\u012bjumus, kas var\u0113tu apdraud\u0113t sievie\u0161u dro\u0161\u012bbu un Latvijas k\u0101 demokr\u0101tiskas valsts starptautisko reput\u0101ciju cilv\u0113kties\u012bbu jom\u0101.<\/p>\n<p>K\u0101 v\u0113st\u012bts, Nacion\u0101l\u0101s apvien\u012bbas (NA) un partijas &#8220;Latvija pirmaj\u0101 viet\u0101&#8221; (LPV) deput\u0101ti Jurgis Kloti\u0146\u0161 (NA), <a rel=\"noopener nofollow\" target=\"_blank\" href=\"https:\/\/www.delfi.lv\/temas\/50363565\/janis-grasbergs\" tag-id=\"50363565\">J\u0101nis Grasbergs<\/a> (NA) un <a rel=\"noopener nofollow\" target=\"_blank\" href=\"https:\/\/www.delfi.lv\/temas\/50863559\/ramona-petravica\" tag-id=\"50863559\">Ramona Petravi\u010da<\/a> (LPV) ir iesniegu\u0161i priek\u0161likumus groz\u012bjumiem Seksu\u0101l\u0101s un reprodukt\u012bv\u0101s vesel\u012bbas likum\u0101, tostarp aicinot Latvij\u0101 ieviest oblig\u0101tas konsult\u0101cijas sieviet\u0113m, kas v\u0113las p\u0101rtraukt gr\u016btniec\u012bbu p\u0113c savas v\u0113l\u0113\u0161an\u0101s.<\/p>\n<p>Lasiet ar\u012b<\/p>\n<p><a href=\"https:\/\/www.delfi.lv\/193\/politics\/120091709\/politiki-rosina-prasit-sievietem-pirms-aborta-obligati-piedalities-konsultacijas\" class=\"headline__image-link\" itemprop=\"url\" rel=\"nofollow noopener\" target=\"_blank\"><img decoding=\"async\" loading=\"lazy\" itemprop=\"image\" src=\"https:\/\/www.europesays.com\/lv\/wp-content\/uploads\/2025\/10\/e925ca21-0f97-4b69-b3fe-cbbc424294df.jpg\" alt=\"Politi\u0137i rosina pras\u012bt sieviet\u0113m pirms aborta oblig\u0101ti piedal\u012bties konsult\u0101cij\u0101s\" title=\"Politi\u0137i rosina pras\u012bt sieviet\u0113m pirms aborta oblig\u0101ti piedal\u012bties konsult\u0101cij\u0101s\" class=\"headline__image img-fluid w-100\"\/><\/a><\/p>\n<p>Vald\u012bbu veidojo\u0161\u0101s koal\u012bcijas partijas vienoju\u0161\u0101s, ka priek\u0161likums groz\u012bjumiem Seksu\u0101l\u0101s un reprodukt\u012bv\u0101s vesel\u012bbas likum\u0101, kas paredz ties\u012bbu uz abortu ierobe\u017eo\u0161anu, netiks atbalst\u012bts.<\/p>\n<p>Pret \u0161\u0101diem groz\u012bjumiem iest\u0101jusies ar\u012b ties\u012bbsardze.<\/p>\n<p>Savuk\u0101rt vesel\u012bbas ministrs <a rel=\"noopener nofollow\" target=\"_blank\" href=\"https:\/\/www.delfi.lv\/temas\/47768313\/hosams-abu-meri\" tag-id=\"47768313\">Hosams Abu Meri<\/a> (JV) nor\u0101d\u012bjis, ka sievietes autonomija, priv\u0101tums un ties\u012bbas uz piek\u013cuvi vesel\u012bbas apr\u016bpei ir pamatprincipi, kurus nedr\u012bkst ierobe\u017eot ar piespiedu meh\u0101nismiem vai papildu \u0161\u0137\u0113r\u0161\u013ciem.<\/p>\n<p>Lasiet ar\u012b<\/p>\n<p><a href=\"https:\/\/www.delfi.lv\/193\/politics\/120091938\/prasiba-piedalities-aborta-konsultacija-kopa-ar-berna-tevu-var-traumet-vardarbiba-cietusas-uzskata-abu-meri\" class=\"headline__image-link\" itemprop=\"url\" rel=\"nofollow noopener\" target=\"_blank\"><img decoding=\"async\" loading=\"lazy\" itemprop=\"image\" src=\"https:\/\/www.europesays.com\/lv\/wp-content\/uploads\/2025\/10\/ae0feafd-5f00-4927-b46c-7c160315a1d4.jpg\" alt=\"Pras\u012bba piedal\u012bties aborta konsult\u0101cij\u0101 kop\u0101 ar b\u0113rna t\u0113vu var traum\u0113t vardarb\u012bb\u0101 cietu\u0161\u0101s, uzskata Abu Meri\" title=\"Pras\u012bba piedal\u012bties aborta konsult\u0101cij\u0101 kop\u0101 ar b\u0113rna t\u0113vu var traum\u0113t vardarb\u012bb\u0101 cietu\u0161\u0101s, uzskata Abu Meri\" class=\"headline__image img-fluid w-100\"\/><\/a><a href=\"https:\/\/www.delfi.lv\/life\/56017206\/veseliba\/120091892\/tiesibsardze-obligatas-konsultacijas-pirms-aborta-ir-solis-atpakal-sievietes-pamattiesibu-aizsardziba\" class=\"headline__image-link\" itemprop=\"url\" rel=\"nofollow noopener\" target=\"_blank\"><img decoding=\"async\" loading=\"lazy\" itemprop=\"image\" src=\"https:\/\/www.europesays.com\/lv\/wp-content\/uploads\/2025\/10\/6cb2814a-e3e7-4d62-94b3-98f91f37dfa3.jpg\" alt=\"Ties\u012bbsardze: oblig\u0101t\u0101s konsult\u0101cijas pirms aborta ir solis atpaka\u013c sievietes pamatties\u012bbu aizsardz\u012bb\u0101\" title=\"Ties\u012bbsardze: oblig\u0101t\u0101s konsult\u0101cijas pirms aborta ir solis atpaka\u013c sievietes pamatties\u012bbu aizsardz\u012bb\u0101\" class=\"headline__image img-fluid w-100\"\/><\/a><\/p>\n<p class=\"m-0\">Seko &#8220;Delfi&#8221; ar\u012b  <a target=\"_blank\" href=\"https:\/\/www.instagram.com\/delfi.lv\/\" rel=\"nofollow noopener\">Instagram<\/a>  un <a target=\"_blank\" href=\"https:\/\/www.youtube.com\/channel\/UCw5foWtcJvAbUm64rv7jwUQ\" rel=\"nofollow noopener\">YouTube<\/a>  profil\u0101 \u2013 pievienojies, lai uzzin\u0101tu svar\u012bg\u0101ko un interesant\u0101ko pirmais!<\/p>\n<p>Publik\u0101cijas saturs vai t\u0101s jebk\u0101da apjoma da\u013ca ir aizsarg\u0101ts autorties\u012bbu objekts Autorties\u012bbu likuma izpratn\u0113, un t\u0101 izmanto\u0161ana bez izdev\u0113ja at\u013caujas ir aizliegta. Vair\u0101k lasi  <a target=\"_blank\" href=\"https:\/\/www.delfi.lv\/noteikumi#autortiesibas\" rel=\"nofollow noopener\">\u0161eit<\/a><script async src=\"\/\/www.instagram.com\/embed.js\"><\/script><\/p>\n","protected":false},"excerpt":{"rendered":"Iecere ierakst\u012bt likum\u0101 nepier\u0101d\u0101mu pie\u0146\u0113mumu, ka cilv\u0113ka dz\u012bv\u012bba s\u0101kas ar apaug\u013co\u0161an\u0101s br\u012bdi, un ieviest nepamatotas ierobe\u017eojo\u0161as konsult\u0101cijas pirms&hellip;\n","protected":false},"author":2,"featured_media":27079,"comment_status":"","ping_status":"","sticky":false,"template":"","format":"standard","meta":{"footnotes":""},"categories":[12],"tags":[23,28,29,32,33,22,256,8397,8398,30,31,35,39,38,36,37,34,40,20,26,27,8399,141,24,25,1454,21],"class_list":{"0":"post-27078","1":"post","2":"type-post","3":"status-publish","4":"format-standard","5":"has-post-thumbnail","7":"category-latvija","8":"tag-aktualitates","9":"tag-breaking-news","10":"tag-breakingnews","11":"tag-featured-news","12":"tag-featurednews","13":"tag-headlines","14":"tag-hosams-abu-meri","15":"tag-janis-grasbergs","16":"tag-jurgis-klotins","17":"tag-latest-news","18":"tag-latestnews","19":"tag-latvia","20":"tag-latvian","21":"tag-latviesu","22":"tag-latviesu-valoda","23":"tag-latviesuvaloda","24":"tag-latvija","25":"tag-lv","26":"tag-news","27":"tag-popularakas-zinas","28":"tag-popularakaszinas","29":"tag-ramona-petravica","30":"tag-saeima","31":"tag-top-stories","32":"tag-topstories","33":"tag-veselibas-ministrija","34":"tag-zinas"},"share_on_mastodon":{"url":"","error":""},"_links":{"self":[{"href":"https:\/\/www.europesays.com\/lv\/wp-json\/wp\/v2\/posts\/27078","targetHints":{"allow":["GET"]}}],"collection":[{"href":"https:\/\/www.europesays.com\/lv\/wp-json\/wp\/v2\/posts"}],"about":[{"href":"https:\/\/www.europesays.com\/lv\/wp-json\/wp\/v2\/types\/post"}],"author":[{"embeddable":true,"href":"https:\/\/www.europesays.com\/lv\/wp-json\/wp\/v2\/users\/2"}],"replies":[{"embeddable":true,"href":"https:\/\/www.europesays.com\/lv\/wp-json\/wp\/v2\/comments?post=27078"}],"version-history":[{"count":0,"href":"https:\/\/www.europesays.com\/lv\/wp-json\/wp\/v2\/posts\/27078\/revisions"}],"wp:featuredmedia":[{"embeddable":true,"href":"https:\/\/www.europesays.com\/lv\/wp-json\/wp\/v2\/media\/27079"}],"wp:attachment":[{"href":"https:\/\/www.europesays.com\/lv\/wp-json\/wp\/v2\/media?parent=27078"}],"wp:term":[{"taxonomy":"category","embeddable":true,"href":"https:\/\/www.europesays.com\/lv\/wp-json\/wp\/v2\/categories?post=27078"},{"taxonomy":"post_tag","embeddable":true,"href":"https:\/\/www.europesays.com\/lv\/wp-json\/wp\/v2\/tags?post=27078"}],"curies":[{"name":"wp","href":"https:\/\/api.w.org\/{rel}","templated":true}]}}