{"id":27090,"date":"2025-10-21T09:51:07","date_gmt":"2025-10-21T09:51:07","guid":{"rendered":"https:\/\/www.europesays.com\/lv\/27090\/"},"modified":"2025-10-21T09:51:07","modified_gmt":"2025-10-21T09:51:07","slug":"riga-notiks-udensvadu-profilaktiska-dezinficesana","status":"publish","type":"post","link":"https:\/\/www.europesays.com\/lv\/27090\/","title":{"rendered":"R\u012bg\u0101 notiks \u016bdensvadu profilaktisk\u0101 dezinfic\u0113\u0161ana"},"content":{"rendered":"<p>Lai gan \u016bdensvadu dezinfic\u0113\u0161ana vesel\u012bbai draudus nerada, t\u0101s laik\u0101 un ar\u012b 24 stundas p\u0113c t\u0101s uztur\u0101 ieteicams lietot v\u0101r\u012btu \u016bdeni \u2013 t\u0101tad no 27. oktobra l\u012bdz 31. oktobrim. Saimnieciskiem darbiem \u016bdeni var dro\u0161i lietot ar\u012b bez nov\u0101r\u012b\u0161anas. M\u0101jdz\u012bvniekiem, putniem, dekorat\u012bvaj\u0101m zivti\u0146\u0101m u.c. paredz\u0113to \u016bdeni pirms do\u0161anas lieto\u0161anai ieteicams nost\u0101din\u0101t, t\u0101pat nepiecie\u0161ams r\u012bkoties ar\u012b telpaugu laist\u012b\u0161anas gad\u012bjumos.<\/p>\n<p>\u016adensvadu dezinfic\u0113\u0161anas laik\u0101 kr\u0101na <a href=\"https:\/\/www.tvnet.lv\/term\/563845\/udens\" class=\"topicLink\" target=\"_blank\" rel=\"nofollow noopener\">\u016bdens<\/a> ieg\u016bst nepat\u012bkamu arom\u0101tu, un tam var b\u016bt ar\u012b neliela hlora piegar\u0161a, ta\u010du \u0161\u012b viela dezinfekcijas nol\u016bkos izmantojamajos daudzumos nav vesel\u012bbai kait\u012bga vai b\u012bstama. \u201cR\u012bgas \u016bdens\u201d speci\u0101listi situ\u0101ciju nep\u0101rtraukti monitor\u0113s, r\u016bp\u012bgi sekojot hlora koncentr\u0101cijai \u016bden\u012b.<\/p>\n<p>\u016adensvada t\u012bklu dezinfic\u0113\u0161ana profilaktiskos nol\u016bkos v\u0113lama divreiz gad\u0101, bet ne ret\u0101k k\u0101 reizi divos gados \u2013 gan p\u0113c m\u016bsu ekspertu, gan p\u0113c Pasaules vesel\u012bbas organiz\u0101cijas ekspertu atzinumiem, t\u0101 ir priorit\u0101ra un nepiecie\u0161ama dzeram\u0101 \u016bdens apstr\u0101de t\u0101 nemain\u012bgi augstas kvalit\u0101tes nodro\u0161in\u0101\u0161anai.<\/p>\n","protected":false},"excerpt":{"rendered":"Lai gan \u016bdensvadu dezinfic\u0113\u0161ana vesel\u012bbai draudus nerada, t\u0101s laik\u0101 un ar\u012b 24 stundas p\u0113c t\u0101s uztur\u0101 ieteicams lietot&hellip;\n","protected":false},"author":2,"featured_media":27091,"comment_status":"","ping_status":"","sticky":false,"template":"","format":"standard","meta":{"footnotes":""},"categories":[12],"tags":[23,28,29,32,33,22,30,31,35,39,38,36,37,34,40,20,26,27,172,7339,24,25,6309,8401,21],"class_list":{"0":"post-27090","1":"post","2":"type-post","3":"status-publish","4":"format-standard","5":"has-post-thumbnail","7":"category-latvija","8":"tag-aktualitates","9":"tag-breaking-news","10":"tag-breakingnews","11":"tag-featured-news","12":"tag-featurednews","13":"tag-headlines","14":"tag-latest-news","15":"tag-latestnews","16":"tag-latvia","17":"tag-latvian","18":"tag-latviesu","19":"tag-latviesu-valoda","20":"tag-latviesuvaloda","21":"tag-latvija","22":"tag-lv","23":"tag-news","24":"tag-popularakas-zinas","25":"tag-popularakaszinas","26":"tag-riga","27":"tag-rigas-udens","28":"tag-top-stories","29":"tag-topstories","30":"tag-udens","31":"tag-udensvadu-hloresana","32":"tag-zinas"},"share_on_mastodon":{"url":"","error":""},"_links":{"self":[{"href":"https:\/\/www.europesays.com\/lv\/wp-json\/wp\/v2\/posts\/27090","targetHints":{"allow":["GET"]}}],"collection":[{"href":"https:\/\/www.europesays.com\/lv\/wp-json\/wp\/v2\/posts"}],"about":[{"href":"https:\/\/www.europesays.com\/lv\/wp-json\/wp\/v2\/types\/post"}],"author":[{"embeddable":true,"href":"https:\/\/www.europesays.com\/lv\/wp-json\/wp\/v2\/users\/2"}],"replies":[{"embeddable":true,"href":"https:\/\/www.europesays.com\/lv\/wp-json\/wp\/v2\/comments?post=27090"}],"version-history":[{"count":0,"href":"https:\/\/www.europesays.com\/lv\/wp-json\/wp\/v2\/posts\/27090\/revisions"}],"wp:featuredmedia":[{"embeddable":true,"href":"https:\/\/www.europesays.com\/lv\/wp-json\/wp\/v2\/media\/27091"}],"wp:attachment":[{"href":"https:\/\/www.europesays.com\/lv\/wp-json\/wp\/v2\/media?parent=27090"}],"wp:term":[{"taxonomy":"category","embeddable":true,"href":"https:\/\/www.europesays.com\/lv\/wp-json\/wp\/v2\/categories?post=27090"},{"taxonomy":"post_tag","embeddable":true,"href":"https:\/\/www.europesays.com\/lv\/wp-json\/wp\/v2\/tags?post=27090"}],"curies":[{"name":"wp","href":"https:\/\/api.w.org\/{rel}","templated":true}]}}