{"id":27108,"date":"2025-10-21T10:10:08","date_gmt":"2025-10-21T10:10:08","guid":{"rendered":"https:\/\/www.europesays.com\/lv\/27108\/"},"modified":"2025-10-21T10:10:08","modified_gmt":"2025-10-21T10:10:08","slug":"trampa-un-putina-tiksanas-budapesta-var-nenotikt-medijs-skaidro-kapec","status":"publish","type":"post","link":"https:\/\/www.europesays.com\/lv\/27108\/","title":{"rendered":"Trampa un Putina tik\u0161an\u0101s Budape\u0161t\u0101 var nenotikt. Medijs skaidro, k\u0101p\u0113c"},"content":{"rendered":"<p>Medijs nor\u0101da, ka ar\u012b l\u012bderu <a href=\"https:\/\/www.apollo.lv\/term\/658870\/tiksanas\" class=\"topicLink\" target=\"_blank\" rel=\"nofollow noopener\">tik\u0161an\u0101s<\/a> var\u0113tu b\u016bt apdraud\u0113ta. K\u0101 CNN sac\u012bja Balt\u0101 nama p\u0101rst\u0101vis, Rubio un Lavrova tik\u0161an\u0101s pagaid\u0101m nenotiks, jo vi\u0146iem esot \u201cat\u0161\u0137ir\u012bgas gaidas attiec\u012bb\u0101 uz iesp\u0113jamu Krievijas iebrukuma izbeig\u0161anu Ukrain\u0101\u201d.<\/p>\n<p>Zin\u0101ms, ka Rubio un Lavrovs pirmdien, 20. oktobr\u012b, telefonsarun\u0101 apsprieda turpm\u0101kos so\u013cus, kas var\u0113tu novest pie kara izbeig\u0161anas Ukrain\u0101. P\u0113c CNN avotu teikt\u0101, p\u0113c sarunas amatpersonas secin\u0101ju\u0161as, ka \u201cKrievijas poz\u012bcija b\u016btiski nav main\u012bjusies un joproj\u0101m ir maksim\u0101li stingra\u201d.<\/p>\n<p>P\u0113c medija teikt\u0101, \u0161obr\u012bd maz ticams, ka Rubio ieteiks r\u012bkot Putina un Trampa tik\u0161anos n\u0101kamned\u0113\u013c, ta\u010du vi\u0146\u0161 \u0161oned\u0113\u013c v\u0113l var\u0113tu atk\u0101rtoti sazin\u0101ties ar Lavrovu.<\/p>\n<p>K\u0101 iepriek\u0161 zi\u0146oja UNIAN, 16. oktobr\u012b Tramps un Putins run\u0101ja pa telefonu un vienoj\u0101s atkal tikties Budape\u0161t\u0101, lai, k\u0101 skaidroja ASV prezidents, \u201cm\u0113\u0123in\u0101tu pielikt punktu \u0161im kaunpilnajam karam starp Krieviju un Ukrainu\u201d.<\/p>\n<p>&#8220;Reuters&#8221; rakst\u012bja, ka Rubio un Lavrova tik\u0161an\u0101s var\u0113tu notikt jau ceturtdien, 23. oktobr\u012b. ASV un Krievijas amatperson\u0101m bija paredz\u0113ts sagatavot l\u012bderu samitu.<\/p>\n<p>Tikm\u0113r Ukrainas Augst\u0101k\u0101s Radas deput\u0101ts, \u0100rpolitikas un starpparlament\u0101r\u0101s sadarb\u012bbas komitejas priek\u0161s\u0113d\u0113t\u0101js Oleksandrs Mere\u017eko pauda \u0161aubas, vai Trampa un Putina samits visp\u0101r notiks. \u201cDom\u0101ju, ka \u0161obr\u012bd izredzes ir 50 pret 50,\u201d vi\u0146\u0161 sac\u012bja. P\u0113c deput\u0101ta dom\u0101m, Putins var\u0113tu baid\u012bties lidot uz Ung\u0101riju Eiropas gaisa telpas d\u0113\u013c.<\/p>\n","protected":false},"excerpt":{"rendered":"Medijs nor\u0101da, ka ar\u012b l\u012bderu tik\u0161an\u0101s var\u0113tu b\u016bt apdraud\u0113ta. K\u0101 CNN sac\u012bja Balt\u0101 nama p\u0101rst\u0101vis, Rubio un Lavrova&hellip;\n","protected":false},"author":2,"featured_media":25430,"comment_status":"","ping_status":"","sticky":false,"template":"","format":"standard","meta":{"footnotes":""},"categories":[5],"tags":[23,28,29,8403,32,33,22,74,30,31,35,39,38,36,37,34,40,20,26,27,8404,24,25,21],"class_list":{"0":"post-27108","1":"post","2":"type-post","3":"status-publish","4":"format-standard","5":"has-post-thumbnail","7":"category-aktualitates","8":"tag-aktualitates","9":"tag-breaking-news","10":"tag-breakingnews","11":"tag-budapesta","12":"tag-featured-news","13":"tag-featurednews","14":"tag-headlines","15":"tag-krievijas-iebrukums-ukraina","16":"tag-latest-news","17":"tag-latestnews","18":"tag-latvia","19":"tag-latvian","20":"tag-latviesu","21":"tag-latviesu-valoda","22":"tag-latviesuvaloda","23":"tag-latvija","24":"tag-lv","25":"tag-news","26":"tag-popularakas-zinas","27":"tag-popularakaszinas","28":"tag-tiksanas","29":"tag-top-stories","30":"tag-topstories","31":"tag-zinas"},"share_on_mastodon":{"url":"","error":""},"_links":{"self":[{"href":"https:\/\/www.europesays.com\/lv\/wp-json\/wp\/v2\/posts\/27108","targetHints":{"allow":["GET"]}}],"collection":[{"href":"https:\/\/www.europesays.com\/lv\/wp-json\/wp\/v2\/posts"}],"about":[{"href":"https:\/\/www.europesays.com\/lv\/wp-json\/wp\/v2\/types\/post"}],"author":[{"embeddable":true,"href":"https:\/\/www.europesays.com\/lv\/wp-json\/wp\/v2\/users\/2"}],"replies":[{"embeddable":true,"href":"https:\/\/www.europesays.com\/lv\/wp-json\/wp\/v2\/comments?post=27108"}],"version-history":[{"count":0,"href":"https:\/\/www.europesays.com\/lv\/wp-json\/wp\/v2\/posts\/27108\/revisions"}],"wp:featuredmedia":[{"embeddable":true,"href":"https:\/\/www.europesays.com\/lv\/wp-json\/wp\/v2\/media\/25430"}],"wp:attachment":[{"href":"https:\/\/www.europesays.com\/lv\/wp-json\/wp\/v2\/media?parent=27108"}],"wp:term":[{"taxonomy":"category","embeddable":true,"href":"https:\/\/www.europesays.com\/lv\/wp-json\/wp\/v2\/categories?post=27108"},{"taxonomy":"post_tag","embeddable":true,"href":"https:\/\/www.europesays.com\/lv\/wp-json\/wp\/v2\/tags?post=27108"}],"curies":[{"name":"wp","href":"https:\/\/api.w.org\/{rel}","templated":true}]}}