{"id":27121,"date":"2025-10-21T10:23:12","date_gmt":"2025-10-21T10:23:12","guid":{"rendered":"https:\/\/www.europesays.com\/lv\/27121\/"},"modified":"2025-10-21T10:23:12","modified_gmt":"2025-10-21T10:23:12","slug":"pie-lnso-pults-atgriezisies-francu-dirigents-ziljens-masmonde","status":"publish","type":"post","link":"https:\/\/www.europesays.com\/lv\/27121\/","title":{"rendered":"Pie LNSO pults atgriez\u012bsies fran\u010du diri\u0123ents \u017dilj\u0113ns Masmond\u0113"},"content":{"rendered":"<p>Piektdien, 31. oktobr\u012b, pulsten 19 R\u012bgas Kongresu nam\u0101 <a rel=\"noopener nofollow\" target=\"_blank\" href=\"https:\/\/www.delfi.lv\/temas\/41943214\/latvijas-nacionalais-simfoniskais-orkestris\" tag-id=\"41943214\">Latvijas Nacion\u0101lais simfoniskais or\u0137estris<\/a> (LNSO) aicina uz koncertu &#8220;LNSO, Gl\u0101ss un Bartoks&#8221;, kur\u0101 vienuviet satiksies 20. gadsimta un m\u016bsdienu simfonisk\u0101s m\u016bzikas meistardarbi LNSO un diri\u0123enta \u017dilj\u0113na Masmond\u0113 (Julien Masmondet) las\u012bjum\u0101.<\/p>\n<p>K\u0101 v\u0113sta LNSO p\u0101rst\u0101ve L\u0101sma Goba, programm\u0101 iek\u013cauta B\u0113las Bartoka baletsv\u012bta &#8220;Br\u012bni\u0161\u0137\u012bgais mandar\u012bns&#8221;, m\u016bsdienu fran\u010du komponistes Kamillas Pep\u0113nas opuss &#8220;Inlandsis&#8221;, k\u0101 ar\u012b Filipa Gl\u0101sa Koncerts vijolei, \u010dellam un or\u0137estrim, kura atska\u0146ojum\u0101 solistu lom\u0101s iejut\u012bsies starptautisku nov\u0113rt\u0113jumu guvu\u0161ie latvie\u0161u m\u016bzi\u0137i El\u012bna Buk\u0161a un Kristaps Bergs.<\/p>\n<p>Fran\u010du komponistes Kamillas Pep\u0113nas ska\u0146darbs &#8220;Inlandsis&#8221; ir pirm\u0101 da\u013ca no ska\u0146darbu cikla &#8220;Klimatisk\u0101 trilo\u0123ija&#8221;, ko autore rad\u012bjusi p\u0113d\u0113jo gadu laik\u0101. Taj\u0101 m\u0101ksliniece piev\u0113r\u0161as cilv\u0113ka un dabas attiec\u012bb\u0101m. Pep\u0113nas opuss Latvij\u0101 skan\u0113s pirmo reizi, un autore savu &#8220;Indlansis&#8221; raksturojusi k\u0101 &#8220;ledainu or\u0137estra fresku&#8221;. Ska\u0146darbs tapis p\u0113c Francijas Radio pas\u016bt\u012bjuma 2023. gad\u0101, un Francijas Radio filharmoniskais or\u0137estris to pirmatska\u0146oja diri\u0123enta Miko Franka vad\u012bb\u0101.<\/p>\n<p>Koncerta centr\u0101l\u0101 ass b\u016bs amerik\u0101\u0146u komponista Filipa Gl\u0101sa Koncerts vijolei, \u010dellam un or\u0137estrim, kas ir viens no vi\u0146a zin\u0101m\u0101kajiem darbiem un ori\u0123in\u0101li tapis k\u0101 m\u016bzika baleta izr\u0101dei &#8220;Gulbja dziesma&#8221;. Tas ir neparasts opuss, kur\u0101 Gl\u0101ss atsak\u0101s no tradicion\u0101l\u0101 solista un or\u0137estra pretstata, kas rakstur\u012bgs koncerta \u017eanram, tom\u0113r abi solo instrumenti \u2013 vijole un \u010dells \u2013 ar\u012b \u0161eit atspogu\u013co izteiksm\u012bgus galvenos t\u0113lus. Dubultkoncerta atska\u0146ojum\u0101 31. oktobr\u012b b\u016bs iesp\u0113jams baud\u012bt vijolnieces El\u012bnas Buk\u0161as un \u010dellista Kristapa Berga solo.<\/p>\n<p>Koncerta izska\u0146\u0101 var\u0113s klaus\u012bties B\u0113las Bartoka darbu &#8220;Br\u012bni\u0161\u0137\u012bgais mandar\u012bns&#8221; \u2013 kr\u0101\u0161\u0146u partit\u016bru baletpantom\u012bmai, kuras skandalozais si\u017eets savulaik pamat\u012bgi satricin\u0101jis publiku. \u0160is opuss uzskat\u0101ms par vienu no 20. gadsimta instrument\u0101l\u0101s m\u016bzikas virsotn\u0113m, kas Latvijas koncertz\u0101l\u0113s skan reti, un t\u0101 atska\u0146ojums b\u016bs \u012bpa\u0161s notikums or\u0137estra 100. sezon\u0101.<\/p>\n<p>31. oktobr\u012b ar LNSO uz vienas skatuves atkal satiksies diri\u0123ents \u017dilj\u0113ns Masmond\u0113, kur\u0161 p\u0101rst\u0101v fran\u010du diri\u0123entu kopienu ar pla\u0161u starptautisku koncertdarb\u012bbu. Viens no vi\u0146a skolot\u0101jiem, diri\u0123ents P\u0101vo Jervi, raksturojis \u017dilj\u0113nu Masmond\u0113 k\u0101 uzc\u012bt\u012bgu m\u0101kslinieku ar lielisku intelektu un izteiksm\u012bgu muzikalit\u0101ti. Tr\u012bs sezonas \u017dilj\u0113ns Masmond\u0113 str\u0101d\u0101jis k\u0101 P\u0101vo Jervi asistents Orchestre de Paris, kas k\u013cuva par noz\u012bm\u012bgu pamatu vi\u0146a profesion\u0101lajai izaugsmei. K\u0101 viesdiri\u0123ents \u017dilj\u0113ns Masmond\u0113 sadarbojies ar daudziem Eiropas vado\u0161ajiem or\u0137estriem, tostarp Tul\u016bzas Nacion\u0101lo Kapitolija or\u0137estri, Lilles Nacion\u0101lo or\u0137estri, Bordo\u2013Akvit\u0101nijas Nacion\u0101lo or\u0137estri, Igaunijas Nacion\u0101lo simfonisko or\u0137estri un Lozannas kameror\u0137estri. 2012. gad\u0101 Par\u012bzes or\u0137estris vi\u0146u izv\u0113l\u0113j\u0101s par &#8220;Radio Classique&#8221; festiv\u0101la diri\u0123entu. Diri\u0123ents vair\u0101kas reizes ir st\u0101jies ar\u012b pie LNSO pults, un pirmo reizi tas notika teju pirms desmit gadiem \u2013 2016. gad\u0101 \u2013, kad diri\u0123ents uz vienas skatuves tik\u0101s ar izcilo latvie\u0161u akordionisti Kseniju Sidorovu koncertz\u0101l\u0113 &#8220;C\u0113sis&#8221;.<\/p>\n<p>Bi\u013cetes uz visiem LNSO koncertiem pieejamas &#8220;Bi\u013ce\u0161u parad\u012bzes&#8221; kas\u0113s un <a rel=\"noopener nofollow\" target=\"_blank\" href=\"https:\/\/www.bilesuparadize.lv\/lv\/search?keywords=lnso\" data-rel-date-range=\"[]\">internet\u0101.<\/a><\/p>\n<p class=\"m-0\">Seko &#8220;Delfi&#8221; ar\u012b  <a target=\"_blank\" href=\"https:\/\/www.instagram.com\/delfi.lv\/\" rel=\"nofollow noopener\">Instagram<\/a>  un <a target=\"_blank\" href=\"https:\/\/www.youtube.com\/channel\/UCw5foWtcJvAbUm64rv7jwUQ\" rel=\"nofollow noopener\">YouTube<\/a>  profil\u0101 \u2013 pievienojies, lai uzzin\u0101tu svar\u012bg\u0101ko un interesant\u0101ko pirmais!<\/p>\n<p>Publik\u0101cijas saturs vai t\u0101s jebk\u0101da apjoma da\u013ca ir aizsarg\u0101ts autorties\u012bbu objekts Autorties\u012bbu likuma izpratn\u0113, un t\u0101 izmanto\u0161ana bez izdev\u0113ja at\u013caujas ir aizliegta. Vair\u0101k lasi  <a target=\"_blank\" href=\"https:\/\/www.delfi.lv\/noteikumi#autortiesibas\" rel=\"nofollow noopener\">\u0161eit<\/a><script async src=\"\/\/www.instagram.com\/embed.js\"><\/script><\/p>\n","protected":false},"excerpt":{"rendered":"Piektdien, 31. oktobr\u012b, pulsten 19 R\u012bgas Kongresu nam\u0101 Latvijas Nacion\u0101lais simfoniskais or\u0137estris (LNSO) aicina uz koncertu &#8220;LNSO, Gl\u0101ss&hellip;\n","protected":false},"author":2,"featured_media":27122,"comment_status":"","ping_status":"","sticky":false,"template":"","format":"standard","meta":{"footnotes":""},"categories":[19],"tags":[89,90,8405,35,39,38,36,37,34,2923,40],"class_list":{"0":"post-27121","1":"post","2":"type-post","3":"status-publish","4":"format-standard","5":"has-post-thumbnail","7":"category-izklaide","8":"tag-entertainment","9":"tag-izklaide","10":"tag-kongresu-nams","11":"tag-latvia","12":"tag-latvian","13":"tag-latviesu","14":"tag-latviesu-valoda","15":"tag-latviesuvaloda","16":"tag-latvija","17":"tag-latvijas-nacionalais-simfoniskais-orkestris","18":"tag-lv"},"share_on_mastodon":{"url":"","error":""},"_links":{"self":[{"href":"https:\/\/www.europesays.com\/lv\/wp-json\/wp\/v2\/posts\/27121","targetHints":{"allow":["GET"]}}],"collection":[{"href":"https:\/\/www.europesays.com\/lv\/wp-json\/wp\/v2\/posts"}],"about":[{"href":"https:\/\/www.europesays.com\/lv\/wp-json\/wp\/v2\/types\/post"}],"author":[{"embeddable":true,"href":"https:\/\/www.europesays.com\/lv\/wp-json\/wp\/v2\/users\/2"}],"replies":[{"embeddable":true,"href":"https:\/\/www.europesays.com\/lv\/wp-json\/wp\/v2\/comments?post=27121"}],"version-history":[{"count":0,"href":"https:\/\/www.europesays.com\/lv\/wp-json\/wp\/v2\/posts\/27121\/revisions"}],"wp:featuredmedia":[{"embeddable":true,"href":"https:\/\/www.europesays.com\/lv\/wp-json\/wp\/v2\/media\/27122"}],"wp:attachment":[{"href":"https:\/\/www.europesays.com\/lv\/wp-json\/wp\/v2\/media?parent=27121"}],"wp:term":[{"taxonomy":"category","embeddable":true,"href":"https:\/\/www.europesays.com\/lv\/wp-json\/wp\/v2\/categories?post=27121"},{"taxonomy":"post_tag","embeddable":true,"href":"https:\/\/www.europesays.com\/lv\/wp-json\/wp\/v2\/tags?post=27121"}],"curies":[{"name":"wp","href":"https:\/\/api.w.org\/{rel}","templated":true}]}}