{"id":271256,"date":"2026-08-17T12:05:22","date_gmt":"2026-08-17T12:05:22","guid":{"rendered":"https:\/\/www.europesays.com\/lv\/271256\/"},"modified":"2026-08-17T12:05:22","modified_gmt":"2026-08-17T12:05:22","slug":"bokseris-zutis-attaisnots-lieta-par-jauniesa-piekausanu","status":"publish","type":"post","link":"https:\/\/www.europesays.com\/lv\/271256\/","title":{"rendered":"Bokseris Zutis attaisnots liet\u0101 par jaunie\u0161a piekau\u0161anu"},"content":{"rendered":"<p><a href=\"https:\/\/www.tvnet.lv\/term\/565583\/tiesa\" class=\"topicLink\" target=\"_blank\" rel=\"nofollow noopener\">Tiesa<\/a> l\u0113ma cietu\u0161\u0101 pieteikto kait\u0113juma kompens\u0101ciju par mor\u0101lo aizsk\u0101rumu un mantisko zaud\u0113jumu atst\u0101t bez izskat\u012b\u0161anas.<\/p>\n<p>Zutis a\u0123ent\u016brai LETA nor\u0101d\u012bja, ka tiesas l\u0113mumu uztv\u0113ris \u013coti pozit\u012bvi un \u0161\u0101du izn\u0101kumu bija gaid\u012bjis. Vi\u0146apr\u0101t, tiesa konstat\u0113ja, ka liet\u0101 nebija pier\u0101d\u012bjumu, kas apliecin\u0101tu vi\u0146a vainu.<\/p>\n<p>Zutis skaidroja, ka tiesas debat\u0113s vi\u0146a advok\u0101ts uzsv\u0113ris pier\u0101d\u012bjumu tr\u016bkumu, tostarp to, ka nebija liecinieku, kuri b\u016btu redz\u0113ju\u0161i, ka tie\u0161i Zutis piek\u0101vis jaunieti.<\/p>\n<p>Zutis nor\u0101d\u012bja, ka tiesved\u012bba vi\u0146am bija rad\u012bjusi ar\u012b praktiskus ierobe\u017eojumus, tostarp liedzot iest\u0101ties Zemessardz\u0113 p\u0113c kara s\u0101kuma Ukrain\u0101 un doties uz \u0101rzem\u0113m, lai piedal\u012btos boksa c\u012b\u0146\u0101s.<\/p>\n<p>Lietas dal\u012bbnieki desmit dienu laik\u0101 no sa\u012bsin\u0101t\u0101 sprieduma pasludin\u0101\u0161anas dienas var rakstveid\u0101 iesniegt tiesai l\u016bgumu par pilna sprieduma sagatavo\u0161anu. P\u0113c pilna sprieduma pieejam\u012bbas dienas, dal\u012bbnieki var\u0113s to p\u0101rs\u016bdz\u0113t.<\/p>\n<p>Jau zi\u0146ots, ka aps\u016bdz\u012bba liecina, ka Zutis 2021. gada 20. mart\u0101 ierad\u0101s k\u0101d\u0101 Jelgavas dz\u012bvokl\u012b un ne maz\u0101k k\u0101 \u010detras reizes iesita jaunietim pa galvu un seju.<\/p>\n<p>Zutis aps\u016bdz\u0113ts p\u0113c Krimin\u0101llikuma 130. panta otr\u0101s da\u013cas &#8211; par t\u012b\u0161u vieglu miesas boj\u0101jumu nodar\u012b\u0161anu. Par \u0161\u0101du nodar\u012bjumu soda ar br\u012bv\u012bbas at\u0146em\u0161anu uz laiku l\u012bdz vienam gadam vai ar \u012bslaic\u012bgu br\u012bv\u012bbas at\u0146em\u0161anu, vai prob\u0101cijas uzraudz\u012bbu, vai sabiedrisko darbu, vai naudas sodu.<\/p>\n","protected":false},"excerpt":{"rendered":"Tiesa l\u0113ma cietu\u0161\u0101 pieteikto kait\u0113juma kompens\u0101ciju par mor\u0101lo aizsk\u0101rumu un mantisko zaud\u0113jumu atst\u0101t bez izskat\u012b\u0161anas. Zutis a\u0123ent\u016brai LETA&hellip;\n","protected":false},"author":2,"featured_media":271257,"comment_status":"","ping_status":"","sticky":false,"template":"","format":"standard","meta":{"footnotes":"","_share_on_mastodon":"0"},"categories":[5],"tags":[23,28,29,32,33,22,6656,30,31,35,39,38,36,37,34,40,20,26,27,375,24,25,21],"class_list":["post-271256","post","type-post","status-publish","format-standard","has-post-thumbnail","category-aktualitates","tag-aktualitates","tag-breaking-news","tag-breakingnews","tag-featured-news","tag-featurednews","tag-headlines","tag-kristaps-zutis","tag-latest-news","tag-latestnews","tag-latvia","tag-latvian","tag-latviesu","tag-latviesu-valoda","tag-latviesuvaloda","tag-latvija","tag-lv","tag-news","tag-popularakas-zinas","tag-popularakaszinas","tag-tiesa","tag-top-stories","tag-topstories","tag-zinas"],"share_on_mastodon":{"url":"https:\/\/pubeurope.com\/@lv\/117110762746176993","error":""},"_links":{"self":[{"href":"https:\/\/www.europesays.com\/lv\/wp-json\/wp\/v2\/posts\/271256","targetHints":{"allow":["GET"]}}],"collection":[{"href":"https:\/\/www.europesays.com\/lv\/wp-json\/wp\/v2\/posts"}],"about":[{"href":"https:\/\/www.europesays.com\/lv\/wp-json\/wp\/v2\/types\/post"}],"author":[{"embeddable":true,"href":"https:\/\/www.europesays.com\/lv\/wp-json\/wp\/v2\/users\/2"}],"replies":[{"embeddable":true,"href":"https:\/\/www.europesays.com\/lv\/wp-json\/wp\/v2\/comments?post=271256"}],"version-history":[{"count":0,"href":"https:\/\/www.europesays.com\/lv\/wp-json\/wp\/v2\/posts\/271256\/revisions"}],"wp:featuredmedia":[{"embeddable":true,"href":"https:\/\/www.europesays.com\/lv\/wp-json\/wp\/v2\/media\/271257"}],"wp:attachment":[{"href":"https:\/\/www.europesays.com\/lv\/wp-json\/wp\/v2\/media?parent=271256"}],"wp:term":[{"taxonomy":"category","embeddable":true,"href":"https:\/\/www.europesays.com\/lv\/wp-json\/wp\/v2\/categories?post=271256"},{"taxonomy":"post_tag","embeddable":true,"href":"https:\/\/www.europesays.com\/lv\/wp-json\/wp\/v2\/tags?post=271256"}],"curies":[{"name":"wp","href":"https:\/\/api.w.org\/{rel}","templated":true}]}}