{"id":27129,"date":"2025-10-21T10:34:06","date_gmt":"2025-10-21T10:34:06","guid":{"rendered":"https:\/\/www.europesays.com\/lv\/27129\/"},"modified":"2025-10-21T10:34:06","modified_gmt":"2025-10-21T10:34:06","slug":"tramps-sevi-deve-par-karali-jauna-maksliga-intelekta-video-lente-lv","status":"publish","type":"post","link":"https:\/\/www.europesays.com\/lv\/27129\/","title":{"rendered":"Tramps sevi d\u0113v\u0113 par karali jaun\u0101 m\u0101ksl\u012bg\u0101 intelekta video\u00a0\u2014\u00a0Lente.lv"},"content":{"rendered":"<p>Tramps sevi d\u0113v\u0113 par karali jaun\u0101 m\u0101ksl\u012bg\u0101 intelekta video<\/p>\n<p>ASV eksprezidents Donalds Tramps ir publiskojis saisto\u0161u m\u0101ksl\u012bg\u0101 intelekta (MI) \u0123ener\u0113tu video, kur\u0101 vi\u0146\u0161 tiek att\u0113lots k\u0101 karalis, rot\u0101ts ar kroni un pilot\u0113 lidma\u0161\u012bnu. \u0160is vizu\u0101lais materi\u0101ls tika izplat\u012bts p\u0113c pla\u0161iem protestiem vis\u0101 ASV, kuru dal\u012bbnieki pauda ba\u017eas par Trampa varas koncentr\u0113\u0161anos un pauda saukli &#8220;Nek\u0101du kara\u013cu&#8221;.<\/p>\n<p>Video k\u0101 atbilde uz sabiedr\u012bbas neapmierin\u0101t\u012bbu<\/p>\n<p>Videoklip\u0101, kas pirmoreiz tika public\u0113ts Trampam piedero\u0161aj\u0101 soci\u0101lo mediju platform\u0101 &#8220;Truth Social&#8221;, Tramps redzams pilot\u0113jam izn\u012bcin\u0101t\u0101ju ar uzrakstu &#8220;King Trump&#8221;, kas atg\u0101dina popul\u0101ro filmu &#8220;Top Gun&#8221;. Video kulmin\u0101cij\u0101 Tramps no lidma\u0161\u012bnas izklied\u0113 br\u016bnu vielu, kas atg\u0101dina fek\u0101lijas, uz protest\u0113t\u0101jiem, ko daudzi interpret\u0113 k\u0101 simbolisku atbildi uz protestiem.<\/p>\n<p>\u0160ie protesti, kas paz\u012bstami k\u0101 &#8220;No Kings&#8221;, notika vair\u0101k\u0101s Amerikas pils\u0113t\u0101s, tostarp \u010cik\u0101g\u0101, Boston\u0101 un Atlant\u0101. Demonstrantu galven\u0101s s\u016bdz\u012bbas bija saist\u012btas ar ba\u017e\u0101m par Trampa tendenci p\u0101r\u0146emt varu no cit\u0101m vald\u012bbas strukt\u016br\u0101m, \u012bpa\u0161i attiec\u012bb\u0101 uz imigr\u0101cijas politiku. Protest\u0113t\u0101ji pauda savu neapmierin\u0101t\u012bbu ar sauk\u013ciem, piem\u0113ram, &#8220;Nekas nav patriotisk\u0101ks par protest\u0113\u0161anu&#8221;. Savuk\u0101rt republik\u0101\u0146i \u0161\u012bs demonstr\u0101cijas nosauca par &#8220;naida Amerikas&#8221; m\u012bti\u0146iem.<\/p>\n<p>Tramps un vi\u0146a attiec\u012bbas ar karalisko t\u0113mu<\/p>\n<p>\u0160\u012b nav pirm\u0101 reize, kad Donalds Tramps sevi asoci\u0113 ar karalisku t\u0113lu. Iepriek\u0161 vi\u0146\u0161 ir pasludin\u0101jis sevi par &#8220;karali&#8221; soci\u0101lajos medijos, rea\u0123\u0113jot uz \u0145ujorkas iebrauk\u0161anas maksas pl\u0101na aptur\u0113\u0161anu. Toreiz vi\u0146\u0161 pazi\u0146oja: &#8220;Lai DZ\u012aVO Karalis!&#8221; un &#8220;Iebrauk\u0161anas maksa ir mirusi. Manhetena un visa \u0145ujorka ir GL\u0100BTA.&#8221; \u0160ie izteikumi izrais\u012bja kritiku no \u0145ujorkas gubernatores Ketijas Ho\u010dulas, kura uzsv\u0113ra, ka \u0145ujorka nav str\u0101d\u0101jusi kara\u013ca vad\u012bb\u0101 vair\u0101k nek\u0101 250 gadus.<\/p>\n<p>Interesanti, ka Trampa administr\u0101cija pat public\u0113ja datora \u0123ener\u0113tu att\u0113lu, kur\u0101 Tramps redzams ar zelta kroni galv\u0101 pret Manhetenas panor\u0101mas fonu. Tas liecina par zin\u0101mu tendenci att\u0113lot sevi k\u0101 autorit\u0101ti un sp\u0113c\u012bgu l\u012bderi, kas var\u0113tu b\u016bt saist\u012bts ar vi\u0146a politisk\u0101s karjeras dinamiku.<\/p>\n<p>Pla\u0161a tendence un sabiedr\u012bbas reakcija<\/p>\n<p>\u0160is jaunais video ir da\u013ca no pla\u0161\u0101kas tendences, kur\u0101 Tramps izmanto da\u017e\u0101dus medijus, lai populariz\u0113tu savu t\u0113lu un politiskos v\u0113st\u012bjumus. Iepriek\u0161 vi\u0146\u0161 ir dal\u012bjies ar m\u0101ksl\u012bg\u0101 intelekta rad\u012btiem video, kas populariz\u0113 sazv\u0113rest\u012bbas teorijas, piem\u0113ram, par &#8220;medgult\u0101m&#8221;. Lai gan \u0161\u0101di video var rad\u012bt iespaidu par sp\u0113ku un autorit\u0101ti, tie vienlaikus ar\u012b raisa jaut\u0101jumus par paties\u012bbas robe\u017e\u0101m un inform\u0101cijas izplat\u012b\u0161anas atbild\u012bbu digit\u0101laj\u0101 laikmet\u0101.<\/p>\n<p>Protestu kust\u012bba &#8220;No Kings&#8221; ir k\u013cuvusi par noz\u012bm\u012bgu balsi pret Trampa politiku, apgalvojot, ka vi\u0146a darb\u012bbas apdraud v\u0113l\u0113\u0161anas, atce\u013c vides aizsardz\u012bbas pas\u0101kumus un palielina nevienl\u012bdz\u012bbu. Kust\u012bba uzsver, ka &#8220;Amerik\u0101 mums nav kara\u013cu&#8221;, cen\u0161oties atg\u0101din\u0101t par demokr\u0101tiskaj\u0101m v\u0113rt\u012bb\u0101m. Pat politi\u0137i, piem\u0113ram, senators Bernijs Sanderss, ir publiski paudu\u0161i atbalstu protestu idejai, nor\u0101dot, ka &#8220;n\u0113, prezident Tramp, m\u0113s nev\u0113lamies, lai j\u016bs vai k\u0101ds cits karalis p\u0101r mums vald\u012btu&#8221;.<\/p>\n<p>\u0160\u012b situ\u0101cija atspogu\u013co dzi\u013c\u0101kas sabiedr\u012bbas polariz\u0101cijas tendences un debates par politisko varu un demokr\u0101tiju Amerikas Savienotaj\u0101s Valst\u012bs. Trampa att\u0113lo\u0161ana k\u0101 karalim ir gan pa\u0161rekl\u0101ma, gan atbilde uz sabiedr\u012bbas uztveri un kritiku.<\/p>\n","protected":false},"excerpt":{"rendered":"Tramps sevi d\u0113v\u0113 par karali jaun\u0101 m\u0101ksl\u012bg\u0101 intelekta video ASV eksprezidents Donalds Tramps ir publiskojis saisto\u0161u m\u0101ksl\u012bg\u0101 intelekta&hellip;\n","protected":false},"author":2,"featured_media":27130,"comment_status":"","ping_status":"","sticky":false,"template":"","format":"standard","meta":{"footnotes":""},"categories":[5],"tags":[23,28,29,542,32,33,22,8406,30,31,35,39,38,36,37,34,40,87,20,26,27,4204,24,25,1994,21],"class_list":{"0":"post-27129","1":"post","2":"type-post","3":"status-publish","4":"format-standard","5":"has-post-thumbnail","7":"category-aktualitates","8":"tag-aktualitates","9":"tag-breaking-news","10":"tag-breakingnews","11":"tag-donalds-tramps","12":"tag-featured-news","13":"tag-featurednews","14":"tag-headlines","15":"tag-karalis","16":"tag-latest-news","17":"tag-latestnews","18":"tag-latvia","19":"tag-latvian","20":"tag-latviesu","21":"tag-latviesu-valoda","22":"tag-latviesuvaloda","23":"tag-latvija","24":"tag-lv","25":"tag-maksligais-intelekts","26":"tag-news","27":"tag-popularakas-zinas","28":"tag-popularakaszinas","29":"tag-protesti","30":"tag-top-stories","31":"tag-topstories","32":"tag-video","33":"tag-zinas"},"share_on_mastodon":{"url":"","error":""},"_links":{"self":[{"href":"https:\/\/www.europesays.com\/lv\/wp-json\/wp\/v2\/posts\/27129","targetHints":{"allow":["GET"]}}],"collection":[{"href":"https:\/\/www.europesays.com\/lv\/wp-json\/wp\/v2\/posts"}],"about":[{"href":"https:\/\/www.europesays.com\/lv\/wp-json\/wp\/v2\/types\/post"}],"author":[{"embeddable":true,"href":"https:\/\/www.europesays.com\/lv\/wp-json\/wp\/v2\/users\/2"}],"replies":[{"embeddable":true,"href":"https:\/\/www.europesays.com\/lv\/wp-json\/wp\/v2\/comments?post=27129"}],"version-history":[{"count":0,"href":"https:\/\/www.europesays.com\/lv\/wp-json\/wp\/v2\/posts\/27129\/revisions"}],"wp:featuredmedia":[{"embeddable":true,"href":"https:\/\/www.europesays.com\/lv\/wp-json\/wp\/v2\/media\/27130"}],"wp:attachment":[{"href":"https:\/\/www.europesays.com\/lv\/wp-json\/wp\/v2\/media?parent=27129"}],"wp:term":[{"taxonomy":"category","embeddable":true,"href":"https:\/\/www.europesays.com\/lv\/wp-json\/wp\/v2\/categories?post=27129"},{"taxonomy":"post_tag","embeddable":true,"href":"https:\/\/www.europesays.com\/lv\/wp-json\/wp\/v2\/tags?post=27129"}],"curies":[{"name":"wp","href":"https:\/\/api.w.org\/{rel}","templated":true}]}}