{"id":27139,"date":"2025-10-21T10:46:16","date_gmt":"2025-10-21T10:46:16","guid":{"rendered":"https:\/\/www.europesays.com\/lv\/27139\/"},"modified":"2025-10-21T10:46:16","modified_gmt":"2025-10-21T10:46:16","slug":"japana-ievel-savu-pirmo-premjerministri-sievieti","status":"publish","type":"post","link":"https:\/\/www.europesays.com\/lv\/27139\/","title":{"rendered":"Jap\u0101na iev\u0113l savu pirmo premjerministri sievieti"},"content":{"rendered":"<p><a rel=\"noopener nofollow\" target=\"_blank\" href=\"https:\/\/www.delfi.lv\/temas\/37214485\/japana\" tag-id=\"37214485\">Jap\u0101nas<\/a> parlaments otrdien iev\u0113l\u0113jis ultrakonservat\u012bvo Sanaji Takai\u010di par premjerministri, iez\u012bm\u0113jot v\u0113sturisku br\u012bdi Tokijas politik\u0101, vi\u0146ai k\u013c\u016bstot par pirmo sievieti, kas ie\u0146\u0113musi \u0161o amatu, zi\u0146o medijs CNN.<\/p>\n<p>Takai\u010di parlamenta 465 vietu apak\u0161pal\u0101t\u0101 ieguvusi 237 balsis, k\u0101 ar\u012b gatavojas nodro\u0161in\u0101t vair\u0101kumu maz\u0101k sp\u0113c\u012bgaj\u0101 aug\u0161pal\u0101t\u0101, p\u0113c k\u0101 vi\u0146a ofici\u0101li st\u0101sies amat\u0101.<\/p>\n<p>Lai gan Takai\u010di iev\u0113l\u0113\u0161ana premjeres amat\u0101 iez\u012bm\u0113 stikla griestu p\u0101rvar\u0113\u0161u Jap\u0101n\u0101, tas iez\u012bm\u0113 ar\u012b Tokijas politikas strauju virz\u012bbu lab\u0113j\u0101 flanga virzien\u0101. Medijs uzsver, ka n\u0101kam\u0101 l\u012bdere ir nelok\u0101mi konservat\u012bva fig\u016bra, kuras iedvesmas avots esot Lielbrit\u0101nijas ekspremjere M\u0101rgareta Te\u010dere, kas pla\u0161i d\u0113v\u0113ta par &#8220;dzelzs l\u0113diju&#8221;.<\/p>\n<p>Politi\u0137e premjerministres amat\u0101 nomain\u012bs l\u012bdz\u0161in\u0113jo vald\u012bbas vad\u012bt\u0101ju Sigeru Isibu, kur\u0161 p\u0113c viena gada sav\u0101 amat\u0101 septembr\u012b pazi\u0146oja par pl\u0101niem atk\u0101pties.<\/p>\n<p>Lasiet ar\u012b<\/p>\n<p><a href=\"https:\/\/www.delfi.lv\/46713439\/arzemes\/120086490\/japanas-premjers-nolemis-demisionet\" class=\"headline__image-link\" itemprop=\"url\" rel=\"nofollow noopener\" target=\"_blank\"><img decoding=\"async\" loading=\"lazy\" itemprop=\"image\" src=\"https:\/\/www.europesays.com\/lv\/wp-content\/uploads\/2025\/10\/96b1a701-849e-4694-ae42-f6057b8315a9.jpg\" alt=\"Jap\u0101nas premjers nol\u0113mis demision\u0113t\" title=\"Jap\u0101nas premjers nol\u0113mis demision\u0113t\" class=\"headline__image img-fluid w-100\"\/><\/a><\/p>\n<p>At\u0161\u0137ir\u012bb\u0101 no daudziem saviem kol\u0113\u0123iem, Takai\u010di nen\u0101k no politiskas dinastijas. Pirms iesaist\u012b\u0161an\u0101s politik\u0101 90. gados vi\u0146a str\u0101d\u0101jusi telev\u012bzij\u0101 par koment\u0113t\u0101ju. Kop\u0161 pievieno\u0161an\u0101s valdo\u0161ajai Liber\u0101ldemokr\u0101tiskajai partijai (LDP), kas, neskatoties uz nosaukumu, ir konservat\u012bva partija, vi\u0146a devi\u0146as reizes tikusi iev\u0113l\u0113ta par parlamenta deput\u0101ti. Ekspremjera Fumio Ki\u0161idas vald\u012bbas laik\u0101 vi\u0146a bija ekonomisk\u0101s dro\u0161\u012bbas ministre.<\/p>\n<p>Oktobra s\u0101kum\u0101 LDP Takai\u010di iev\u0113l\u0113ja par savu l\u012bderi, ieminot vi\u0146ai taci\u0146u uz premjerministres amatu.<\/p>\n<p>Lasiet ar\u012b<\/p>\n<p><a href=\"https:\/\/www.delfi.lv\/46713439\/arzemes\/120089962\/par-japanas-valdosas-partijas-lideri-ieveleta-sanaje-takaici-varetu-klut-par-pirmo-sievieti-premjerministri\" class=\"headline__image-link\" itemprop=\"url\" rel=\"nofollow noopener\" target=\"_blank\"><img decoding=\"async\" loading=\"lazy\" itemprop=\"image\" src=\"https:\/\/www.europesays.com\/lv\/wp-content\/uploads\/2025\/10\/c0d96513-06b5-4281-bb41-a4ea04c7ee27.jpg\" alt=\"Par Jap\u0101nas valdo\u0161\u0101s partijas l\u012bderi iev\u0113l\u0113ta Sanaje Takai\u010di; var\u0113tu k\u013c\u016bt par pirmo sievieti \u2013 premjerministri\" title=\"Par Jap\u0101nas valdo\u0161\u0101s partijas l\u012bderi iev\u0113l\u0113ta Sanaje Takai\u010di; var\u0113tu k\u013c\u016bt par pirmo sievieti \u2013 premjerministri\" class=\"headline__image img-fluid w-100\"\/><\/a><\/p>\n<p>Takai\u010di premjerministres lomu uz\u0146emsies laik\u0101, kad Jap\u0101na saskaras ar pieaugo\u0161\u0101m ekonomiskaj\u0101m probl\u0113m\u0101m un sa\u0161\u0137eltu, strupce\u013c\u0101 non\u0101ku\u0161u politiku. Jaunajai l\u012bderei b\u016bs priek\u0161\u0101 c\u012b\u0146a ar pre\u010du augsto cenu, masu imigr\u0101ciju, dzimst\u012bbas samazin\u0101\u0161anos, darbasp\u0113ka samazin\u0101\u0161anos un gados vec\u0101ku iedz\u012bvot\u0101ju skaita pieaugumu. V\u0113l ir jaut\u0101jums par ASV prezidenta Donalda Trampa administr\u0101ciju un t\u0101s tarifiem, kas \u0161ogad satricin\u0101ja visu \u0100zijas valstu ekonomikas.<\/p>\n<p>T\u0101pat vi\u0146ai priek\u0161\u0101 ir izaicin\u0101jums atg\u016bt sabiedr\u012bbas uztic\u012bbu, LDP piedz\u012bvojot savu liel\u0101ko kr\u012bzi p\u0113d\u0113jo desmitga\u017eu laik\u0101, zaud\u0113jot t\u0101s parlament\u0101ro vair\u0101kumu Isibas laik\u0101.<\/p>\n<p>Jau iepriek\u0161 zi\u0146ots, ka 64 gadus vec\u0101 politi\u0137e agr\u0101k asi ir kritiz\u0113jusi \u0136\u012bnu un t\u0101s milit\u0101ro nostiprin\u0101\u0161anos \u0100zijas un Klus\u0101 oke\u0101na re\u0123ion\u0101. Vi\u0146ai ar\u012b ir stingra poz\u012bcija imigr\u0101cijas un t\u016brisma jaut\u0101jumos. Ekonomikas jaut\u0101jumos Takai\u010di iepriek\u0161 ir atbalst\u012bjusi agres\u012bvus monet\u0101ro m\u012bkstin\u0101\u0161anas un pla\u0161u fisk\u0101lo izdevumu pas\u0101kumus, kas atspogu\u013co vi\u0146as mentora biju\u0161\u0101 Jap\u0101nas premjerministra Sindzo Abes politiku.<\/p>\n<p>Lai gan vi\u0146a ir pirm\u0101 sieviete, kas ie\u0146ems premjerministres amatu, vi\u0146a neesot liel\u0101 steig\u0101 veicin\u0101t dzimumu l\u012bdzties\u012bbu Jap\u0101n\u0101.<\/p>\n<p class=\"m-0\">Seko &#8220;Delfi&#8221; ar\u012b  <a target=\"_blank\" href=\"https:\/\/www.instagram.com\/delfi.lv\/\" rel=\"nofollow noopener\">Instagram<\/a>  un <a target=\"_blank\" href=\"https:\/\/www.youtube.com\/channel\/UCw5foWtcJvAbUm64rv7jwUQ\" rel=\"nofollow noopener\">YouTube<\/a>  profil\u0101 \u2013 pievienojies, lai uzzin\u0101tu svar\u012bg\u0101ko un interesant\u0101ko pirmais!<\/p>\n<p>Publik\u0101cijas saturs vai t\u0101s jebk\u0101da apjoma da\u013ca ir aizsarg\u0101ts autorties\u012bbu objekts Autorties\u012bbu likuma izpratn\u0113, un t\u0101 izmanto\u0161ana bez izdev\u0113ja at\u013caujas ir aizliegta. Vair\u0101k lasi  <a target=\"_blank\" href=\"https:\/\/www.delfi.lv\/noteikumi#autortiesibas\" rel=\"nofollow noopener\">\u0161eit<\/a><script async src=\"\/\/www.instagram.com\/embed.js\"><\/script><\/p>\n","protected":false},"excerpt":{"rendered":"Jap\u0101nas parlaments otrdien iev\u0113l\u0113jis ultrakonservat\u012bvo Sanaji Takai\u010di par premjerministri, iez\u012bm\u0113jot v\u0113sturisku br\u012bdi Tokijas politik\u0101, vi\u0146ai k\u013c\u016bstot par pirmo&hellip;\n","protected":false},"author":2,"featured_media":27140,"comment_status":"","ping_status":"","sticky":false,"template":"","format":"standard","meta":{"footnotes":""},"categories":[5],"tags":[23,28,29,32,33,22,446,30,31,35,39,38,36,37,34,40,20,26,27,24,25,21],"class_list":{"0":"post-27139","1":"post","2":"type-post","3":"status-publish","4":"format-standard","5":"has-post-thumbnail","7":"category-aktualitates","8":"tag-aktualitates","9":"tag-breaking-news","10":"tag-breakingnews","11":"tag-featured-news","12":"tag-featurednews","13":"tag-headlines","14":"tag-japana","15":"tag-latest-news","16":"tag-latestnews","17":"tag-latvia","18":"tag-latvian","19":"tag-latviesu","20":"tag-latviesu-valoda","21":"tag-latviesuvaloda","22":"tag-latvija","23":"tag-lv","24":"tag-news","25":"tag-popularakas-zinas","26":"tag-popularakaszinas","27":"tag-top-stories","28":"tag-topstories","29":"tag-zinas"},"share_on_mastodon":{"url":"","error":""},"_links":{"self":[{"href":"https:\/\/www.europesays.com\/lv\/wp-json\/wp\/v2\/posts\/27139","targetHints":{"allow":["GET"]}}],"collection":[{"href":"https:\/\/www.europesays.com\/lv\/wp-json\/wp\/v2\/posts"}],"about":[{"href":"https:\/\/www.europesays.com\/lv\/wp-json\/wp\/v2\/types\/post"}],"author":[{"embeddable":true,"href":"https:\/\/www.europesays.com\/lv\/wp-json\/wp\/v2\/users\/2"}],"replies":[{"embeddable":true,"href":"https:\/\/www.europesays.com\/lv\/wp-json\/wp\/v2\/comments?post=27139"}],"version-history":[{"count":0,"href":"https:\/\/www.europesays.com\/lv\/wp-json\/wp\/v2\/posts\/27139\/revisions"}],"wp:featuredmedia":[{"embeddable":true,"href":"https:\/\/www.europesays.com\/lv\/wp-json\/wp\/v2\/media\/27140"}],"wp:attachment":[{"href":"https:\/\/www.europesays.com\/lv\/wp-json\/wp\/v2\/media?parent=27139"}],"wp:term":[{"taxonomy":"category","embeddable":true,"href":"https:\/\/www.europesays.com\/lv\/wp-json\/wp\/v2\/categories?post=27139"},{"taxonomy":"post_tag","embeddable":true,"href":"https:\/\/www.europesays.com\/lv\/wp-json\/wp\/v2\/tags?post=27139"}],"curies":[{"name":"wp","href":"https:\/\/api.w.org\/{rel}","templated":true}]}}