{"id":27172,"date":"2025-10-21T11:29:08","date_gmt":"2025-10-21T11:29:08","guid":{"rendered":"https:\/\/www.europesays.com\/lv\/27172\/"},"modified":"2025-10-21T11:29:08","modified_gmt":"2025-10-21T11:29:08","slug":"latvijas-atskanotakas-muzikas-topa-valda-popa-karalienes","status":"publish","type":"post","link":"https:\/\/www.europesays.com\/lv\/27172\/","title":{"rendered":"Latvijas atska\u0146ot\u0101k\u0101s m\u016bzikas top\u0101 valda popa karalienes"},"content":{"rendered":"<p><img decoding=\"async\" class=\"figure__image\" onclick=\"triggerEvent('articleImageClick', { id: 17227646, focus: 'single-image', focusIndex: '17227646' })\" onkeydown=\"if (event.key === 'Enter') {&#10;        triggerEvent('articleImageClick', { id: 17227646, focus: 'single-image', focusIndex: '17227646' })&#10;        }\" role=\"button\" tabindex=\"0\" data-focus-from=\"single-image\" data-focus-index=\"17227646\" src=\"https:\/\/www.europesays.com\/lv\/wp-content\/uploads\/2025\/10\/17227646t1hb06f.jpg\" onload=\"this.parentElement.classList.remove('figure__image-loading')\" alt=\"\"\/> Foto: Latvijas Izpild\u012bt\u0101ju un producentu apvien\u012bba<\/p>\n<p>No latvie\u0161u singliem Fi\u0146\u0137is ar \u201cBaudam!\u201d ierindojies sept\u012btaj\u0101 viet\u0101, bet Fi\u0146\u0137a un Partishas hits \u201cRa\u0137e\u0161u zin\u0101tne\u201d ir 13. viet\u0101. Reperu Wiesu\u013ca un rolanda \u010de, producentu sangvn un galaktik kop\u0101 rad\u012bt\u0101 dziesma \u201cR\u012bgas atsl\u0113ga\u201d ir 16. viet\u0101. \u201cSudden Lights\u201d kaverversija \u201c\u010cik\u0101gas piec\u012b\u0161u\u201d dziesmai \u201cM\u016bsu m\u012blest\u012bba\u201d ie\u0146em 20. vietu.<\/p>\n<p><img decoding=\"async\" class=\"figure__image\" onclick=\"triggerEvent('articleImageClick', { id: 13746984, focus: 'single-image', focusIndex: '13746984' })\" onkeydown=\"if (event.key === 'Enter') {&#10;        triggerEvent('articleImageClick', { id: 13746984, focus: 'single-image', focusIndex: '13746984' })&#10;        }\" role=\"button\" tabindex=\"0\" data-focus-from=\"single-image\" data-focus-index=\"13746984\" src=\"https:\/\/www.europesays.com\/lv\/wp-content\/uploads\/2025\/10\/13746984t1h17fc.jpg\" onload=\"this.parentElement.classList.remove('figure__image-loading')\" alt=\"Reperis ZE\u013b\u0122IS.\"\/>Reperis ZE\u013b\u0122IS. Foto: publicit\u0101tes<\/p>\n<p>K\u0101 m\u016bziku klaus\u0101s reperis ZE\u013b\u0122IS? Vi\u0146\u0161 atbild: \u201cBie\u017ei apzinos, ka periodiski nogurstu no m\u016bzikas klaus\u012b\u0161an\u0101s un jaunatkl\u0101\u0161anas, sevi\u0161\u0137i izteikti to j\u016btu periodos, kuros akt\u012bvi str\u0101d\u0101ju pie saviem projektiem. Tad gribas klaus\u012bties tikai to ko pats esmu izveidojis. Ja tom\u0113r izlemju ko paklaus\u012bties, tad liel\u0101koties t\u0101s ir izmekl\u0113tas dziesmas, kas man konkr\u0113t\u0101 period\u0101 \u0161\u0137iet aktu\u0101las, tad ar\u012b \u0161\u012bs kompoz\u012bcijas neskait\u0101mas reizes varu klaus\u012bties uz ri\u0146\u0137i.\u201d<\/p>\n<p>M\u016bzi\u0137is seko l\u012bdzi ar\u012b tendenc\u0113m internet\u0101 un kol\u0113\u0123u jaunumiem, k\u0101 ar\u012b nov\u0113rt\u0113 laika p\u0101rbaud\u012btas m\u016bzikas v\u0113rt\u012bbas. \u201cJaunumus visbie\u017e\u0101k atkl\u0101ju caur soci\u0101lajiem t\u012bkliem, \u0146emot v\u0113r\u0101, ka vairum\u0101 sekoju tie\u0161i m\u016bzi\u0137iem. Ieg\u016bstu inform\u0101ciju no rekl\u0101m\u0101m un aktu\u0101l\u0101m tendenc\u0113m \u2013 ja redzu kaut ko t\u0101du, kas uzrun\u0101, atrad\u012b\u0161u laiku noklaus\u012bties pilnu kompoz\u012bciju.<\/p>\n<blockquote class=\"quote ck-widget\" contenteditable=\"false\">\n<p>\u013boti pat\u012bk atgriezties pie klasikas \u2013 m\u016bzikas, kas ir veidojusi manu gaumi, izpratni, viedokli un kas man ir sentiment\u0101la v\u0113rt\u012bba,<\/p>\n<\/blockquote>\n<p>savas klaus\u012b\u0161an\u0101s izv\u0113les raksturo reperis ZE\u013b\u0122IS.<\/p>\n<p>\u0160obr\u012bd vi\u0146a ikdienas ska\u0146u celi\u0146u veido t\u0101du m\u0101kslinieku k\u0101 \u201cFleet Foxes\u201d, Bena Hovarda, Fila Kolinsa, \u201cGang Starr\u201d, Eda \u0160\u012brana, Bleka rad\u012bt\u0101 m\u016bzika.<\/p>\n","protected":false},"excerpt":{"rendered":"Foto: Latvijas Izpild\u012bt\u0101ju un producentu apvien\u012bba No latvie\u0161u singliem Fi\u0146\u0137is ar \u201cBaudam!\u201d ierindojies sept\u012btaj\u0101 viet\u0101, bet Fi\u0146\u0137a un&hellip;\n","protected":false},"author":2,"featured_media":27173,"comment_status":"","ping_status":"","sticky":false,"template":"","format":"standard","meta":{"footnotes":""},"categories":[19],"tags":[5782,89,8415,90,35,39,38,36,37,34,8416,40,5784],"class_list":{"0":"post-27172","1":"post","2":"type-post","3":"status-publish","4":"format-standard","5":"has-post-thumbnail","7":"category-izklaide","8":"tag-aminata","9":"tag-entertainment","10":"tag-gacho","11":"tag-izklaide","12":"tag-latvia","13":"tag-latvian","14":"tag-latviesu","15":"tag-latviesu-valoda","16":"tag-latviesuvaloda","17":"tag-latvija","18":"tag-latvijas-izpilditaju-un-producentu-apvieniba","19":"tag-lv","20":"tag-zelgis"},"share_on_mastodon":{"url":"","error":""},"_links":{"self":[{"href":"https:\/\/www.europesays.com\/lv\/wp-json\/wp\/v2\/posts\/27172","targetHints":{"allow":["GET"]}}],"collection":[{"href":"https:\/\/www.europesays.com\/lv\/wp-json\/wp\/v2\/posts"}],"about":[{"href":"https:\/\/www.europesays.com\/lv\/wp-json\/wp\/v2\/types\/post"}],"author":[{"embeddable":true,"href":"https:\/\/www.europesays.com\/lv\/wp-json\/wp\/v2\/users\/2"}],"replies":[{"embeddable":true,"href":"https:\/\/www.europesays.com\/lv\/wp-json\/wp\/v2\/comments?post=27172"}],"version-history":[{"count":0,"href":"https:\/\/www.europesays.com\/lv\/wp-json\/wp\/v2\/posts\/27172\/revisions"}],"wp:featuredmedia":[{"embeddable":true,"href":"https:\/\/www.europesays.com\/lv\/wp-json\/wp\/v2\/media\/27173"}],"wp:attachment":[{"href":"https:\/\/www.europesays.com\/lv\/wp-json\/wp\/v2\/media?parent=27172"}],"wp:term":[{"taxonomy":"category","embeddable":true,"href":"https:\/\/www.europesays.com\/lv\/wp-json\/wp\/v2\/categories?post=27172"},{"taxonomy":"post_tag","embeddable":true,"href":"https:\/\/www.europesays.com\/lv\/wp-json\/wp\/v2\/tags?post=27172"}],"curies":[{"name":"wp","href":"https:\/\/api.w.org\/{rel}","templated":true}]}}