{"id":27174,"date":"2025-10-21T11:31:08","date_gmt":"2025-10-21T11:31:08","guid":{"rendered":"https:\/\/www.europesays.com\/lv\/27174\/"},"modified":"2025-10-21T11:31:08","modified_gmt":"2025-10-21T11:31:08","slug":"razotaju-cenu-limenis-gada-laika-palielinajies-par-14-dienas-bizness","status":"publish","type":"post","link":"https:\/\/www.europesays.com\/lv\/27174\/","title":{"rendered":"Ra\u017eot\u0101ju cenu l\u012bmenis gada laik\u0101 palielin\u0101jies par 1,4% :: Dienas Bizness"},"content":{"rendered":"<p class=\"text-font font-size--text-xlarge margin-3--bottom font-weight--bold padding-1--top\">2025. gada septembr\u012b, sal\u012bdzinot ar 2024. gada septembri, vid\u0113jais ra\u017eot\u0101ju cenu l\u012bmenis Latvijas r\u016bpniec\u012bb\u0101 palielin\u0101j\u0101s par 1,4%, liecina Centr\u0101l\u0101s statistikas p\u0101rvaldes dati. Sal\u012bdzinot ar \u0161\u0101 gada augustu, ra\u017eot\u0101ju cenu l\u012bmenis palielin\u0101j\u0101s par 0,1%.<\/p>\n<p class=\"text-font font-size--text-xlarge margin-3--bottom\">Viet\u0113j\u0101 tirg\u016b realiz\u0113tajai produkcijai cenu l\u012bmenis 2025. gada septembr\u012b, sal\u012bdzinot ar 2024. gada septembri, palielin\u0101j\u0101s par 0,3%, eksport\u0113tajai produkcijai &#8211; par 2,4%. Eksportam uz eirozonas valst\u012bm cenas pieauga par 2,4%, eksportam uz valst\u012bm \u0101rpus eirozonas &#8211; par 2,3%.<\/p>\n<p class=\"text-font font-size--text-xlarge margin-3--bottom\">Ra\u017eot\u0101ju cenu l\u012bmeni gada laik\u0101 visvair\u0101k ietekm\u0113ja cenu pieaugums koksnes, koka un kor\u0137a izstr\u0101d\u0101jumu ra\u017eo\u0161an\u0101; vair\u0101k\u0101s p\u0101rtikas produktu ra\u017eo\u0161anas apak\u0161klas\u0113s; ieguves r\u016bpniec\u012bb\u0101 un karjeru izstr\u0101d\u0113; atkritumu sav\u0101k\u0161an\u0101, apstr\u0101d\u0113 un izvieto\u0161an\u0101 un materi\u0101lu p\u0101rstr\u0101d\u0113; \u0137\u012bmisko vielu un \u0137\u012bmisko produktu ra\u017eo\u0161an\u0101. Pazemino\u0161a ietekme bija cenu samazin\u0101jumam elektroener\u0123ijas, g\u0101zes apg\u0101des, siltumapg\u0101des un gaisa kondicion\u0113\u0161anas nozar\u0113; datoru, elektronisko un optisko iek\u0101rtu ra\u017eo\u0161an\u0101.<\/p>\n<p class=\"text-font font-size--text-xlarge margin-3--bottom\">2025. gada septembr\u012b, sal\u012bdzinot ar augustu, ra\u017eot\u0101ju cenu l\u012bmenis Latvijas r\u016bpniec\u012bb\u0101 palielin\u0101j\u0101s par 0,1%. Viet\u0113j\u0101 tirg\u016b realiz\u0113tajai produkcijai cenu l\u012bmenis nemain\u012bj\u0101s, savuk\u0101rt eksport\u0113tajai produkcijai pieauga par 0,3%. Eksportam uz eirozonas valst\u012bm cenu l\u012bmenis palielin\u0101j\u0101s par 0,5%, eksportam uz valst\u012bm \u0101rpus eirozonas &#8211; par 0,1%.<\/p>\n<p class=\"text-font font-size--text-xlarge margin-3--bottom\">Paaugstino\u0161a ietekme uz kop\u0113jo ra\u017eot\u0101ju cenu l\u012bmeni m\u0113ne\u0161a laik\u0101 bija cenu pieaugumam koksnes, koka un kor\u0137a izstr\u0101d\u0101jumu ra\u017eo\u0161an\u0101; ieguves r\u016bpniec\u012bb\u0101 un karjeru izstr\u0101d\u0113.<\/p>\n<p class=\"text-font font-size--text-xlarge margin-3--bottom\">Inform\u0101cija par ra\u017eot\u0101ju cenu p\u0101rmai\u0146\u0101m r\u016bpniec\u012bb\u0101 2025. gada oktobr\u012b tiks public\u0113ta 24. novembr\u012b.<\/p>\n","protected":false},"excerpt":{"rendered":"2025. gada septembr\u012b, sal\u012bdzinot ar 2024. gada septembri, vid\u0113jais ra\u017eot\u0101ju cenu l\u012bmenis Latvijas r\u016bpniec\u012bb\u0101 palielin\u0101j\u0101s par 1,4%, liecina&hellip;\n","protected":false},"author":2,"featured_media":27175,"comment_status":"","ping_status":"","sticky":false,"template":"","format":"standard","meta":{"footnotes":""},"categories":[16],"tags":[869,77,870,76,867,35,39,38,36,37,34,871,868,40,21],"class_list":{"0":"post-27174","1":"post","2":"type-post","3":"status-publish","4":"format-standard","5":"has-post-thumbnail","7":"category-bizness","8":"tag-biznesa-zinas","9":"tag-bizness","10":"tag-bizness-latvija","11":"tag-business","12":"tag-dienas-zinas","13":"tag-latvia","14":"tag-latvian","15":"tag-latviesu","16":"tag-latviesu-valoda","17":"tag-latviesuvaloda","18":"tag-latvija","19":"tag-latvijas-biznesa-zinas","20":"tag-latvijas-zinas","21":"tag-lv","22":"tag-zinas"},"share_on_mastodon":{"url":"","error":""},"_links":{"self":[{"href":"https:\/\/www.europesays.com\/lv\/wp-json\/wp\/v2\/posts\/27174","targetHints":{"allow":["GET"]}}],"collection":[{"href":"https:\/\/www.europesays.com\/lv\/wp-json\/wp\/v2\/posts"}],"about":[{"href":"https:\/\/www.europesays.com\/lv\/wp-json\/wp\/v2\/types\/post"}],"author":[{"embeddable":true,"href":"https:\/\/www.europesays.com\/lv\/wp-json\/wp\/v2\/users\/2"}],"replies":[{"embeddable":true,"href":"https:\/\/www.europesays.com\/lv\/wp-json\/wp\/v2\/comments?post=27174"}],"version-history":[{"count":0,"href":"https:\/\/www.europesays.com\/lv\/wp-json\/wp\/v2\/posts\/27174\/revisions"}],"wp:featuredmedia":[{"embeddable":true,"href":"https:\/\/www.europesays.com\/lv\/wp-json\/wp\/v2\/media\/27175"}],"wp:attachment":[{"href":"https:\/\/www.europesays.com\/lv\/wp-json\/wp\/v2\/media?parent=27174"}],"wp:term":[{"taxonomy":"category","embeddable":true,"href":"https:\/\/www.europesays.com\/lv\/wp-json\/wp\/v2\/categories?post=27174"},{"taxonomy":"post_tag","embeddable":true,"href":"https:\/\/www.europesays.com\/lv\/wp-json\/wp\/v2\/tags?post=27174"}],"curies":[{"name":"wp","href":"https:\/\/api.w.org\/{rel}","templated":true}]}}