{"id":27187,"date":"2025-10-21T11:46:09","date_gmt":"2025-10-21T11:46:09","guid":{"rendered":"https:\/\/www.europesays.com\/lv\/27187\/"},"modified":"2025-10-21T11:46:09","modified_gmt":"2025-10-21T11:46:09","slug":"tirdzniecibas-ierobezojumi-humanitaras-bazas-un-diplomatiskais-dialogs-lente-lv","status":"publish","type":"post","link":"https:\/\/www.europesays.com\/lv\/27187\/","title":{"rendered":"Tirdzniec\u012bbas ierobe\u017eojumi, humanit\u0101r\u0101s ba\u017eas un diplom\u0101tiskais dialogs\u00a0\u2014\u00a0Lente.lv"},"content":{"rendered":"<p>Eiropas Savien\u012bbas potenci\u0101lie tirdzniec\u012bbas ierobe\u017eojumi pret Izra\u0113lu<\/p>\n<p>P\u0113d\u0113j\u0101 laik\u0101 v\u0113rojamas iev\u0113rojamas p\u0101rmai\u0146as Eiropas Savien\u012bbas (ES) un Izra\u0113las attiec\u012bb\u0101s, kas skar ar\u012b tirdzniec\u012bbas jomu. Eiropas Komisija ir n\u0101kusi klaj\u0101 ar priek\u0161likumu noteikt sankcijas pret Izra\u0113lu, kas var\u0113tu aptur\u0113t vair\u0101kas tirdzniec\u012bbas priek\u0161roc\u012bbas. \u0160\u0101di pas\u0101kumi, ja tos apstiprin\u0101s dal\u012bbvalstis, potenci\u0101li var\u0113tu ietekm\u0113t l\u012bdz pat tre\u0161da\u013cai no Izra\u0113las eksporta uz ES tirgu. \u0160\u012b iniciat\u012bva ir drosm\u012bgs solis, kas liecina par pieaugo\u0161u neapmierin\u0101t\u012bbu vai ba\u017e\u0101m par politiskiem vai dro\u0161\u012bbas jaut\u0101jumiem.<\/p>\n<p>\u0160\u0101di tirdzniec\u012bbas ierobe\u017eojumi var\u0113tu rad\u012bt j\u016btamas gr\u016bt\u012bbas Izra\u0113las eksport\u0113t\u0101jiem, kuriem ES ir noz\u012bm\u012bgs tirgus. Vienlaikus tie var\u0113tu ietekm\u0113t ar\u012b ES pat\u0113r\u0113t\u0101jus un uz\u0146\u0113mumus, kas ir atkar\u012bgi no Izra\u0113las prec\u0113m vai ieguld\u012bjumiem. \u0160\u012b situ\u0101cija pieprasa r\u016bp\u012bgu anal\u012bzi un strat\u0113\u0123isku pieeju no ab\u0101m pus\u0113m, lai rastu l\u012bdzsvarotu risin\u0101jumu, kas \u0146em v\u0113r\u0101 gan ekonomisk\u0101s, gan politisk\u0101s intereses.<\/p>\n<p>Asoci\u0101cijas l\u012bguma p\u0101rskat\u012b\u0161ana un humanit\u0101r\u0101s ba\u017eas<\/p>\n<p>Vair\u0101kas ES dal\u012bbvalstis, tostarp Francija un N\u012bderlande, ir paudu\u0161as satraukumu par humanit\u0101r\u0101s pal\u012bdz\u012bbas blo\u0137\u0113\u0161anu Gazas josl\u0101, mudinot p\u0101rskat\u012bt ES un Izra\u0113las Asoci\u0101cijas l\u012bgumu. \u0160is l\u012bgums, kas regul\u0113 abu pu\u0161u tirdzniec\u012bbas attiec\u012bbas kop\u0161 2000. gada, paredz, ka attiec\u012bbas balst\u0101s uz cilv\u0113kties\u012bbu un demokr\u0101tijas principu iev\u0113ro\u0161anu. Valstu ieskat\u0101, pa\u0161reiz\u0113j\u0101 Izra\u0113las r\u012bc\u012bba Gazas josl\u0101 var\u0113tu p\u0101rk\u0101pt \u0161os principus.<\/p>\n<p>Francijas \u0101rlietu ministrs \u017dans Noels Barro ir raksturojis situ\u0101ciju Gazas josl\u0101 k\u0101 smagu, nor\u0101dot uz bada draudiem un b\u016btisku pre\u010du tr\u016bkumu. Savuk\u0101rt ANO zi\u0146o par t\u016bksto\u0161iem boj\u0101g\u0101ju\u0161o kop\u0161 2023. gada beig\u0101m, miljoniem cilv\u0113ku bez piek\u013cuves p\u0101rtikai un \u016bdenim, k\u0101 ar\u012b b\u0113rniem, kas mirst bad\u0101 humanit\u0101r\u0101s pal\u012bdz\u012bbas blo\u0137\u0113\u0161anas d\u0113\u013c. \u0160\u0101das zi\u0146as rada dzi\u013cas ba\u017eas un mudina starptautisko sabiedr\u012bbu mekl\u0113t efekt\u012bvus risin\u0101jumus kr\u012bzes mazin\u0101\u0161anai.<\/p>\n<p>Latvijas nost\u0101ja un divpus\u0113j\u0101s attiec\u012bbas<\/p>\n<p>Latvija stingri atbalsta Izra\u0113las ties\u012bbas uz pa\u0161aizsardz\u012bbu, iev\u0113rojot starptautisk\u0101s un humanit\u0101r\u0101s ties\u012bbas. Vienlaikus Latvija uzsver nepiecie\u0161am\u012bbu nekav\u0113joties nodro\u0161in\u0101t dro\u0161u un pieejamu hum\u0101no pal\u012bdz\u012bbu Gazas joslai. \u0100rlietu ministre Baiba Bra\u017ee ir aicin\u0101jusi cie\u0161i koordin\u0113t ES turpm\u0101ko politiku attiec\u012bb\u0101s ar Izra\u0113lu, Ir\u0101nu, Tuvo Austrumu re\u0123iona valst\u012bm, ASV un Apvienoto Karalisti. Tiek uzsv\u0113rta ar\u012b Ir\u0101nas kodolprogrammas un t\u0101s destabiliz\u0113jo\u0161\u0101s re\u0123ion\u0101l\u0101s politikas rad\u012btais drauds starptautiskajai dro\u0161\u012bbai.<\/p>\n<p>Latvijas un Izra\u0113las divpus\u0113j\u0101s attiec\u012bbas ir cie\u0161as un akt\u012bvas. Abas valstis veicina politisko dialogu un ekonomisko sadarb\u012bbu. Izra\u0113las Valsts prezidents \u012azaks Hercogs ir izteicis atzin\u012bbu Latvijai par politisko atbalstu un solidarit\u0101ti p\u0113c 2023. gada 7. oktobra uzbrukumiem. Vi\u0146\u0161 ar\u012b atcer\u0113j\u0101s savu viz\u012bti Latvij\u0101 2025. gada august\u0101 un aicin\u0101ja Latvijas prezidentu Edgaru Rink\u0113vi\u010du apmekl\u0113t Izra\u0113lu.<\/p>\n<p>Tirdzniec\u012bbas dinamika un n\u0101kotnes perspekt\u012bvas<\/p>\n<p>Lai gan kop\u0113jais tirdzniec\u012bbas apgroz\u012bjums starp Latviju un Izra\u0113lu 2024. gad\u0101 bija 116,1 miljons eiro, ir v\u0113rojams eksporta pieaugums. Tom\u0113r Izra\u0113las ekonomika ir tehnolo\u0123iski att\u012bst\u012bta, un t\u0101s inov\u0101cijas un kvalitat\u012bvie produkti ir noz\u012bm\u012bgi. Iesp\u0113jamie ES tirdzniec\u012bbas ierobe\u017eojumi var\u0113tu rad\u012bt sare\u017e\u0123\u012bjumus \u0161ai dinamikai.<\/p>\n<p>Situ\u0101cija ir nep\u0101rtraukti main\u012bga, un ir svar\u012bgi sekot l\u012bdzi jaun\u0101kajai inform\u0101cijai par ES un Izra\u0113las attiec\u012bbu att\u012bst\u012bbu. Tiek prognoz\u0113ts, ka turpm\u0101k\u0101s att\u012bst\u012bbas tendences noteiks gan dro\u0161\u012bbas situ\u0101cija re\u0123ion\u0101, gan starptautisk\u0101s politikas l\u0113mumi. Lai gan Eiropas Savien\u012bbas un Izra\u0113las attiec\u012bb\u0101s ir v\u0113rojama spriedze, diplom\u0101tisk\u0101s un ekonomisk\u0101s saites saglab\u0101 savu noz\u012bmi.<\/p>\n","protected":false},"excerpt":{"rendered":"Eiropas Savien\u012bbas potenci\u0101lie tirdzniec\u012bbas ierobe\u017eojumi pret Izra\u0113lu P\u0113d\u0113j\u0101 laik\u0101 v\u0113rojamas iev\u0113rojamas p\u0101rmai\u0146as Eiropas Savien\u012bbas (ES) un Izra\u0113las attiec\u012bb\u0101s,&hellip;\n","protected":false},"author":2,"featured_media":27188,"comment_status":"","ping_status":"","sticky":false,"template":"","format":"standard","meta":{"footnotes":""},"categories":[5],"tags":[23,28,29,8422,512,8419,32,33,8421,22,30,31,35,39,38,36,37,34,40,20,26,27,8420,24,25,21],"class_list":{"0":"post-27187","1":"post","2":"type-post","3":"status-publish","4":"format-standard","5":"has-post-thumbnail","7":"category-aktualitates","8":"tag-aktualitates","9":"tag-breaking-news","10":"tag-breakingnews","11":"tag-diplomatiskais-dialogs","12":"tag-eiropas-komisija","13":"tag-es-izraelas-attiecibas","14":"tag-featured-news","15":"tag-featurednews","16":"tag-gazaskraislas-krize","17":"tag-headlines","18":"tag-latest-news","19":"tag-latestnews","20":"tag-latvia","21":"tag-latvian","22":"tag-latviesu","23":"tag-latviesu-valoda","24":"tag-latviesuvaloda","25":"tag-latvija","26":"tag-lv","27":"tag-news","28":"tag-popularakas-zinas","29":"tag-popularakaszinas","30":"tag-tirdzniecibas-ierobezojumi","31":"tag-top-stories","32":"tag-topstories","33":"tag-zinas"},"share_on_mastodon":{"url":"","error":""},"_links":{"self":[{"href":"https:\/\/www.europesays.com\/lv\/wp-json\/wp\/v2\/posts\/27187","targetHints":{"allow":["GET"]}}],"collection":[{"href":"https:\/\/www.europesays.com\/lv\/wp-json\/wp\/v2\/posts"}],"about":[{"href":"https:\/\/www.europesays.com\/lv\/wp-json\/wp\/v2\/types\/post"}],"author":[{"embeddable":true,"href":"https:\/\/www.europesays.com\/lv\/wp-json\/wp\/v2\/users\/2"}],"replies":[{"embeddable":true,"href":"https:\/\/www.europesays.com\/lv\/wp-json\/wp\/v2\/comments?post=27187"}],"version-history":[{"count":0,"href":"https:\/\/www.europesays.com\/lv\/wp-json\/wp\/v2\/posts\/27187\/revisions"}],"wp:featuredmedia":[{"embeddable":true,"href":"https:\/\/www.europesays.com\/lv\/wp-json\/wp\/v2\/media\/27188"}],"wp:attachment":[{"href":"https:\/\/www.europesays.com\/lv\/wp-json\/wp\/v2\/media?parent=27187"}],"wp:term":[{"taxonomy":"category","embeddable":true,"href":"https:\/\/www.europesays.com\/lv\/wp-json\/wp\/v2\/categories?post=27187"},{"taxonomy":"post_tag","embeddable":true,"href":"https:\/\/www.europesays.com\/lv\/wp-json\/wp\/v2\/tags?post=27187"}],"curies":[{"name":"wp","href":"https:\/\/api.w.org\/{rel}","templated":true}]}}