{"id":27206,"date":"2025-10-21T12:10:11","date_gmt":"2025-10-21T12:10:11","guid":{"rendered":"https:\/\/www.europesays.com\/lv\/27206\/"},"modified":"2025-10-21T12:10:11","modified_gmt":"2025-10-21T12:10:11","slug":"petnieki-izsaka-secinajumus-par-zapad-2025-macibam","status":"publish","type":"post","link":"https:\/\/www.europesays.com\/lv\/27206\/","title":{"rendered":"P\u0113tnieki izsaka secin\u0101jumus par &#8220;Zapad 2025&#8221; m\u0101c\u012bb\u0101m"},"content":{"rendered":"<p>Svar\u012bga narat\u012bva sast\u0101vda\u013ca bija uzsvars uz kop\u012bgiem draudiem un kop\u012bgiem m\u0113r\u0137iem, nor\u0101da &#8220;Re:Baltica&#8221;.<\/p>\n<p>P\u0113tnieki akcent\u0113, ka Baltkrievijas pa\u0161pasludin\u0101t\u0101 prezidenta Aleksandra Luka\u0161enko re\u017e\u012bmam svar\u012bgs izn\u0101kums ir sabiedrisk\u0101s domas gatav\u012bba t\u0101l\u0101kai militariz\u0101cijai. T\u0101 tiek uztverta k\u0101 dabiska un nepiecie\u0161ama atbilde uz \u0101r\u0113jiem draudiem. \u012apa\u0161i to var man\u012bt attieksmes mai\u0146\u0101 pret milit\u0101rajiem izdevumiem un iesauk\u0161anu armij\u0101, k\u0101 ar\u012b p\u0113c milit\u0101ri patriotisku pas\u0101kumu popularit\u0101tes. Lai gan iepriek\u0161 \u0161\u012bs t\u0113mas izrais\u012bja zin\u0101mu sabiedr\u012bbas pretest\u012bbu, p\u0113c informat\u012bv\u0101s kampa\u0146as ap &#8220;Zapad-2025&#8221; t\u0101s tiek uztvertas k\u0101 neizb\u0113gama cena par valsts dro\u0161\u012bbu, nor\u0101da &#8220;Re:Baltica&#8221;.<\/p>\n<p>&#8220;Gatav\u012bbas kult\u016bra&#8221; izpau\u017eas k\u0101 pastiprin\u0101ta interese par milit\u0101r\u0101m t\u0113m\u0101m, milit\u0101ri patriotisku pas\u0101kumu popularit\u0101te un attieksmes mai\u0146a pret oblig\u0101to dienestu jaunie\u0161u vid\u016b, akcent\u0113 &#8220;Re:Baltica&#8221;.<\/p>\n<p>Sal\u012bdzinot abu valstu v\u0113st\u012bjumus, p\u0113tnieki secina &#8211; kam\u0113r Baltkrievijas valsts mediji cent\u0101s izskat\u012bties diplom\u0101tiski, uzsverot &#8220;mierm\u012bl\u012bbu&#8221; un &#8220;aizsardz\u012bbu&#8221;, k\u0101 ar\u012b izvairoties no konkr\u0113tu m\u0113r\u0137a valstu nosauk\u0161anas, Krievijas kan\u0101li bija daudz agres\u012bv\u0101ki.<\/p>\n<p>\u012apa\u0161i uzkr\u012bto\u0161a at\u0161\u0137ir\u012bba ir kodoliero\u010du apcer\u0113\u0161ana. Kam\u0113r Baltkrievijas mediji mask\u0113ti run\u0101ja par &#8220;attur\u0113\u0161anu&#8221;, Krievijas kan\u0101li izmantoja &#8220;iesild\u012b\u0161an\u0101s&#8221; metodi &#8211; pak\u0101peniski sagatavojot sabiedr\u012bbu t\u0101 iesp\u0113jam\u012bbai, nor\u0101da &#8220;Re:Baltica&#8221;.<\/p>\n<p>Baltkrievijas un Krievijas ofici\u0101lie mediji t\u0113loja &#8220;labos policistus&#8221; &#8211; diplom\u0101tiskus, atv\u0113rtus un mieru m\u012blo\u0161us. Krievijas &#8220;Telegram&#8221; kan\u0101li t\u0113loja &#8220;sliktos policistus&#8221;, sakot lietas, ko ofici\u0101lie avoti neteiktu, secina p\u0113tnieki.<\/p>\n<p>Iepriek\u0161min\u0113t\u0101 izp\u0113te veikta, &#8220;Media IQ&#8221; sadarb\u012bb\u0101 ar &#8220;Re:Baltica&#8221; analiz\u0113jot Baltkrievijas valsts mediju un vald\u012bbu atbalsto\u0161o &#8220;Telegram&#8221; kan\u0101lu saturu no 2025. gada j\u016blija l\u012bdz septembra beig\u0101m.<\/p>\n<p>Lai noskaidrotu Krievij\u0101 izplat\u012btos narat\u012bvus par m\u0101c\u012bb\u0101m &#8220;Zapad-2025&#8221;, ko mediji nodeva miljonu auditorijai, tika analiz\u0113ts to atspogu\u013cojums Krievijas pla\u0161sazi\u0146as l\u012bdzek\u013cos un &#8220;Telegram&#8221; kan\u0101los no 2025. gada 1. l\u012bdz 16. septembrim.<\/p>\n<p>K\u0101 v\u0113st\u012bts, ofici\u0101li tika izzi\u0146ots, ka m\u0101c\u012bbas &#8220;Zapad 2025&#8221; norisin\u0101j\u0101s no 12. l\u012bdz 16. septembrim, bet faktiski to pas\u0101kumi notika jau kop\u0161 j\u016blija, un m\u0101c\u012bbas, visticam\u0101k, nosl\u0113gsies ar strat\u0113\u0123isko kodolsp\u0113ku m\u0101c\u012bb\u0101m oktobr\u012b vai novembr\u012b, iepriek\u0161 nor\u0101d\u012bjis Milit\u0101r\u0101s izl\u016bko\u0161anas un dro\u0161\u012bbas dienests.<\/p>\n<p>\u0160o m\u0101c\u012bbu laik\u0101 Latvijas teritorij\u0101 b\u016btiski incidenti nav konstat\u0113ti, ta\u010du aizsardz\u012bbas resors turpin\u0101s uzraudz\u012bt situ\u0101ciju ar\u012b p\u0113c t\u0101m, a\u0123ent\u016brai LETA iepriek\u0161 teica aizsardz\u012bbas ministrs Andris Spr\u016bds (P).<\/p>\n","protected":false},"excerpt":{"rendered":"Svar\u012bga narat\u012bva sast\u0101vda\u013ca bija uzsvars uz kop\u012bgiem draudiem un kop\u012bgiem m\u0113r\u0137iem, nor\u0101da &#8220;Re:Baltica&#8221;. P\u0113tnieki akcent\u0113, ka Baltkrievijas pa\u0161pasludin\u0101t\u0101&hellip;\n","protected":false},"author":2,"featured_media":27207,"comment_status":"","ping_status":"","sticky":false,"template":"","format":"standard","meta":{"footnotes":""},"categories":[5],"tags":[23,2416,28,29,32,33,22,234,30,31,35,39,38,36,37,34,40,20,26,27,24,25,8428,21],"class_list":{"0":"post-27206","1":"post","2":"type-post","3":"status-publish","4":"format-standard","5":"has-post-thumbnail","7":"category-aktualitates","8":"tag-aktualitates","9":"tag-baltkrievija","10":"tag-breaking-news","11":"tag-breakingnews","12":"tag-featured-news","13":"tag-featurednews","14":"tag-headlines","15":"tag-krievija","16":"tag-latest-news","17":"tag-latestnews","18":"tag-latvia","19":"tag-latvian","20":"tag-latviesu","21":"tag-latviesu-valoda","22":"tag-latviesuvaloda","23":"tag-latvija","24":"tag-lv","25":"tag-news","26":"tag-popularakas-zinas","27":"tag-popularakaszinas","28":"tag-top-stories","29":"tag-topstories","30":"tag-zapad-2025","31":"tag-zinas"},"share_on_mastodon":{"url":"","error":""},"_links":{"self":[{"href":"https:\/\/www.europesays.com\/lv\/wp-json\/wp\/v2\/posts\/27206","targetHints":{"allow":["GET"]}}],"collection":[{"href":"https:\/\/www.europesays.com\/lv\/wp-json\/wp\/v2\/posts"}],"about":[{"href":"https:\/\/www.europesays.com\/lv\/wp-json\/wp\/v2\/types\/post"}],"author":[{"embeddable":true,"href":"https:\/\/www.europesays.com\/lv\/wp-json\/wp\/v2\/users\/2"}],"replies":[{"embeddable":true,"href":"https:\/\/www.europesays.com\/lv\/wp-json\/wp\/v2\/comments?post=27206"}],"version-history":[{"count":0,"href":"https:\/\/www.europesays.com\/lv\/wp-json\/wp\/v2\/posts\/27206\/revisions"}],"wp:featuredmedia":[{"embeddable":true,"href":"https:\/\/www.europesays.com\/lv\/wp-json\/wp\/v2\/media\/27207"}],"wp:attachment":[{"href":"https:\/\/www.europesays.com\/lv\/wp-json\/wp\/v2\/media?parent=27206"}],"wp:term":[{"taxonomy":"category","embeddable":true,"href":"https:\/\/www.europesays.com\/lv\/wp-json\/wp\/v2\/categories?post=27206"},{"taxonomy":"post_tag","embeddable":true,"href":"https:\/\/www.europesays.com\/lv\/wp-json\/wp\/v2\/tags?post=27206"}],"curies":[{"name":"wp","href":"https:\/\/api.w.org\/{rel}","templated":true}]}}