{"id":27208,"date":"2025-10-21T12:11:11","date_gmt":"2025-10-21T12:11:11","guid":{"rendered":"https:\/\/www.europesays.com\/lv\/27208\/"},"modified":"2025-10-21T12:11:11","modified_gmt":"2025-10-21T12:11:11","slug":"jauns-raidijums-ar-sabiedriba-zinamiem-cilvekiem","status":"publish","type":"post","link":"https:\/\/www.europesays.com\/lv\/27208\/","title":{"rendered":"Jauns raid\u012bjums ar sabiedr\u012bb\u0101 zin\u0101miem cilv\u0113kiem"},"content":{"rendered":"<p>\u010cetru epizo\u017eu garum\u0101 sabiedr\u012bb\u0101 paz\u012bstami viesi kop\u0101 ar gr\u0101matu autoriem diskut\u0113s par \u010detr\u0101m spilgt\u0101m latvie\u0161u gr\u0101mat\u0101m \u2013 &#8220;Praktisk\u0101 kokvilna&#8221;, &#8220;Sest\u0101 sieva&#8221;, &#8220;N\u0101ve &#8211; t\u0101s nav beigas&#8221; un &#8220;Tarak\u0101ni man\u0101 galv\u0101&#8221;, p\u0101rv\u0113r\u0161ot las\u012b\u0161anu par \u012bstu \u0161ovu!<\/p>\n<p><img decoding=\"async\" class=\"figure__image\" onclick=\"triggerEvent('articleImageClick', { id: 17227751, focus: 'single-image', focusIndex: '17227751' })\" onkeydown=\"if (event.key === 'Enter') {&#10;        triggerEvent('articleImageClick', { id: 17227751, focus: 'single-image', focusIndex: '17227751' })&#10;        }\" role=\"button\" tabindex=\"0\" data-focus-from=\"single-image\" data-focus-index=\"17227751\" src=\"https:\/\/www.europesays.com\/lv\/wp-content\/uploads\/2025\/10\/17227751t1hf9cc.jpg\" onload=\"this.parentElement.classList.remove('figure__image-loading')\" alt=\"&quot;Gr\u0101matu klubi\u0146\u0161&quot;.\"\/>&#8220;Gr\u0101matu klubi\u0146\u0161&#8221;. Foto: Publicit\u0101tes foto<\/p>\n<p>&#8220;Gr\u0101matu klubi\u0146\u0161&#8221; ir \u0161ovs, kur las\u012b\u0161ana k\u013c\u016bst par piedz\u012bvojumu! Tr\u012bs sabiedr\u012bb\u0101 paz\u012bstami cilv\u0113ki, kuri ir izlas\u012bju\u0161i vienu un to pa\u0161u latvie\u0161u rakstnieka gr\u0101matu, satiekas ar pa\u0161u autoru &#8211; ta\u010du \u0161\u012b nav parasta intervija.<\/p>\n<blockquote class=\"quote ck-widget\" contenteditable=\"false\">\n<p>Katram no vi\u0146iem ir savs uzdevums \u2013 viens izv\u0113las tik\u0161an\u0101s vietu, kur var\u0113tu risin\u0101ties gr\u0101matas si\u017eets; otrs nosaka vienotu \u0123\u0113rb\u0161an\u0101s stilu, kas atdz\u012bvina gr\u0101matas varo\u0146us; tre\u0161ais sagatavo \u0113dienu, kuru var\u0113tu \u0113st gr\u0101matu varo\u0146i.<\/p>\n<\/blockquote>\n<p>Vakara beig\u0101s tiek pasludin\u0101ts viesu spriedums: vai gr\u0101matu noteikti ieteiktu izlas\u012bt, to var las\u012bt, var ar\u012b nelas\u012bt vai t\u0101 tom\u0113r j\u0101atliek atpaka\u013c plaukt\u0101.<\/p>\n<p>&#8220;Gr\u0101matu klubi\u0146\u0161&#8221; pulc\u0113s da\u017e\u0101dus viesus \u2013 gr\u0101matu autorus, aktierus, modes dizainerus, influencerus, raid\u012bjumu vad\u012bt\u0101jus, komi\u0137us un citas person\u012bbas, kas \u013causies gr\u0101matu pasaulei.<\/p>\n<blockquote class=\"quote ck-widget\" contenteditable=\"false\">\n<p>Raid\u012bjuma viesu vid\u016b b\u016bs t\u0101das sabiedr\u012bb\u0101 zin\u0101mas person\u012bbas k\u0101 Ralfs Eilands, Kaspars Breidaks, \u017danna Dubska, Sanda Dejus, D\u017eemma Sudraba un daudzi citi.<\/p>\n<\/blockquote>\n<p><img decoding=\"async\" class=\"figure__image\" onclick=\"triggerEvent('articleImageClick', { id: 17227749, focus: 'single-image', focusIndex: '17227749' })\" onkeydown=\"if (event.key === 'Enter') {&#10;        triggerEvent('articleImageClick', { id: 17227749, focus: 'single-image', focusIndex: '17227749' })&#10;        }\" role=\"button\" tabindex=\"0\" data-focus-from=\"single-image\" data-focus-index=\"17227749\" src=\"https:\/\/www.europesays.com\/lv\/wp-content\/uploads\/2025\/10\/17227749t1hcae8.jpg\" onload=\"this.parentElement.classList.remove('figure__image-loading')\" alt=\"&quot;Gr\u0101matu klubi\u0146\u0161&quot;.\"\/>&#8220;Gr\u0101matu klubi\u0146\u0161&#8221;. Foto: Publicit\u0101tes foto<\/p>\n<p>Pirmaj\u0101 epizod\u0113 viesi run\u0101s par Zanes Nuts gr\u0101matu &#8220;Praktisk\u0101 kokvilna&#8221;, kura pavisam dr\u012bz piedz\u012bvos ar\u012b ekraniz\u0101ciju seri\u0101la form\u0101t\u0101 Go3 telev\u012bzij\u0101.<\/p>\n<p>N\u0101kamaj\u0101s epizod\u0113s baud\u012bsim ar\u012b autores Ingas Grencbergas liter\u0101ro darbu &#8220;Sest\u0101 sieva&#8221;, Nila Saksa un Jur\u0123a Liepnieka rom\u0101nu &#8220;N\u0101ve \u2013 t\u0101s nav beigas&#8221; un Di\u0101nas Zandes un Zanes Zustas kopdarbu &#8220;Tarak\u0101ni man\u0101 galv\u0101&#8221;.<\/p>\n<p><img decoding=\"async\" class=\"figure__image\" onclick=\"triggerEvent('articleImageClick', { id: 17227747, focus: 'single-image', focusIndex: '17227747' })\" onkeydown=\"if (event.key === 'Enter') {&#10;        triggerEvent('articleImageClick', { id: 17227747, focus: 'single-image', focusIndex: '17227747' })&#10;        }\" role=\"button\" tabindex=\"0\" data-focus-from=\"single-image\" data-focus-index=\"17227747\" src=\"https:\/\/www.europesays.com\/lv\/wp-content\/uploads\/2025\/10\/17227747t1ha3d5.jpg\" onload=\"this.parentElement.classList.remove('figure__image-loading')\" alt=\"&quot;Gr\u0101matu klubi\u0146\u0161&quot;.\"\/>&#8220;Gr\u0101matu klubi\u0146\u0161&#8221;. Foto: Publicit\u0101tes foto<\/p>\n<p>Skaties &#8220;Gr\u0101matu klubi\u0146u&#8221; Go3 telev\u012bzij\u0101 no 21. oktobra katru otrdienu!<\/p>\n","protected":false},"excerpt":{"rendered":"\u010cetru epizo\u017eu garum\u0101 sabiedr\u012bb\u0101 paz\u012bstami viesi kop\u0101 ar gr\u0101matu autoriem diskut\u0113s par \u010detr\u0101m spilgt\u0101m latvie\u0161u gr\u0101mat\u0101m \u2013 &#8220;Praktisk\u0101&hellip;\n","protected":false},"author":2,"featured_media":27209,"comment_status":"","ping_status":"","sticky":false,"template":"","format":"standard","meta":{"footnotes":""},"categories":[19],"tags":[89,8429,90,35,39,38,36,37,34,40,1110],"class_list":{"0":"post-27208","1":"post","2":"type-post","3":"status-publish","4":"format-standard","5":"has-post-thumbnail","7":"category-izklaide","8":"tag-entertainment","9":"tag-gramatu-klubins","10":"tag-izklaide","11":"tag-latvia","12":"tag-latvian","13":"tag-latviesu","14":"tag-latviesu-valoda","15":"tag-latviesuvaloda","16":"tag-latvija","17":"tag-lv","18":"tag-tv-sovs"},"share_on_mastodon":{"url":"","error":""},"_links":{"self":[{"href":"https:\/\/www.europesays.com\/lv\/wp-json\/wp\/v2\/posts\/27208","targetHints":{"allow":["GET"]}}],"collection":[{"href":"https:\/\/www.europesays.com\/lv\/wp-json\/wp\/v2\/posts"}],"about":[{"href":"https:\/\/www.europesays.com\/lv\/wp-json\/wp\/v2\/types\/post"}],"author":[{"embeddable":true,"href":"https:\/\/www.europesays.com\/lv\/wp-json\/wp\/v2\/users\/2"}],"replies":[{"embeddable":true,"href":"https:\/\/www.europesays.com\/lv\/wp-json\/wp\/v2\/comments?post=27208"}],"version-history":[{"count":0,"href":"https:\/\/www.europesays.com\/lv\/wp-json\/wp\/v2\/posts\/27208\/revisions"}],"wp:featuredmedia":[{"embeddable":true,"href":"https:\/\/www.europesays.com\/lv\/wp-json\/wp\/v2\/media\/27209"}],"wp:attachment":[{"href":"https:\/\/www.europesays.com\/lv\/wp-json\/wp\/v2\/media?parent=27208"}],"wp:term":[{"taxonomy":"category","embeddable":true,"href":"https:\/\/www.europesays.com\/lv\/wp-json\/wp\/v2\/categories?post=27208"},{"taxonomy":"post_tag","embeddable":true,"href":"https:\/\/www.europesays.com\/lv\/wp-json\/wp\/v2\/tags?post=27208"}],"curies":[{"name":"wp","href":"https:\/\/api.w.org\/{rel}","templated":true}]}}