{"id":27218,"date":"2025-10-21T12:22:17","date_gmt":"2025-10-21T12:22:17","guid":{"rendered":"https:\/\/www.europesays.com\/lv\/27218\/"},"modified":"2025-10-21T12:22:17","modified_gmt":"2025-10-21T12:22:17","slug":"eiropas-savieniba-var-atgriezties-pie-jautajuma-par-sankcijam-izraelai-norada-kallasa","status":"publish","type":"post","link":"https:\/\/www.europesays.com\/lv\/27218\/","title":{"rendered":"Eiropas Savien\u012bba var atgriezties pie jaut\u0101juma par sankcij\u0101m Izra\u0113lai, nor\u0101da Kallasa"},"content":{"rendered":"<p>&#8220;Uguns p\u0101rtrauk\u0161ana ir main\u012bjusi kontekstu &#8211; tas visiem ir piln\u012bgi skaidrs,&#8221; p\u0113c ES \u0101rlietu ministru san\u0101ksmes sac\u012bja Kallasa.<\/p>\n<p>&#8220;Tom\u0113r, ja m\u0113s neredz\u0113sim re\u0101las un notur\u012bgas p\u0101rmai\u0146as uz vietas, ar\u012b liel\u0101ku pal\u012bdz\u012bbas apjomu Gazas josl\u0101, sankciju draudi joproj\u0101m b\u016bs aktu\u0101li,&#8221; nor\u0101d\u012bja ES augst\u0101k\u0101 diplom\u0101te.<\/p>\n<p>Brisele ierosin\u0101ja noteikt sankcijas Izra\u0113lai, ar\u012b iek\u013caut ministrus melnaj\u0101 sarakst\u0101 un ierobe\u017eot tirdzniec\u012bbas saites, v\u0113l pirms ASV prezidents <a href=\"https:\/\/www.tvnet.lv\/term\/555636\/donalds-tramps\" class=\"topicLink\" target=\"_blank\" rel=\"nofollow noopener\">Donalds Tramps<\/a> bija pan\u0101cis pamiera vieno\u0161anos, lai aptur\u0113tu karu Gazas josl\u0101.<\/p>\n<p>&#8220;M\u0113s tagad nevirz\u0101mies uz priek\u0161u ar \u0161iem pas\u0101kumiem, bet m\u0113s tos ar\u012b neno\u0146emam no galda, jo situ\u0101cija ir trausla,&#8221; sac\u012bja Kallasa.<\/p>\n<p>ES v\u0113las, lai Izra\u0113la sper virkni so\u013cu, ar\u012b uzlabo hum\u0101n\u0101s pal\u012bdz\u012bbas non\u0101k\u0161anu Gaz\u0101, nodod ie\u0146\u0113mumus palest\u012bnie\u0161iem un \u013cauj \u017eurn\u0101listiem iek\u013c\u016bt palest\u012bnie\u0161u teritorij\u0101.<\/p>\n<p>Izra\u0113la mudin\u0101jusi ES atteikties no ierosin\u0101tajiem sankciju pas\u0101kumiem, ja bloks v\u0113las uz\u0146emties liel\u0101ku lomu miera proces\u0101.<\/p>\n<p>Uguns p\u0101rtrauk\u0161anas vieno\u0161an\u0101s tika apdraud\u0113ta sv\u0113tdien, kad Izra\u0113las bru\u0146otie sp\u0113ki uzbruka desmitiem teroristisk\u0101 grup\u0113juma &#8220;Ham\u0101s&#8221; poz\u012bciju Gazas josl\u0101 p\u0113c tam, kad kaujinieki bija nogalin\u0101ju\u0161i divus t\u0101s karav\u012brus.<\/p>\n<p>&#8220;Uguns p\u0101rtrauk\u0161ana Gaz\u0101 nupat sask\u0101r\u0101s ar pirmo lielo p\u0101rbaud\u012bjumu,&#8221; nor\u0101d\u012bja Kallasa.<\/p>\n<p>&#8220;&#8221;Ham\u0101s&#8221; uzbrukumi palest\u012bnie\u0161u civiliedz\u012bvot\u0101jiem un &#8220;Ham\u0101s&#8221; atteik\u0161an\u0101s atbru\u0146oties padara pamieru arvien trausl\u0101ku,&#8221; br\u012bdin\u0101ja diplom\u0101te.<\/p>\n","protected":false},"excerpt":{"rendered":"&#8220;Uguns p\u0101rtrauk\u0161ana ir main\u012bjusi kontekstu &#8211; tas visiem ir piln\u012bgi skaidrs,&#8221; p\u0113c ES \u0101rlietu ministru san\u0101ksmes sac\u012bja Kallasa.&hellip;\n","protected":false},"author":2,"featured_media":5774,"comment_status":"","ping_status":"","sticky":false,"template":"","format":"standard","meta":{"footnotes":""},"categories":[5],"tags":[23,28,29,542,514,32,33,2404,1272,22,30,31,35,39,38,36,37,34,40,20,26,27,24,25,21],"class_list":{"0":"post-27218","1":"post","2":"type-post","3":"status-publish","4":"format-standard","5":"has-post-thumbnail","7":"category-aktualitates","8":"tag-aktualitates","9":"tag-breaking-news","10":"tag-breakingnews","11":"tag-donalds-tramps","12":"tag-eiropas-savieniba","13":"tag-featured-news","14":"tag-featurednews","15":"tag-gaza","16":"tag-hamas","17":"tag-headlines","18":"tag-latest-news","19":"tag-latestnews","20":"tag-latvia","21":"tag-latvian","22":"tag-latviesu","23":"tag-latviesu-valoda","24":"tag-latviesuvaloda","25":"tag-latvija","26":"tag-lv","27":"tag-news","28":"tag-popularakas-zinas","29":"tag-popularakaszinas","30":"tag-top-stories","31":"tag-topstories","32":"tag-zinas"},"share_on_mastodon":{"url":"","error":""},"_links":{"self":[{"href":"https:\/\/www.europesays.com\/lv\/wp-json\/wp\/v2\/posts\/27218","targetHints":{"allow":["GET"]}}],"collection":[{"href":"https:\/\/www.europesays.com\/lv\/wp-json\/wp\/v2\/posts"}],"about":[{"href":"https:\/\/www.europesays.com\/lv\/wp-json\/wp\/v2\/types\/post"}],"author":[{"embeddable":true,"href":"https:\/\/www.europesays.com\/lv\/wp-json\/wp\/v2\/users\/2"}],"replies":[{"embeddable":true,"href":"https:\/\/www.europesays.com\/lv\/wp-json\/wp\/v2\/comments?post=27218"}],"version-history":[{"count":0,"href":"https:\/\/www.europesays.com\/lv\/wp-json\/wp\/v2\/posts\/27218\/revisions"}],"wp:featuredmedia":[{"embeddable":true,"href":"https:\/\/www.europesays.com\/lv\/wp-json\/wp\/v2\/media\/5774"}],"wp:attachment":[{"href":"https:\/\/www.europesays.com\/lv\/wp-json\/wp\/v2\/media?parent=27218"}],"wp:term":[{"taxonomy":"category","embeddable":true,"href":"https:\/\/www.europesays.com\/lv\/wp-json\/wp\/v2\/categories?post=27218"},{"taxonomy":"post_tag","embeddable":true,"href":"https:\/\/www.europesays.com\/lv\/wp-json\/wp\/v2\/tags?post=27218"}],"curies":[{"name":"wp","href":"https:\/\/api.w.org\/{rel}","templated":true}]}}