{"id":27221,"date":"2025-10-21T12:28:08","date_gmt":"2025-10-21T12:28:08","guid":{"rendered":"https:\/\/www.europesays.com\/lv\/27221\/"},"modified":"2025-10-21T12:28:08","modified_gmt":"2025-10-21T12:28:08","slug":"abu-meri-sarunas-ar-arodbiedribu-vienmer-ir-diplomatisks-tango-tvnet","status":"publish","type":"post","link":"https:\/\/www.europesays.com\/lv\/27221\/","title":{"rendered":"Abu Meri: Sarunas ar arodbiedr\u012bbu vienm\u0113r ir diplom\u0101tisks &quot;tango&quot; &#8211; TVNET"},"content":{"rendered":"<ol>\n<li><a href=\"https:\/\/news.google.com\/rss\/articles\/CBMilgFBVV95cUxPN3NFU21rM21lTzY5QVIwQ2JjTjRvMFZadmhRRXJLTWhrYWF0SGJCVXl1ZmNoSkNhcFpQTmhzOFB0SUlFTUdTWEJHNDZNcmRlYUdOWWphQTA1M00xck1IMlhHa1RUdDA2Ny1qYU9xbWJCZElkR0JzZGVOak5FMVJaX2t2TkJvQklBc2hPUnoxV1NGNXk3Z1E?oc=5\" target=\"_blank\" rel=\"nofollow noopener\">Abu Meri: Sarunas ar arodbiedr\u012bbu vienm\u0113r ir diplom\u0101tisks &#8220;tango&#8221;<\/a>&nbsp;&nbsp;TVNET<\/li>\n<li><a href=\"https:\/\/news.google.com\/rss\/articles\/CBMiuAFBVV95cUxOeWxXM195WlZPYkJqTWZHUzk5ODFIUVI3dms2X1VHYnpyVGp0OFNpd1ZUWnNUU1B0NXpzSFlYa1h0Q1ZIYUF1ZGlTelZmS0Zpa1Y5X09hODJFNnRUdEhpRTZVTGV5dXNjRDNoN1hOMVdEZDNkM2V1MmZDQkM0aGx1emZlMWJXMmlReXhIX1I5cXZ4VkRFcnpqV2NOX1VCQVJNQ2MwcTlqWGpuaXNEbDBtY0xtLTItUVB4?oc=5\" target=\"_blank\" rel=\"nofollow noopener\">Medi\u0137u arodbiedr\u012bba izsaka neuztic\u012bbu vesel\u012bbas ministram \/ Raksts<\/a>&nbsp;&nbsp;LSM<\/li>\n<li><a href=\"https:\/\/news.google.com\/rss\/articles\/CBMivgFBVV95cUxOa21zWHg2V0Z6aTMybmZnMGZSWTFhZ0NiSjZCSVdCUEJLRHNrb09KZWtibzMwMnFiUE5Sb0dTcmVrUENvWklNT0pwelZORDljT3lteGZkWGRpUDJtTXlKR1FDcGE2dmQ1UlBMOS1mNUlGbkYzODNpTndWd0hRMEZwMVVYYTRZaF85UWZkUWpmLXR3RkJaMG9HUER0aDhld1RtVlJmbHFVaXdHNGZod001bXkyU0FYX0hubFp5S0VB?oc=5\" target=\"_blank\" rel=\"nofollow noopener\">&#8220;Tas ir tikai pirmais solis&#8221; &#8211; medi\u0137u arodbiedr\u012bba izsaka neuztic\u012bbu vesel\u012bbas ministram<\/a>&nbsp;&nbsp;Jauns.lv<\/li>\n<li><a href=\"https:\/\/news.google.com\/rss\/articles\/CBMirgFBVV95cUxQYXZQd1F1bGJxOGN0aUxDbEg3eXZrRmpfSTA5RVRuM2x4T2hUWUM2R01zSURBT1JvN1FNdzlIODJIUENBeTNzcDlxeVQyV0ZSS0otRzhLX19Pc0w2SWpjblpGQzZVT3hsM0plZjY3Vy11dnY4ZDVla1k3ZWJRaWdrNEk3UUdocjVIbi1Ua01ScWdpb2NBU0IwWlB1cVpxbklzenhhVVdEcnlaWXNoTVE?oc=5\" target=\"_blank\" rel=\"nofollow noopener\">BKUS valdes priek\u0161s\u0113d\u0113t\u0101js Valts \u0100bols: \u013caujiet mums str\u0101d\u0101t bez nozares vad\u012bbas bie\u017eaj\u0101m mai\u0146\u0101m<\/a>&nbsp;&nbsp;NRA<\/li>\n<li><a href=\"https:\/\/news.google.com\/rss\/articles\/CBMivgFBVV95cUxPc0g3ZWJYeDJUOWxsYllCTXVha3c3VHRNTzdUZWpHTUQ1RnJUX2hsb0JkcVlUQTY3NmxGbVBicnllbzJ4YWhZR1JncmE3d2dmeklkaGVUSEkxQ244c19YeHBiTkxEV1FsTkZBbG1VTFNBcGEzb3JZVDBIWG1yMGFqUHpPOHE1dVZaaFhWQ0JBMHVEU1NvZWZyMF9PMktNX3NFSlZoZmx5R2tXS3RGaUhXVG5WY3B1ZzFSby1HejhR?oc=5\" target=\"_blank\" rel=\"nofollow noopener\">Medi\u0137u arodbiedr\u012bba lems par t\u0101l\u0101ko r\u012bc\u012bbu saist\u012bb\u0101 ar pras\u012bbu par darba samaksas palielin\u0101\u0161anu<\/a>&nbsp;&nbsp;farmacija-mic.lv<\/li>\n<\/ol>\n","protected":false},"excerpt":{"rendered":"Abu Meri: Sarunas ar arodbiedr\u012bbu vienm\u0113r ir diplom\u0101tisks &#8220;tango&#8221;&nbsp;&nbsp;TVNET Medi\u0137u arodbiedr\u012bba izsaka neuztic\u012bbu vesel\u012bbas ministram \/ Raksts&nbsp;&nbsp;LSM &#8220;Tas&hellip;\n","protected":false},"author":2,"featured_media":27222,"comment_status":"","ping_status":"","sticky":false,"template":"","format":"standard","meta":{"footnotes":""},"categories":[5],"tags":[23,28,29,32,33,22,256,30,31,35,39,38,36,37,34,40,20,3938,26,27,141,24,25,21],"class_list":{"0":"post-27221","1":"post","2":"type-post","3":"status-publish","4":"format-standard","5":"has-post-thumbnail","7":"category-aktualitates","8":"tag-aktualitates","9":"tag-breaking-news","10":"tag-breakingnews","11":"tag-featured-news","12":"tag-featurednews","13":"tag-headlines","14":"tag-hosams-abu-meri","15":"tag-latest-news","16":"tag-latestnews","17":"tag-latvia","18":"tag-latvian","19":"tag-latviesu","20":"tag-latviesu-valoda","21":"tag-latviesuvaloda","22":"tag-latvija","23":"tag-lv","24":"tag-news","25":"tag-nmpd","26":"tag-popularakas-zinas","27":"tag-popularakaszinas","28":"tag-saeima","29":"tag-top-stories","30":"tag-topstories","31":"tag-zinas"},"share_on_mastodon":{"url":"","error":""},"_links":{"self":[{"href":"https:\/\/www.europesays.com\/lv\/wp-json\/wp\/v2\/posts\/27221","targetHints":{"allow":["GET"]}}],"collection":[{"href":"https:\/\/www.europesays.com\/lv\/wp-json\/wp\/v2\/posts"}],"about":[{"href":"https:\/\/www.europesays.com\/lv\/wp-json\/wp\/v2\/types\/post"}],"author":[{"embeddable":true,"href":"https:\/\/www.europesays.com\/lv\/wp-json\/wp\/v2\/users\/2"}],"replies":[{"embeddable":true,"href":"https:\/\/www.europesays.com\/lv\/wp-json\/wp\/v2\/comments?post=27221"}],"version-history":[{"count":0,"href":"https:\/\/www.europesays.com\/lv\/wp-json\/wp\/v2\/posts\/27221\/revisions"}],"wp:featuredmedia":[{"embeddable":true,"href":"https:\/\/www.europesays.com\/lv\/wp-json\/wp\/v2\/media\/27222"}],"wp:attachment":[{"href":"https:\/\/www.europesays.com\/lv\/wp-json\/wp\/v2\/media?parent=27221"}],"wp:term":[{"taxonomy":"category","embeddable":true,"href":"https:\/\/www.europesays.com\/lv\/wp-json\/wp\/v2\/categories?post=27221"},{"taxonomy":"post_tag","embeddable":true,"href":"https:\/\/www.europesays.com\/lv\/wp-json\/wp\/v2\/tags?post=27221"}],"curies":[{"name":"wp","href":"https:\/\/api.w.org\/{rel}","templated":true}]}}