{"id":272441,"date":"2026-08-18T16:34:18","date_gmt":"2026-08-18T16:34:18","guid":{"rendered":"https:\/\/www.europesays.com\/lv\/272441\/"},"modified":"2026-08-18T16:34:18","modified_gmt":"2026-08-18T16:34:18","slug":"rigas-dzimsanas-dienas-pasakumos-pulcejusies-ap-300-000-cilveku","status":"publish","type":"post","link":"https:\/\/www.europesays.com\/lv\/272441\/","title":{"rendered":"R\u012bgas dzim\u0161anas dienas pas\u0101kumos pulc\u0113ju\u0161ies ap 300 000 cilv\u0113ku"},"content":{"rendered":"<p>Svin\u012bbas norisin\u0101j\u0101s 11. novembra krastmal\u0101, Vecr\u012bg\u0101, V\u0113rmanes d\u0101rz\u0101, Uzvaras park\u0101, Eksporta iel\u0101, Esplan\u0101d\u0113, pie R\u012bgas Kongresu nama un citviet. R\u012bgas dzim\u0161anas dienas programmu bag\u0101tin\u0101ja &#8220;Red Bull Showrun&#8221;.<\/p>\n<p>P\u0113c koncerta Daugavas \u016bde\u0146os bija skat\u0101ms muzik\u0101ls gaismas uzvedums, bet svin\u012bbas l\u012bdz pat naktij turpin\u0101j\u0101s kop\u0101 ar d\u012bd\u017eejiem.<\/p>\n<p>Visos R\u012bgas dzim\u0161anas dienas pas\u0101kumos tika nodro\u0161in\u0101ta vides piek\u013c\u016bstam\u012bba apmekl\u0113t\u0101jiem ar kust\u012bbu trauc\u0113jumiem, k\u0101 ar\u012b 11. novembra krastmal\u0101 koncertst\u0101stu &#8220;Atver R\u012bgu! Kods: 825&#8221; var\u0113ja baud\u012bt apmekl\u0113t\u0101ji ar dzirdes trauc\u0113jumiem.<\/p>\n<p>Sv\u0113tku m\u0113nesis v\u0113l turpin\u0101s ar Muzik\u0101lo parku programm\u0101m Dzegu\u017ekalna estr\u0101d\u0113, Zieme\u013cbl\u0101zmas pils park\u0101, V\u0113rmanes d\u0101rz\u0101, Kalnciema kvart\u0101l\u0101 un Ielu m\u0101kslas m\u0113ne\u0161a pas\u0101kumiem Sarkandaugav\u0101.<\/p>\n<p>Augusta izska\u0146\u0101, 29. august\u0101, gaid\u0101mi tradicion\u0101l\u0101s kult\u016bras sv\u0113tki &#8220;R\u012bga rada&#8221; jaunizveidotaj\u0101 tradicion\u0101l\u0101s kult\u016bras un amatniec\u012bbas centr\u0101 &#8220;\u012arga&#8221;, Jauniel\u0101 29A, k\u0101 ar\u012b Sen\u0101s uguns nakts Vakarbu\u013c\u013cu pludmal\u0113.<\/p>\n","protected":false},"excerpt":{"rendered":"Svin\u012bbas norisin\u0101j\u0101s 11. novembra krastmal\u0101, Vecr\u012bg\u0101, V\u0113rmanes d\u0101rz\u0101, Uzvaras park\u0101, Eksporta iel\u0101, Esplan\u0101d\u0113, pie R\u012bgas Kongresu nama un&hellip;\n","protected":false},"author":2,"featured_media":272442,"comment_status":"","ping_status":"","sticky":false,"template":"","format":"standard","meta":{"footnotes":"","_share_on_mastodon":"0"},"categories":[12],"tags":[23,28,29,32,33,22,30,31,35,39,38,36,37,34,40,20,26,27,172,687,24,25,21],"class_list":["post-272441","post","type-post","status-publish","format-standard","has-post-thumbnail","category-latvija","tag-aktualitates","tag-breaking-news","tag-breakingnews","tag-featured-news","tag-featurednews","tag-headlines","tag-latest-news","tag-latestnews","tag-latvia","tag-latvian","tag-latviesu","tag-latviesu-valoda","tag-latviesuvaloda","tag-latvija","tag-lv","tag-news","tag-popularakas-zinas","tag-popularakaszinas","tag-riga","tag-rigas-dome","tag-top-stories","tag-topstories","tag-zinas"],"share_on_mastodon":{"url":"https:\/\/pubeurope.com\/@lv\/117117482861819232","error":""},"_links":{"self":[{"href":"https:\/\/www.europesays.com\/lv\/wp-json\/wp\/v2\/posts\/272441","targetHints":{"allow":["GET"]}}],"collection":[{"href":"https:\/\/www.europesays.com\/lv\/wp-json\/wp\/v2\/posts"}],"about":[{"href":"https:\/\/www.europesays.com\/lv\/wp-json\/wp\/v2\/types\/post"}],"author":[{"embeddable":true,"href":"https:\/\/www.europesays.com\/lv\/wp-json\/wp\/v2\/users\/2"}],"replies":[{"embeddable":true,"href":"https:\/\/www.europesays.com\/lv\/wp-json\/wp\/v2\/comments?post=272441"}],"version-history":[{"count":0,"href":"https:\/\/www.europesays.com\/lv\/wp-json\/wp\/v2\/posts\/272441\/revisions"}],"wp:featuredmedia":[{"embeddable":true,"href":"https:\/\/www.europesays.com\/lv\/wp-json\/wp\/v2\/media\/272442"}],"wp:attachment":[{"href":"https:\/\/www.europesays.com\/lv\/wp-json\/wp\/v2\/media?parent=272441"}],"wp:term":[{"taxonomy":"category","embeddable":true,"href":"https:\/\/www.europesays.com\/lv\/wp-json\/wp\/v2\/categories?post=272441"},{"taxonomy":"post_tag","embeddable":true,"href":"https:\/\/www.europesays.com\/lv\/wp-json\/wp\/v2\/tags?post=272441"}],"curies":[{"name":"wp","href":"https:\/\/api.w.org\/{rel}","templated":true}]}}