{"id":272499,"date":"2026-08-18T17:47:23","date_gmt":"2026-08-18T17:47:23","guid":{"rendered":"https:\/\/www.europesays.com\/lv\/272499\/"},"modified":"2026-08-18T17:47:23","modified_gmt":"2026-08-18T17:47:23","slug":"iedzivotajus-riga-uztrauc-riepu-pedas-pec-notikusa-red-bull-showrun-sova-pasvaldiba-skaidro-kas-notiks","status":"publish","type":"post","link":"https:\/\/www.europesays.com\/lv\/272499\/","title":{"rendered":"Iedz\u012bvot\u0101jus R\u012bg\u0101 uztrauc riepu p\u0113das p\u0113c notiku\u0161\u0101 &#8220;Red Bull Showrun&#8221; \u0161ova. Pa\u0161vald\u012bba skaidro, kas notiks"},"content":{"rendered":"<p>Soci\u0101lajos t\u012bklos iedz\u012bvot\u0101ji pauda sa\u0161utumu par, vi\u0146upr\u0101t, saboj\u0101to brauktuvi.<\/p>\n<p>Vilemsons uzsver, ka pas\u0101kuma norises vieta p\u0113c t\u0101 beig\u0101m ir sakopta atbilsto\u0161i ierastajai k\u0101rt\u012bbai p\u0113c publiskiem pas\u0101kumiem. Savuk\u0101rt uz brauktuves viet\u0101m saglab\u0101ju\u0161\u0101s riepu p\u0113das, kas nav uzskat\u0101mas par seguma boj\u0101jumu un laika gait\u0101 pak\u0101peniski izzud\u012bs satiksmes un laikapst\u0101k\u013cu ietekm\u0113.<\/p>\n<p>Vilemsons uzsver, ka \u0161ova organizatori segu\u0161i visas izmaksas, bet pa\u0161vald\u012bba sniegusi tikai informat\u012bvu atbalstu.<\/p>\n<p>K\u0101 v\u0113st\u012bts, pag\u0101ju\u0161aj\u0101 sestdien\u0101 R\u012bg\u0101, Eksporta iel\u0101 no Elizabetes ielas l\u012bdz Van\u0161u tiltam, notika &#8220;Red Bull Showrun&#8221; \u0161ovs.<\/p>\n<p>\u0160ov\u0101 pirmo reizi Latvij\u0101 vienuviet pied\u0101v\u0101ja Pirm\u0101s formulas (F-1) un citu motoru sporta discipl\u012bnu paraugdemonstr\u0113jumus.<\/p>\n","protected":false},"excerpt":{"rendered":"Soci\u0101lajos t\u012bklos iedz\u012bvot\u0101ji pauda sa\u0161utumu par, vi\u0146upr\u0101t, saboj\u0101to brauktuvi. Vilemsons uzsver, ka pas\u0101kuma norises vieta p\u0113c t\u0101 beig\u0101m&hellip;\n","protected":false},"author":2,"featured_media":272500,"comment_status":"","ping_status":"","sticky":false,"template":"","format":"standard","meta":{"footnotes":"","_share_on_mastodon":"0"},"categories":[5],"tags":[23,28,29,32,33,22,30,31,35,39,38,36,37,34,40,20,26,27,4177,172,1529,1528,24,25,21],"class_list":["post-272499","post","type-post","status-publish","format-standard","has-post-thumbnail","category-aktualitates","tag-aktualitates","tag-breaking-news","tag-breakingnews","tag-featured-news","tag-featurednews","tag-headlines","tag-latest-news","tag-latestnews","tag-latvia","tag-latvian","tag-latviesu","tag-latviesu-valoda","tag-latviesuvaloda","tag-latvija","tag-lv","tag-news","tag-popularakas-zinas","tag-popularakaszinas","tag-red-bull","tag-riga","tag-satiksme","tag-satiksmes-drosiba","tag-top-stories","tag-topstories","tag-zinas"],"share_on_mastodon":{"url":"https:\/\/pubeurope.com\/@lv\/117117769904984904","error":""},"_links":{"self":[{"href":"https:\/\/www.europesays.com\/lv\/wp-json\/wp\/v2\/posts\/272499","targetHints":{"allow":["GET"]}}],"collection":[{"href":"https:\/\/www.europesays.com\/lv\/wp-json\/wp\/v2\/posts"}],"about":[{"href":"https:\/\/www.europesays.com\/lv\/wp-json\/wp\/v2\/types\/post"}],"author":[{"embeddable":true,"href":"https:\/\/www.europesays.com\/lv\/wp-json\/wp\/v2\/users\/2"}],"replies":[{"embeddable":true,"href":"https:\/\/www.europesays.com\/lv\/wp-json\/wp\/v2\/comments?post=272499"}],"version-history":[{"count":0,"href":"https:\/\/www.europesays.com\/lv\/wp-json\/wp\/v2\/posts\/272499\/revisions"}],"wp:featuredmedia":[{"embeddable":true,"href":"https:\/\/www.europesays.com\/lv\/wp-json\/wp\/v2\/media\/272500"}],"wp:attachment":[{"href":"https:\/\/www.europesays.com\/lv\/wp-json\/wp\/v2\/media?parent=272499"}],"wp:term":[{"taxonomy":"category","embeddable":true,"href":"https:\/\/www.europesays.com\/lv\/wp-json\/wp\/v2\/categories?post=272499"},{"taxonomy":"post_tag","embeddable":true,"href":"https:\/\/www.europesays.com\/lv\/wp-json\/wp\/v2\/tags?post=272499"}],"curies":[{"name":"wp","href":"https:\/\/api.w.org\/{rel}","templated":true}]}}