{"id":27269,"date":"2025-10-21T13:16:07","date_gmt":"2025-10-21T13:16:07","guid":{"rendered":"https:\/\/www.europesays.com\/lv\/27269\/"},"modified":"2025-10-21T13:16:07","modified_gmt":"2025-10-21T13:16:07","slug":"ride-iesniedzis-ptac-informaciju-par-vecuma-verifikacijas-rikiem","status":"publish","type":"post","link":"https:\/\/www.europesays.com\/lv\/27269\/","title":{"rendered":"&#8220;Ride&#8221; iesniedzis PTAC inform\u0101ciju par vecuma verifik\u0101cijas r\u012bkiem"},"content":{"rendered":"<p>LETA jau zi\u0146oja, ka PTAC pirmdien, 20. oktobr\u012b, nol\u0113ma p\u0101rtraukt &#8220;Ride&#8221; pied\u0101v\u0101to pakalpojumu snieg\u0161anu p\u0113c negad\u012bjuma, kur\u0101 dz\u012bv\u012bbu zaud\u0113ja divas nepilngad\u012bgas meitenes, \u0161\u0137\u0113rsojot dzelzce\u013ca p\u0101rbrauktuvi ar nom\u0101tu pa\u0161g\u0101j\u0113ju velosip\u0113du.<\/p>\n<p>Centrs, izv\u0113rt\u0113jot publiski pieejamo inform\u0101ciju un veicot pakalpojuma p\u0101rbaudi, konstat\u0113ja, ka &#8220;Ride&#8221; mobilaj\u0101 lietotn\u0113 nav ieviesti efekt\u012bvi vecuma verifik\u0101cijas meh\u0101nismi, kas liegtu nepilngad\u012bg\u0101m person\u0101m piek\u013c\u016bt pakalpojumam. Lietot\u0101ji var\u0113ja ievad\u012bt br\u012bvi izv\u0113l\u0113tus dzim\u0161anas datus un apstiprin\u0101t pilngad\u012bbu bez jebk\u0101das p\u0101rbaudes, uzsver PTAC.<\/p>\n<p>Vienlaikus PTAC pirmdien, 20. oktobr\u012b, sa\u0146\u0113ma komersanta sniegto inform\u0101ciju par risin\u0101jumiem un to izv\u0113rt\u0113s, ta\u010du patlaban pakalpojumu &#8220;Ride&#8221; nedr\u012bkst sniegt, l\u012bdz PTAC p\u0101rliecin\u0101sies, k\u0101 notiek lietot\u0101ju identit\u0101tes un vecuma p\u0101rbaude, k\u0101das metodes tiek izmantotas, k\u0101 ar\u012b kur un k\u0101 tiek ieg\u016bti dati, lai g\u016btu p\u0101rliec\u012bbu, ka persona ir pilngad\u012bga.<\/p>\n<p>&#8220;Ride&#8221; izpilddirektors Edgars J\u0101kobsons a\u0123ent\u016brai LETA iepriek\u0161 uzsv\u0113ra, ka uz\u0146\u0113mums patlaban neredz iemeslu, k\u0101d\u0113\u013c pakalpojumu nodro\u0161in\u0101\u0161ana ir j\u0101p\u0101rtrauc, jo uz\u0146\u0113mums ir ieviesis vecuma verifik\u0101cijas r\u012bkus, un \u0161ie pas\u0101kumi esot saska\u0146oti ar PTAC. &#8220;P\u0113c \u0161\u0101da l\u0113muma turpin\u0101sim aizst\u0101v\u0113t uz\u0146\u0113mumu un to saskat\u0101m k\u0101 uzbrukumu uz\u0146\u0113mumam, k\u0101 ar\u012b uz\u0146\u0113muma reput\u0101cijas grau\u0161anu, kam var\u0113tu b\u016bt juridiskas un finansi\u0101las sekas,&#8221; vi\u0146\u0161 piebilda.<\/p>\n<p>T\u0101pat vi\u0146\u0161 nor\u0101d\u012bja, ka uz\u0146\u0113mums apsver iesp\u0113ju v\u0113rsties ties\u0101, jo visi rekomend\u0113jo\u0161ie ieteikumi ir ieviesti.<\/p>\n<p>PTAC jau iepriek\u0161 oktobra s\u0101kum\u0101 nor\u0101d\u012bja, ka &#8220;Ride&#8221; pied\u0101v\u0101t\u0101 pakalpojuma snieg\u0161ana nav pie\u013caujama, un t\u0101 tiek aptur\u0113ta l\u012bdz turpm\u0101ka PTAC l\u0113muma pie\u0146em\u0161anai, bet uz\u0146\u0113mums \u0161o nor\u0101d\u012bjumu neizpild\u012bja un turpina sniegt pakalpojumu.<\/p>\n","protected":false},"excerpt":{"rendered":"LETA jau zi\u0146oja, ka PTAC pirmdien, 20. oktobr\u012b, nol\u0113ma p\u0101rtraukt &#8220;Ride&#8221; pied\u0101v\u0101to pakalpojumu snieg\u0161anu p\u0113c negad\u012bjuma, kur\u0101 dz\u012bv\u012bbu&hellip;\n","protected":false},"author":2,"featured_media":27270,"comment_status":"","ping_status":"","sticky":false,"template":"","format":"standard","meta":{"footnotes":""},"categories":[5],"tags":[23,28,29,32,33,22,30,31,35,39,38,36,37,34,40,20,26,27,4211,1528,24,25,21],"class_list":{"0":"post-27269","1":"post","2":"type-post","3":"status-publish","4":"format-standard","5":"has-post-thumbnail","7":"category-aktualitates","8":"tag-aktualitates","9":"tag-breaking-news","10":"tag-breakingnews","11":"tag-featured-news","12":"tag-featurednews","13":"tag-headlines","14":"tag-latest-news","15":"tag-latestnews","16":"tag-latvia","17":"tag-latvian","18":"tag-latviesu","19":"tag-latviesu-valoda","20":"tag-latviesuvaloda","21":"tag-latvija","22":"tag-lv","23":"tag-news","24":"tag-popularakas-zinas","25":"tag-popularakaszinas","26":"tag-ptac","27":"tag-satiksmes-drosiba","28":"tag-top-stories","29":"tag-topstories","30":"tag-zinas"},"share_on_mastodon":{"url":"","error":""},"_links":{"self":[{"href":"https:\/\/www.europesays.com\/lv\/wp-json\/wp\/v2\/posts\/27269","targetHints":{"allow":["GET"]}}],"collection":[{"href":"https:\/\/www.europesays.com\/lv\/wp-json\/wp\/v2\/posts"}],"about":[{"href":"https:\/\/www.europesays.com\/lv\/wp-json\/wp\/v2\/types\/post"}],"author":[{"embeddable":true,"href":"https:\/\/www.europesays.com\/lv\/wp-json\/wp\/v2\/users\/2"}],"replies":[{"embeddable":true,"href":"https:\/\/www.europesays.com\/lv\/wp-json\/wp\/v2\/comments?post=27269"}],"version-history":[{"count":0,"href":"https:\/\/www.europesays.com\/lv\/wp-json\/wp\/v2\/posts\/27269\/revisions"}],"wp:featuredmedia":[{"embeddable":true,"href":"https:\/\/www.europesays.com\/lv\/wp-json\/wp\/v2\/media\/27270"}],"wp:attachment":[{"href":"https:\/\/www.europesays.com\/lv\/wp-json\/wp\/v2\/media?parent=27269"}],"wp:term":[{"taxonomy":"category","embeddable":true,"href":"https:\/\/www.europesays.com\/lv\/wp-json\/wp\/v2\/categories?post=27269"},{"taxonomy":"post_tag","embeddable":true,"href":"https:\/\/www.europesays.com\/lv\/wp-json\/wp\/v2\/tags?post=27269"}],"curies":[{"name":"wp","href":"https:\/\/api.w.org\/{rel}","templated":true}]}}