{"id":273147,"date":"2026-08-19T14:37:16","date_gmt":"2026-08-19T14:37:16","guid":{"rendered":"https:\/\/www.europesays.com\/lv\/273147\/"},"modified":"2026-08-19T14:37:16","modified_gmt":"2026-08-19T14:37:16","slug":"eiroligas-cempions-pirms-parejas-uz-dubai-aizmirst-vienoties-ar-ieprieksejo-klubu-un-saasina-konfliktu","status":"publish","type":"post","link":"https:\/\/www.europesays.com\/lv\/273147\/","title":{"rendered":"Eirol\u012bgas \u010dempions pirms p\u0101rejas uz \u201cDubai\u201d aizmirst vienoties ar iepriek\u0161\u0113jo klubu un saasina konfliktu"},"content":{"rendered":"<p>                                <img decoding=\"async\" src=\"https:\/\/www.europesays.com\/lv\/wp-content\/uploads\/2026\/08\/tomass-volkaps-sportazinas-com-750x450.webp\"   alt=\"Tomass Volkaps\" class=\"post-featured-image\"\/><\/p>\n<p>Tomass Volkaps | Foto: Pirejas &#8220;Olympiacos&#8221;<\/p>\n<p class=\"wp-block-paragraph\">ULEB Eirol\u012bgas \u010dempiones <a href=\"https:\/\/www.sportazinas.com\/atsl%C4%93gv%C4%81rdi\/pirejas-olympiacos\" rel=\"nofollow noopener\" target=\"_blank\">Pirejas \u201cOlympiacos\u201d<\/a> sp\u0113l\u0113t\u0101js Tomass Volkaps non\u0101cis pamat\u012bg\u0101 konflikt\u0101 ar klubu, <a href=\"https:\/\/basketnews.com\/news-253988-new-details-emerge-about-thomas-walkups-decision-to-terminate-his-olympiacos-contract.html\" target=\"_blank\" rel=\"noreferrer noopener nofollow\">v\u0113sta<\/a> \u201cBasketnews.com\u201d.<\/p>\n<p>                <img src=\"https:\/\/www.europesays.com\/lv\/wp-content\/uploads\/2026\/08\/1787150236_761_optibet-logo.png\" alt=\"\" loading=\"lazy\" decoding=\"async\"\/><\/p>\n<p>\n                Likmes uz basketbolu mekl\u0113 \u0161eit            <\/p>\n<p class=\"wp-block-paragraph\">P\u0113c vair\u0101ku Eiropas mediju zi\u0146ojumiem, Volkaps, kura kontrakts ar \u201cOlympiacos\u201d ir sp\u0113k\u0101 ar\u012b uz n\u0101kamo sezonu, bez kluba at\u013caujas iesaist\u012bjies p\u0101rrun\u0101s ar D\u0101vja Bert\u0101na p\u0101rst\u0101v\u0113to \u201cDubai\u201d. Sp\u0113l\u0113t\u0101js ar\u012b vienojies par nosac\u012bjumiem ar Dubaijas klubu un pazi\u0146oja \u201cOlympiacos\u201d par v\u0113lmi aiziet, tom\u0113r klubs nav ar to mier\u0101 un nor\u0101da uz l\u012bgum\u0101 ierakst\u012btaj\u0101m saist\u012bb\u0101m par t\u0101 pirmstermi\u0146a izbeig\u0161anu.<\/p>\n<p class=\"wp-block-paragraph\">S\u0101kotn\u0113ji Volkapa p\u0101rst\u0101vji m\u0113\u0123in\u0101ja vi\u0146u atrun\u0101t no tie\u0161\u0101s konfront\u0113\u0161anas ar \u201cOlympiacos\u201d, tom\u0113r basketbolists vi\u0146us atst\u0101din\u0101ja un noalgoja advok\u0101tu, ar kura pal\u012bdz\u012bbu cer lauzt l\u012bgumu. Pirms k\u0101da laika Volkaps aptur\u0113ja komunik\u0101ciju gan ar komandas biedriem un person\u0101lu, gan ar galveno treneri. Savuk\u0101rt klubs pazi\u0146oja, ka gaida sp\u0113l\u0113t\u0101ju uz pirmssezonas medic\u012bniskaj\u0101m p\u0101rbaud\u0113m, kuras paredz\u0113tas 20. un 21. august\u0101.<\/p>\n<p class=\"wp-block-paragraph\">Volkaps \u201cOlympiacos\u201d p\u0101rst\u0101v\u0113ja kop\u0161 2021. gada, ar komandu \u010detras reizes izc\u012bnot Grie\u0137ijas \u010dempiontitulu un tr\u012bs reizes Grie\u0137ijas kausu. Savuk\u0101rt aizvad\u012btaj\u0101 sezon\u0101 vi\u0146\u0161 pirmo reizi karjer\u0101 k\u013cuva par Eirol\u012bgas \u010dempionu, bet pirms diviem gadiem tika atz\u012bts par turn\u012bra lab\u0101ko aizsargu.<\/p>\n<p class=\"wp-block-paragraph\">J\u0101atg\u0101dina, ka \u201cDubai\u201d sav\u0101 debijas sezon\u0101 ar 19 uzvar\u0101m 38 sp\u0113l\u0113s ie\u0146\u0113ma 11. vietu Eirol\u012bg\u0101 un \u201cplay-off\u201d turn\u012bram nekvalific\u0113j\u0101s.<\/p>\n","protected":false},"excerpt":{"rendered":"Tomass Volkaps | Foto: Pirejas &#8220;Olympiacos&#8221; ULEB Eirol\u012bgas \u010dempiones Pirejas \u201cOlympiacos\u201d sp\u0113l\u0113t\u0101js Tomass Volkaps non\u0101cis pamat\u012bg\u0101 konflikt\u0101 ar&hellip;\n","protected":false},"author":2,"featured_media":273148,"comment_status":"","ping_status":"","sticky":false,"template":"","format":"standard","meta":{"footnotes":"","_share_on_mastodon":"0"},"categories":[17],"tags":[23,5214,35,39,38,36,37,34,40,35468,67,41770,2120],"class_list":["post-273147","post","type-post","status-publish","format-standard","has-post-thumbnail","category-sports","tag-aktualitates","tag-dubai","tag-latvia","tag-latvian","tag-latviesu","tag-latviesu-valoda","tag-latviesuvaloda","tag-latvija","tag-lv","tag-pirejas-olympiacos","tag-sports","tag-tomass-volkaps","tag-uleb-eiroliga"],"share_on_mastodon":{"url":"https:\/\/pubeurope.com\/@lv\/117122685314108271","error":""},"_links":{"self":[{"href":"https:\/\/www.europesays.com\/lv\/wp-json\/wp\/v2\/posts\/273147","targetHints":{"allow":["GET"]}}],"collection":[{"href":"https:\/\/www.europesays.com\/lv\/wp-json\/wp\/v2\/posts"}],"about":[{"href":"https:\/\/www.europesays.com\/lv\/wp-json\/wp\/v2\/types\/post"}],"author":[{"embeddable":true,"href":"https:\/\/www.europesays.com\/lv\/wp-json\/wp\/v2\/users\/2"}],"replies":[{"embeddable":true,"href":"https:\/\/www.europesays.com\/lv\/wp-json\/wp\/v2\/comments?post=273147"}],"version-history":[{"count":0,"href":"https:\/\/www.europesays.com\/lv\/wp-json\/wp\/v2\/posts\/273147\/revisions"}],"wp:featuredmedia":[{"embeddable":true,"href":"https:\/\/www.europesays.com\/lv\/wp-json\/wp\/v2\/media\/273148"}],"wp:attachment":[{"href":"https:\/\/www.europesays.com\/lv\/wp-json\/wp\/v2\/media?parent=273147"}],"wp:term":[{"taxonomy":"category","embeddable":true,"href":"https:\/\/www.europesays.com\/lv\/wp-json\/wp\/v2\/categories?post=273147"},{"taxonomy":"post_tag","embeddable":true,"href":"https:\/\/www.europesays.com\/lv\/wp-json\/wp\/v2\/tags?post=273147"}],"curies":[{"name":"wp","href":"https:\/\/api.w.org\/{rel}","templated":true}]}}