{"id":27330,"date":"2025-10-21T14:23:09","date_gmt":"2025-10-21T14:23:09","guid":{"rendered":"https:\/\/www.europesays.com\/lv\/27330\/"},"modified":"2025-10-21T14:23:09","modified_gmt":"2025-10-21T14:23:09","slug":"kino-un-mode-satiekas-uz-vienas-skatuves-rigas-modes-nedelas-atklasana-goda-sandru-silu","status":"publish","type":"post","link":"https:\/\/www.europesays.com\/lv\/27330\/","title":{"rendered":"Kino un mode satiekas uz vienas skatuves \u2013 R\u012bgas modes ned\u0113\u013cas atkl\u0101\u0161an\u0101 god\u0101 Sandru Silu"},"content":{"rendered":"<p>R\u012bgas modes ned\u0113\u013cas atkl\u0101\u0161ana \u0161ogad p\u0101rv\u0113rt\u0101s par \u012bstiem sv\u0113tkiem kino un modei. 20. oktobra vakar\u0101 film\u0113\u0161anas paviljon\u0101 &#8220;LED Unit&#8221; notika \u012bpa\u0161a modes skate, kas velt\u012bta t\u0113rpu m\u0101kslinieces Sandras Silas rad\u012btajiem t\u0113rpiem no ikonisk\u0101m latvie\u0161u film\u0101m.<\/p>\n<p>Vakara laik\u0101 uz m\u0113les atdz\u012bvoj\u0101s t\u0113rpi no t\u0101d\u0101m kinolent\u0113m k\u0101 &#8220;Cilv\u0113ka b\u0113rns&#8221;, &#8220;R\u012bgas sargi&#8221;, &#8220;Sap\u0146u komanda 1935&#8221;, &#8220;Dv\u0113se\u013cu putenis&#8221; un &#8220;T\u012bkl\u0101. TTT le\u0123endas dzim\u0161ana&#8221;. <\/p>\n<blockquote><p>\u0160\u012b bija iesp\u0113ja skat\u012bt\u0101jiem redz\u0113t kino kost\u012bmus \u0101rpus ekr\u0101na \u2013 k\u0101 \u012bstus m\u0101kslas darbus, kas iemieso Latvijas kino v\u0113sturi un varo\u0146u raksturus.<\/p><\/blockquote>\n<p>Modes skat\u0113 vald\u012bja \u012bpa\u0161a atmosf\u0113ra \u2013 kl\u0101teso\u0161ie, tostarp kult\u016bras ministre Agnese L\u0101ce, DJ Ella, aktrise Agnese Zelti\u0146a, \u0113stgatavo\u0161anas meistars Elm\u0101rs Tannis, pas\u0101kumu producente Gundega Skudri\u0146a un re\u017eisors Andrejs \u0112\u0137is, ar aplausiem sveica Sandru Silu, kura p\u0113c skates sa\u0146\u0113ma st\u0101vov\u0101cijas.<\/p>\n<blockquote><p>Filmas t\u0113rps man vienm\u0113r ir bijis kas vair\u0101k par ap\u0123\u0113rbu \u2013 tas ir st\u0101sts par varoni, vi\u0146a laiku un emocij\u0101m. Ar katru v\u012bl\u012bti, pogu un deta\u013cu m\u0113s pal\u012bdzam skat\u012bt\u0101jam notic\u0113t varo\u0146a pasaulei uz ekr\u0101na,&#8221; p\u0113c skates teica t\u0113rpu m\u0101ksliniece Sandra Sila un piebilda: <\/p><\/blockquote>\n<p> &#8220;Redz\u0113t \u0161os t\u0113rpus uz m\u0113les bija aizkustino\u0161i \u2013 t\u0101 bija iesp\u0113ja ieraudz\u012bt m\u016bsu kino v\u0113sturi k\u0101 dz\u012bvu, elpojo\u0161u m\u0101kslu.&#8221;<\/p>\n<p>Skati produc\u0113ja Ilona Bi\u010devska, re\u017eiju veidoja aktrise Ieva Florence-V\u012bksne, bet t\u0113rpus demonstr\u0113ja aktieri, kuru atveidotie varo\u0146i redzami ikoniskaj\u0101s film\u0101s \u2013 Agnese Budovska, R\u0113zija Kalni\u0146a, Zane Jan\u010devska, Inga Alsi\u0146a, M\u0101ris Grigalis, Raimonds Celms, Krist\u012bne Belicka, \u0122irts Kr\u016bmi\u0146\u0161, Oto Brantevics, Art\u016brs Putni\u0146\u0161 un citi.<\/p>\n<blockquote><p>Pas\u0101kuma kulmin\u0101cija bija t\u0113rpu prezent\u0101cija no gaid\u0101m\u0101s Dzintara Dreiberga filmas &#8220;T\u012bkl\u0101. TTT le\u0123endas dzim\u0161ana&#8221;, kas pirmizr\u0101di piedz\u012bvos 6. novembr\u012b.<\/p><\/blockquote>\n<p> Filma balst\u012bta patiesos notikumos un v\u0113sta par sievie\u0161u basketbola komandas &#8220;TTT&#8221; dzim\u0161anu padomju okup\u0113taj\u0101 R\u012bg\u0101 \u2013 komandu, kas v\u0113l\u0101k k\u013cuva par pasaules fenomenu.<\/p>\n<p>Sandra Sila ir viena no vado\u0161aj\u0101m kino t\u0113rpu m\u0101ksliniec\u0113m Latvij\u0101 \u2013 vi\u0146as karjera aizs\u0101kusies jau 1981. gad\u0101, piedaloties t\u0113rpu rad\u012b\u0161an\u0101 J\u0101\u0146a Strei\u010da filmai &#8220;Limuz\u012bns J\u0101\u0146u nakts kr\u0101s\u0101&#8221;. Kop\u0161 t\u0101 laika vi\u0146as rokraksts redzams desmitiem noz\u012bm\u012bgu pa\u0161m\u0101ju filmu.<\/p>\n<p>Lasi ar\u012b!<\/p>\n<p>&#13;<br \/>\n&#13;<br \/>\n<a target=\"_blank\" href=\"https:\/\/www.1188.lv\/zinas\/foto-rigas-modes-nedela-atklata-ar-ipasu-veltijumu-latvijas-kino\/56392\" rel=\"nofollow noopener\">FOTO: R\u012bgas modes ned\u0113\u013ca atkl\u0101ta ar \u012bpa\u0161u velt\u012bjumu Latvijas kino<\/a>&#13;<br \/>\n&#13;<br \/><\/p>\n","protected":false},"excerpt":{"rendered":"R\u012bgas modes ned\u0113\u013cas atkl\u0101\u0161ana \u0161ogad p\u0101rv\u0113rt\u0101s par \u012bstiem sv\u0113tkiem kino un modei. 20. oktobra vakar\u0101 film\u0113\u0161anas paviljon\u0101 &#8220;LED&hellip;\n","protected":false},"author":2,"featured_media":27331,"comment_status":"","ping_status":"","sticky":false,"template":"","format":"standard","meta":{"footnotes":""},"categories":[19],"tags":[129,2089,8455,89,90,35,39,38,36,37,34,40,2090,8456,2091,8457],"class_list":{"0":"post-27330","1":"post","2":"type-post","3":"status-publish","4":"format-standard","5":"has-post-thumbnail","7":"category-izklaide","8":"tag-__typenameadvicekeyword","9":"tag-id126","10":"tag-id1545","11":"tag-entertainment","12":"tag-izklaide","13":"tag-latvia","14":"tag-latvian","15":"tag-latviesu","16":"tag-latviesu-valoda","17":"tag-latviesuvaloda","18":"tag-latvija","19":"tag-lv","20":"tag-slugmovies","21":"tag-slugrigas-modes-nedela","22":"tag-titlemovies","23":"tag-titlerigas-modes-nedela"},"share_on_mastodon":{"url":"","error":""},"_links":{"self":[{"href":"https:\/\/www.europesays.com\/lv\/wp-json\/wp\/v2\/posts\/27330","targetHints":{"allow":["GET"]}}],"collection":[{"href":"https:\/\/www.europesays.com\/lv\/wp-json\/wp\/v2\/posts"}],"about":[{"href":"https:\/\/www.europesays.com\/lv\/wp-json\/wp\/v2\/types\/post"}],"author":[{"embeddable":true,"href":"https:\/\/www.europesays.com\/lv\/wp-json\/wp\/v2\/users\/2"}],"replies":[{"embeddable":true,"href":"https:\/\/www.europesays.com\/lv\/wp-json\/wp\/v2\/comments?post=27330"}],"version-history":[{"count":0,"href":"https:\/\/www.europesays.com\/lv\/wp-json\/wp\/v2\/posts\/27330\/revisions"}],"wp:featuredmedia":[{"embeddable":true,"href":"https:\/\/www.europesays.com\/lv\/wp-json\/wp\/v2\/media\/27331"}],"wp:attachment":[{"href":"https:\/\/www.europesays.com\/lv\/wp-json\/wp\/v2\/media?parent=27330"}],"wp:term":[{"taxonomy":"category","embeddable":true,"href":"https:\/\/www.europesays.com\/lv\/wp-json\/wp\/v2\/categories?post=27330"},{"taxonomy":"post_tag","embeddable":true,"href":"https:\/\/www.europesays.com\/lv\/wp-json\/wp\/v2\/tags?post=27330"}],"curies":[{"name":"wp","href":"https:\/\/api.w.org\/{rel}","templated":true}]}}