{"id":27335,"date":"2025-10-21T14:33:10","date_gmt":"2025-10-21T14:33:10","guid":{"rendered":"https:\/\/www.europesays.com\/lv\/27335\/"},"modified":"2025-10-21T14:33:10","modified_gmt":"2025-10-21T14:33:10","slug":"sakta-parakstu-vaksana-pret-ideju-par-obligatam-konsultacijam-pirms-aborta-2","status":"publish","type":"post","link":"https:\/\/www.europesays.com\/lv\/27335\/","title":{"rendered":"S\u0101kta parakstu v\u0101k\u0161ana pret ideju par oblig\u0101t\u0101m konsult\u0101cij\u0101m pirms aborta"},"content":{"rendered":"<p>Iniciat\u012bvu &#8220;Sievietes izv\u0113le! N\u0113 piespiedu konsult\u0101cij\u0101m pirms aborta!&#8221; diennakts laik\u0101 parakst\u012bju\u0161i vismaz 1400 cilv\u0113ku. T\u0101s autore Marija U\u0161kanova aicina Saeimu noraid\u012bt priek\u0161likumus, kas paredz ieviest oblig\u0101tas konsult\u0101cijas sievietei un topo\u0161ajam t\u0113vam pirms gr\u016btniec\u012bbas p\u0101rtrauk\u0161anas p\u0113c <a href=\"https:\/\/www.tvnet.lv\/term\/594237\/sievietes\" class=\"topicLink\" target=\"_blank\" rel=\"nofollow noopener\">sievietes<\/a> v\u0113l\u0113\u0161an\u0101s, k\u0101 ar\u012b aizliegumu \u0101rstam izsniegt nor\u012bkojumu bez konsult\u0101cijas apliecin\u0101juma.<\/p>\n<p>&#8220;\u0160\u0101das izmai\u0146as ierobe\u017eotu sievietes autonomiju un rad\u012btu papildu \u0161\u0137\u0113r\u0161\u013cus laik\u0101, kad nepiecie\u0161ams \u0101trs un dro\u0161s medic\u012bnisks risin\u0101jums. Latvij\u0101 jau past\u0101v 72 stundu p\u0101rdomu periods un br\u012bvpr\u0101t\u012bga konsult\u0113\u0161ana &#8211; tas ir l\u012bdzsvarots un cilv\u0113ka cie\u0146u respekt\u0113jo\u0161s regul\u0113jums,&#8221; uzsver U\u0161kanova.<\/p>\n<p>Iniciat\u012bvas m\u0113r\u0137is ir saglab\u0101t eso\u0161o k\u0101rt\u012bbu &#8211; br\u012bvpr\u0101t\u012bgas konsult\u0101cijas un p\u0101rdomu periodu, k\u0101 ar\u012b stiprin\u0101t br\u012bvpr\u0101t\u012bgu psiholo\u0123isko un soci\u0101lo atbalstu, nevis ieviest piespiedu meh\u0101nismus.<\/p>\n<p>Iniciat\u012bvas p\u0101rst\u0101vji aicina Vesel\u012bbas ministriju un profesion\u0101l\u0101s asoci\u0101cijas turpin\u0101t darbu pie br\u012bvpr\u0101t\u012bgu un pieejamu atbalsta konsult\u0101ciju izstr\u0101des, tostarp anon\u012bm\u0101m iesp\u0113j\u0101m un pal\u012bdz\u012bbas risin\u0101jumiem vardarb\u012bbas upuriem.<\/p>\n<p>Lai iniciat\u012bvu iesniegtu Saeim\u0101, j\u0101sav\u0101c 10 000 parakstu.<\/p>\n<p>K\u0101 v\u0113st\u012bts, Nacion\u0101l\u0101s apvien\u012bbas (NA) un partijas &#8220;Latvija pirmaj\u0101 viet\u0101&#8221; (LPV) deput\u0101ti Jurgis Kloti\u0146\u0161 (NA), J\u0101nis Grasbergs (NA) un Ramona Petravi\u010da (LPV) ir iesniegu\u0161i priek\u0161likumus groz\u012bjumiem Seksu\u0101l\u0101s un reprodukt\u012bv\u0101s vesel\u012bbas likum\u0101, tostarp aicinot Latvij\u0101 ieviest oblig\u0101tas konsult\u0101cijas sieviet\u0113m, kas v\u0113las p\u0101rtraukt gr\u016btniec\u012bbu p\u0113c savas v\u0113l\u0113\u0161an\u0101s.<\/p>\n<p>Vald\u012bbu veidojo\u0161\u0101s koal\u012bcijas partijas vienoju\u0161\u0101s, ka priek\u0161likums groz\u012bjumiem Seksu\u0101l\u0101s un reprodukt\u012bv\u0101s vesel\u012bbas likum\u0101, kas paredz ties\u012bbu uz abortu ierobe\u017eo\u0161anu, netiks atbalst\u012bts.<\/p>\n<p>Pret \u0161\u0101diem groz\u012bjumiem iest\u0101jusies ar\u012b ties\u012bbsardze.<\/p>\n<p>Savuk\u0101rt vesel\u012bbas ministrs Hosams Abu Meri (JV) a\u0123ent\u016brai LETA nor\u0101d\u012bjis, ka sievietes autonomija, priv\u0101tums un ties\u012bbas uz piek\u013cuvi vesel\u012bbas apr\u016bpei ir pamatprincipi, kurus nedr\u012bkst ierobe\u017eot ar piespiedu meh\u0101nismiem vai papildu \u0161\u0137\u0113r\u0161\u013ciem.<\/p>\n<p>Otrdien visus iepriek\u0161min\u0113to deput\u0101tu iesniegtos priek\u0161likumus noraid\u012bja ar\u012b atbild\u012bg\u0101 Saeimas komisija.<\/p>\n","protected":false},"excerpt":{"rendered":"Iniciat\u012bvu &#8220;Sievietes izv\u0113le! N\u0113 piespiedu konsult\u0101cij\u0101m pirms aborta!&#8221; diennakts laik\u0101 parakst\u012bju\u0161i vismaz 1400 cilv\u0113ku. T\u0101s autore Marija U\u0161kanova&hellip;\n","protected":false},"author":2,"featured_media":27336,"comment_status":"","ping_status":"","sticky":false,"template":"","format":"standard","meta":{"footnotes":""},"categories":[12],"tags":[8146,23,28,29,32,33,22,30,31,35,39,38,36,37,34,40,1517,20,26,27,8459,8460,7872,24,25,21],"class_list":{"0":"post-27335","1":"post","2":"type-post","3":"status-publish","4":"format-standard","5":"has-post-thumbnail","7":"category-latvija","8":"tag-aborts","9":"tag-aktualitates","10":"tag-breaking-news","11":"tag-breakingnews","12":"tag-featured-news","13":"tag-featurednews","14":"tag-headlines","15":"tag-latest-news","16":"tag-latestnews","17":"tag-latvia","18":"tag-latvian","19":"tag-latviesu","20":"tag-latviesu-valoda","21":"tag-latviesuvaloda","22":"tag-latvija","23":"tag-lv","24":"tag-manabalss-lv","25":"tag-news","26":"tag-popularakas-zinas","27":"tag-popularakaszinas","28":"tag-sievietes","29":"tag-sievietes-tiesibas","30":"tag-sievietes-veseliba","31":"tag-top-stories","32":"tag-topstories","33":"tag-zinas"},"share_on_mastodon":{"url":"","error":""},"_links":{"self":[{"href":"https:\/\/www.europesays.com\/lv\/wp-json\/wp\/v2\/posts\/27335","targetHints":{"allow":["GET"]}}],"collection":[{"href":"https:\/\/www.europesays.com\/lv\/wp-json\/wp\/v2\/posts"}],"about":[{"href":"https:\/\/www.europesays.com\/lv\/wp-json\/wp\/v2\/types\/post"}],"author":[{"embeddable":true,"href":"https:\/\/www.europesays.com\/lv\/wp-json\/wp\/v2\/users\/2"}],"replies":[{"embeddable":true,"href":"https:\/\/www.europesays.com\/lv\/wp-json\/wp\/v2\/comments?post=27335"}],"version-history":[{"count":0,"href":"https:\/\/www.europesays.com\/lv\/wp-json\/wp\/v2\/posts\/27335\/revisions"}],"wp:featuredmedia":[{"embeddable":true,"href":"https:\/\/www.europesays.com\/lv\/wp-json\/wp\/v2\/media\/27336"}],"wp:attachment":[{"href":"https:\/\/www.europesays.com\/lv\/wp-json\/wp\/v2\/media?parent=27335"}],"wp:term":[{"taxonomy":"category","embeddable":true,"href":"https:\/\/www.europesays.com\/lv\/wp-json\/wp\/v2\/categories?post=27335"},{"taxonomy":"post_tag","embeddable":true,"href":"https:\/\/www.europesays.com\/lv\/wp-json\/wp\/v2\/tags?post=27335"}],"curies":[{"name":"wp","href":"https:\/\/api.w.org\/{rel}","templated":true}]}}