{"id":273401,"date":"2026-08-19T21:33:20","date_gmt":"2026-08-19T21:33:20","guid":{"rendered":"https:\/\/www.europesays.com\/lv\/273401\/"},"modified":"2026-08-19T21:33:20","modified_gmt":"2026-08-19T21:33:20","slug":"snikus-ienem-piekto-vietu-pasaules-cempionata-paraiejade","status":"publish","type":"post","link":"https:\/\/www.europesays.com\/lv\/273401\/","title":{"rendered":"Snikus ie\u0146em piekto vietu pasaules \u010dempion\u0101t\u0101 paraiej\u0101d\u0113"},"content":{"rendered":"<p>Snikus &#8220;Grade I&#8221; grup\u0101 ar savu jauno zirgu &#8220;Rise &amp; Shine&#8221; &#8220;Individual Grand Prix A&#8221; programm\u0101 ar v\u0113rt\u0113jumu 72,708% sasniedza piekto lab\u0101ko rezult\u0101tu 20 dal\u012bbnieku konkurenc\u0113.<\/p>\n<p>Pirmo vietu ar 76,709% ie\u0146\u0113ma amerik\u0101niete Marija Vonderheidena ar zirgu &#8220;Fan Tastico H&#8221;.<\/p>\n<p>Meistarsac\u012bk\u0161u turpin\u0101jum\u0101 Snikus 21. august\u0101 start\u0113s &#8220;Team Grand Prix B&#8221;, savuk\u0101rt pasaules \u010dempion\u0101ta nosl\u0113gum\u0101 23. august\u0101 aizvad\u012bs &#8220;Grand Prix Freestyle&#8221; programmu.<\/p>\n<p>Pasaules \u010dempion\u0101t\u0101 Latviju p\u0101rst\u0101v\u0113s ar\u012b paraiej\u0101des sportiste Alise Mui\u017eniece, kura start\u0113s ar zirgu &#8220;Baily&#8221;.<\/p>\n<p>Aizvad\u012bt\u0101 gada Eiropas \u010dempion\u0101t\u0101 Mui\u017eniece izc\u012bn\u012bja piekto vietu br\u012bv\u0101s izv\u0113les programm\u0101, bet \u0161ogad vi\u0146a ar &#8220;Baily&#8221; jau ir guvusi pan\u0101kumus vair\u0101k\u0101s starptautisk\u0101s sacens\u012bb\u0101s.<\/p>\n<p>Mui\u017eniece sacens\u012bbas s\u0101ks 20. august\u0101 ar &#8220;Grand Prix Test A&#8221; programmu, bet 22. august\u0101 start\u0113s &#8220;Grand Prix Test B&#8221;. 23. august\u0101 paredz\u0113ts starts &#8220;Freestyle&#8221; programm\u0101, ja b\u016bs ieg\u016bta nepiecie\u0161am\u0101 kvalifik\u0101cija.<\/p>\n<p>Sportistu dal\u012bba pasaules \u010dempion\u0101t\u0101 ir solis ce\u013c\u0101 uz 2028. gada Losand\u017eelosas paralimpiskaj\u0101m sp\u0113l\u0113m, jo sacens\u012bb\u0101s ieg\u016btie rezult\u0101ti \u013cauj kr\u0101t punktus pasaules rang\u0101.<\/p>\n","protected":false},"excerpt":{"rendered":"Snikus &#8220;Grade I&#8221; grup\u0101 ar savu jauno zirgu &#8220;Rise &amp; Shine&#8221; &#8220;Individual Grand Prix A&#8221; programm\u0101 ar v\u0113rt\u0113jumu&hellip;\n","protected":false},"author":2,"featured_media":273402,"comment_status":"","ping_status":"","sticky":false,"template":"","format":"standard","meta":{"footnotes":"","_share_on_mastodon":"0"},"categories":[17],"tags":[33993,35,39,38,36,37,34,40,4265,4534,67],"class_list":["post-273401","post","type-post","status-publish","format-standard","has-post-thumbnail","category-sports","tag-jasanas-sports","tag-latvia","tag-latvian","tag-latviesu","tag-latviesu-valoda","tag-latviesuvaloda","tag-latvija","tag-lv","tag-parasports","tag-rihards-snikus","tag-sports"],"share_on_mastodon":{"url":"https:\/\/pubeurope.com\/@lv\/117124320768114348","error":""},"_links":{"self":[{"href":"https:\/\/www.europesays.com\/lv\/wp-json\/wp\/v2\/posts\/273401","targetHints":{"allow":["GET"]}}],"collection":[{"href":"https:\/\/www.europesays.com\/lv\/wp-json\/wp\/v2\/posts"}],"about":[{"href":"https:\/\/www.europesays.com\/lv\/wp-json\/wp\/v2\/types\/post"}],"author":[{"embeddable":true,"href":"https:\/\/www.europesays.com\/lv\/wp-json\/wp\/v2\/users\/2"}],"replies":[{"embeddable":true,"href":"https:\/\/www.europesays.com\/lv\/wp-json\/wp\/v2\/comments?post=273401"}],"version-history":[{"count":0,"href":"https:\/\/www.europesays.com\/lv\/wp-json\/wp\/v2\/posts\/273401\/revisions"}],"wp:featuredmedia":[{"embeddable":true,"href":"https:\/\/www.europesays.com\/lv\/wp-json\/wp\/v2\/media\/273402"}],"wp:attachment":[{"href":"https:\/\/www.europesays.com\/lv\/wp-json\/wp\/v2\/media?parent=273401"}],"wp:term":[{"taxonomy":"category","embeddable":true,"href":"https:\/\/www.europesays.com\/lv\/wp-json\/wp\/v2\/categories?post=273401"},{"taxonomy":"post_tag","embeddable":true,"href":"https:\/\/www.europesays.com\/lv\/wp-json\/wp\/v2\/tags?post=273401"}],"curies":[{"name":"wp","href":"https:\/\/api.w.org\/{rel}","templated":true}]}}