{"id":27350,"date":"2025-10-21T15:08:08","date_gmt":"2025-10-21T15:08:08","guid":{"rendered":"https:\/\/www.europesays.com\/lv\/27350\/"},"modified":"2025-10-21T15:08:08","modified_gmt":"2025-10-21T15:08:08","slug":"lietuvas-aizsardzibas-ministre-nolemj-atkapties-no-amata","status":"publish","type":"post","link":"https:\/\/www.europesays.com\/lv\/27350\/","title":{"rendered":"Lietuvas aizsardz\u012bbas ministre nolemj atk\u0101pties no amata"},"content":{"rendered":"<p>&#8220;Esmu jau uzrakst\u012bjusi demisijas v\u0113stuli, un \u0161odien to p\u0101rrun\u0101\u0161u ar prezidentu,&#8221; ministre teica \u017eurn\u0101listiem Lietuvas parlament\u0101.<\/p>\n<p>&#8220;\u0160obr\u012bd neredzu iemeslu, kas var\u0113tu main\u012bt manu l\u0113mumu. T\u0101 ir politika &#8211; premjerministra un partijas vad\u012bt\u0101ja uztic\u012bba b\u016bt\u012bb\u0101 nosaka, vai j\u016bs var dele\u0123\u0113t konkr\u0113ta amata veik\u0161anai,&#8221; vi\u0146a paskaidroja.<\/p>\n<blockquote class=\"quote ck-widget\" contenteditable=\"false\">\n<p>&#8220;Neredzu iesp\u0113ju turpin\u0101t darbu vid\u0113, kur\u0101 nevalda uztic\u0113\u0161an\u0101s,&#8221; \u0160akaliene piebilda.<\/p>\n<\/blockquote>\n<p>Vi\u0146a sac\u012bja, ka atk\u0101pties no amata vi\u0146a nol\u0113musi pirmdien, bet pirms publiska pazi\u0146ojuma v\u0113l\u0113j\u0101s inform\u0113t savu komandu.<\/p>\n<p>\u0160akaliene piebilda, ka vien\u012bgais iemesls, k\u0101p\u0113c vi\u0146a apsv\u0113ra iesp\u0113ju palikt amat\u0101, bija &#8220;nodro\u0161in\u0101t, lai m\u016bsu valsts aizsardz\u012bba tiktu pien\u0101c\u012bgi finans\u0113ta un m\u016bsu aizsardz\u012bbas sp\u0113jas tiktu uzlabotas p\u0113c iesp\u0113jas \u0101tr\u0101k&#8221;.<\/p>\n<p>Ministre sac\u012bja, ka v\u0113l\u0113jusies tikties ar Naus\u0113du, jo prezidents ir iesaist\u012bts ministru iecel\u0161an\u0101 un atbr\u012bvo\u0161an\u0101.<\/p>\n<p>&#8220;Es noteikti run\u0101\u0161u ar prezidentu un paskaidro\u0161u savus iemeslus,&#8221; sac\u012bja soci\u0101ldemokr\u0101te.<\/p>\n<p>Premjerministres Ingas Ruginienes neapmierin\u0101t\u012bbu pag\u0101ju\u0161aj\u0101 ned\u0113\u013c\u0101 izrais\u012bja Aizsardz\u012bbas ministrij\u0101 notikus\u012b neofici\u0101la tik\u0161an\u0101s ar influenceriem un \u017eurn\u0101listiem, kur\u0101 ministrijas amatpersonas teiku\u0161as, ka n\u0101kamgad aizsardz\u012bbas finans\u0113jums b\u016bs maz\u0101ks, nek\u0101 nor\u0101d\u012bts valsts bud\u017eeta projekt\u0101. \u0160akaliene apgalvoja, ka neesot zin\u0101jusi par \u0161o tik\u0161anos, jo bijusi \u0101rzem\u0113s.<\/p>\n","protected":false},"excerpt":{"rendered":"&#8220;Esmu jau uzrakst\u012bjusi demisijas v\u0113stuli, un \u0161odien to p\u0101rrun\u0101\u0161u ar prezidentu,&#8221; ministre teica \u017eurn\u0101listiem Lietuvas parlament\u0101. &#8220;\u0160obr\u012bd neredzu&hellip;\n","protected":false},"author":2,"featured_media":27351,"comment_status":"","ping_status":"","sticky":false,"template":"","format":"standard","meta":{"footnotes":""},"categories":[14],"tags":[23,57,28,29,4823,32,33,22,30,31,35,39,38,36,37,34,1464,40,20,26,27,24,25,54,55,56,21,58],"class_list":{"0":"post-27350","1":"post","2":"type-post","3":"status-publish","4":"format-standard","5":"has-post-thumbnail","7":"category-zinas-no-arvalstim","8":"tag-aktualitates","9":"tag-arvalstim","10":"tag-breaking-news","11":"tag-breakingnews","12":"tag-demisija","13":"tag-featured-news","14":"tag-featurednews","15":"tag-headlines","16":"tag-latest-news","17":"tag-latestnews","18":"tag-latvia","19":"tag-latvian","20":"tag-latviesu","21":"tag-latviesu-valoda","22":"tag-latviesuvaloda","23":"tag-latvija","24":"tag-lietuva","25":"tag-lv","26":"tag-news","27":"tag-popularakas-zinas","28":"tag-popularakaszinas","29":"tag-top-stories","30":"tag-topstories","31":"tag-world","32":"tag-world-news","33":"tag-worldnews","34":"tag-zinas","35":"tag-zinas-no-arvalstim"},"share_on_mastodon":{"url":"","error":""},"_links":{"self":[{"href":"https:\/\/www.europesays.com\/lv\/wp-json\/wp\/v2\/posts\/27350","targetHints":{"allow":["GET"]}}],"collection":[{"href":"https:\/\/www.europesays.com\/lv\/wp-json\/wp\/v2\/posts"}],"about":[{"href":"https:\/\/www.europesays.com\/lv\/wp-json\/wp\/v2\/types\/post"}],"author":[{"embeddable":true,"href":"https:\/\/www.europesays.com\/lv\/wp-json\/wp\/v2\/users\/2"}],"replies":[{"embeddable":true,"href":"https:\/\/www.europesays.com\/lv\/wp-json\/wp\/v2\/comments?post=27350"}],"version-history":[{"count":0,"href":"https:\/\/www.europesays.com\/lv\/wp-json\/wp\/v2\/posts\/27350\/revisions"}],"wp:featuredmedia":[{"embeddable":true,"href":"https:\/\/www.europesays.com\/lv\/wp-json\/wp\/v2\/media\/27351"}],"wp:attachment":[{"href":"https:\/\/www.europesays.com\/lv\/wp-json\/wp\/v2\/media?parent=27350"}],"wp:term":[{"taxonomy":"category","embeddable":true,"href":"https:\/\/www.europesays.com\/lv\/wp-json\/wp\/v2\/categories?post=27350"},{"taxonomy":"post_tag","embeddable":true,"href":"https:\/\/www.europesays.com\/lv\/wp-json\/wp\/v2\/tags?post=27350"}],"curies":[{"name":"wp","href":"https:\/\/api.w.org\/{rel}","templated":true}]}}