{"id":27364,"date":"2025-10-21T15:22:25","date_gmt":"2025-10-21T15:22:25","guid":{"rendered":"https:\/\/www.europesays.com\/lv\/27364\/"},"modified":"2025-10-21T15:22:25","modified_gmt":"2025-10-21T15:22:25","slug":"vacija-atsauc-savu-vestnieku-no-gruzijas","status":"publish","type":"post","link":"https:\/\/www.europesays.com\/lv\/27364\/","title":{"rendered":"V\u0101cija atsauc savu v\u0113stnieku no Gruzijas"},"content":{"rendered":"<p>\u0100rlietu ministrija sv\u0113tdien pazi\u0146oja, ka \u0161\u012b iemesla d\u0113\u013c t\u0101 pie\u0146\u0113musi l\u0113mumu atsaukt Fi\u0161eru no Tbilisi, lai apsv\u0113rtu, k\u0101 r\u012bkoties t\u0101l\u0101k. Ministrija nor\u0101d\u012bja, ka ES \u0100rlietu padome pirmdien apspried\u012bs Gruzijas jaut\u0101jumu.<\/p>\n<p>Pirms vair\u0101k nek\u0101 div\u0101m ned\u0113\u013c\u0101m V\u0101cijas \u0100rlietu ministrija izteica ofici\u0101lu protestu Gruzijas pilnvarotajam lietvedim Berl\u012bn\u0113 par attieksmi pret Fi\u0161eru.<\/p>\n<p>Fi\u0161ers ir vair\u0101kk\u0101rt kritiz\u0113jis Gruzijas vald\u012bbas autorit\u0101ro vald\u012b\u0161anas stilu, un Gruzijas premjerministrs Iraklijs Kobahidze aps\u016bdz\u0113ja v\u0113stnieku par jauk\u0161anos Gruzijas iek\u0161\u0113j\u0101s liet\u0101s.<\/p>\n<p>Fi\u0161ers izpeln\u012bj\u0101s Gruzijas l\u012bderu kritiku p\u0113c tam, kad apmekl\u0113ja opozicion\u0101ru tiesas pr\u0101vas un t\u0101d\u0113\u013c septembra beig\u0101s tika izsaukts uz Gruzijas \u0100rlietu ministriju.<\/p>\n<p>Gruzij\u0101 valda politisk\u0101 kr\u012bze kop\u0161 parlamenta v\u0113l\u0113\u0161an\u0101m pag\u0101ju\u0161\u0101 gada oktobr\u012b. Opoz\u012bcijas partijas aps\u016bdz valdo\u0161o partiju &#8220;Gruzijas sapnis&#8221; v\u0113l\u0113\u0161anu vilto\u0161an\u0101 un boikot\u0113 pa\u0161reiz\u0113jo parlamenta sasaukumu. P\u0113c v\u0113l\u0113\u0161an\u0101m valst\u012b notika pla\u0161i protesti, un demonstr\u0101cijas turpin\u0101s joproj\u0101m, bet vairs nav tik v\u0113rien\u012bgas.<\/p>\n<p>Valdo\u0161\u0101 koal\u012bcija tiek kritiz\u0113ta par Krem\u013ca autorit\u0101r\u0101s prakses kop\u0113\u0161anu un Gruzijas att\u0101lin\u0101\u0161anu no centieniem pievienoties ES.<\/p>\n","protected":false},"excerpt":{"rendered":"\u0100rlietu ministrija sv\u0113tdien pazi\u0146oja, ka \u0161\u012b iemesla d\u0113\u013c t\u0101 pie\u0146\u0113musi l\u0113mumu atsaukt Fi\u0161eru no Tbilisi, lai apsv\u0113rtu, k\u0101&hellip;\n","protected":false},"author":2,"featured_media":27365,"comment_status":"","ping_status":"","sticky":false,"template":"","format":"standard","meta":{"footnotes":""},"categories":[5],"tags":[23,28,29,32,33,3507,22,30,31,35,39,38,36,37,34,40,20,26,27,24,25,299,21],"class_list":{"0":"post-27364","1":"post","2":"type-post","3":"status-publish","4":"format-standard","5":"has-post-thumbnail","7":"category-aktualitates","8":"tag-aktualitates","9":"tag-breaking-news","10":"tag-breakingnews","11":"tag-featured-news","12":"tag-featurednews","13":"tag-gruzija","14":"tag-headlines","15":"tag-latest-news","16":"tag-latestnews","17":"tag-latvia","18":"tag-latvian","19":"tag-latviesu","20":"tag-latviesu-valoda","21":"tag-latviesuvaloda","22":"tag-latvija","23":"tag-lv","24":"tag-news","25":"tag-popularakas-zinas","26":"tag-popularakaszinas","27":"tag-top-stories","28":"tag-topstories","29":"tag-vacija","30":"tag-zinas"},"share_on_mastodon":{"url":"","error":""},"_links":{"self":[{"href":"https:\/\/www.europesays.com\/lv\/wp-json\/wp\/v2\/posts\/27364","targetHints":{"allow":["GET"]}}],"collection":[{"href":"https:\/\/www.europesays.com\/lv\/wp-json\/wp\/v2\/posts"}],"about":[{"href":"https:\/\/www.europesays.com\/lv\/wp-json\/wp\/v2\/types\/post"}],"author":[{"embeddable":true,"href":"https:\/\/www.europesays.com\/lv\/wp-json\/wp\/v2\/users\/2"}],"replies":[{"embeddable":true,"href":"https:\/\/www.europesays.com\/lv\/wp-json\/wp\/v2\/comments?post=27364"}],"version-history":[{"count":0,"href":"https:\/\/www.europesays.com\/lv\/wp-json\/wp\/v2\/posts\/27364\/revisions"}],"wp:featuredmedia":[{"embeddable":true,"href":"https:\/\/www.europesays.com\/lv\/wp-json\/wp\/v2\/media\/27365"}],"wp:attachment":[{"href":"https:\/\/www.europesays.com\/lv\/wp-json\/wp\/v2\/media?parent=27364"}],"wp:term":[{"taxonomy":"category","embeddable":true,"href":"https:\/\/www.europesays.com\/lv\/wp-json\/wp\/v2\/categories?post=27364"},{"taxonomy":"post_tag","embeddable":true,"href":"https:\/\/www.europesays.com\/lv\/wp-json\/wp\/v2\/tags?post=27364"}],"curies":[{"name":"wp","href":"https:\/\/api.w.org\/{rel}","templated":true}]}}