{"id":27375,"date":"2025-10-21T15:31:14","date_gmt":"2025-10-21T15:31:14","guid":{"rendered":"https:\/\/www.europesays.com\/lv\/27375\/"},"modified":"2025-10-21T15:31:14","modified_gmt":"2025-10-21T15:31:14","slug":"ripple-1miljarda-dolaru-darijums-ar-gtreasury","status":"publish","type":"post","link":"https:\/\/www.europesays.com\/lv\/27375\/","title":{"rendered":"Ripple 1miljarda dol\u0101ru dar\u012bjums ar GTreasury"},"content":{"rendered":"<p>Turkl\u0101t, veidojoties dubultam apak\u0161\u0113jam l\u012bmenim ap 2,30 ASV dol\u0101ru atbalsta l\u012bniju, par\u0101d\u0101s v\u0113l sp\u0113c\u012bg\u0101ka apgrieziena strukt\u016bra &#8211; izlau\u0161an\u0101s m\u0113\u0123in\u0101jums var\u0113tu b\u016bt tuvu. Momentum r\u0101d\u012bt\u0101ji atbalsta \u0161o l\u012bmeni k\u0101 iesp\u0113jamu starta punktu: RSI atkal tuvojas p\u0101rdot\u012bbas robe\u017eai (30), savuk\u0101rt MACD histogramma izl\u012bdzin\u0101s zem sign\u0101la l\u012bnijas, kas nor\u0101da uz iesp\u0113jamu lok\u0101lu dibenu.<\/p>\n","protected":false},"excerpt":{"rendered":"Turkl\u0101t, veidojoties dubultam apak\u0161\u0113jam l\u012bmenim ap 2,30 ASV dol\u0101ru atbalsta l\u012bniju, par\u0101d\u0101s v\u0113l sp\u0113c\u012bg\u0101ka apgrieziena strukt\u016bra &#8211; izlau\u0161an\u0101s&hellip;\n","protected":false},"author":2,"featured_media":27376,"comment_status":"","ping_status":"","sticky":false,"template":"","format":"standard","meta":{"footnotes":""},"categories":[16],"tags":[77,76,35,39,38,36,37,34,40],"class_list":{"0":"post-27375","1":"post","2":"type-post","3":"status-publish","4":"format-standard","5":"has-post-thumbnail","7":"category-bizness","8":"tag-bizness","9":"tag-business","10":"tag-latvia","11":"tag-latvian","12":"tag-latviesu","13":"tag-latviesu-valoda","14":"tag-latviesuvaloda","15":"tag-latvija","16":"tag-lv"},"share_on_mastodon":{"url":"","error":""},"_links":{"self":[{"href":"https:\/\/www.europesays.com\/lv\/wp-json\/wp\/v2\/posts\/27375","targetHints":{"allow":["GET"]}}],"collection":[{"href":"https:\/\/www.europesays.com\/lv\/wp-json\/wp\/v2\/posts"}],"about":[{"href":"https:\/\/www.europesays.com\/lv\/wp-json\/wp\/v2\/types\/post"}],"author":[{"embeddable":true,"href":"https:\/\/www.europesays.com\/lv\/wp-json\/wp\/v2\/users\/2"}],"replies":[{"embeddable":true,"href":"https:\/\/www.europesays.com\/lv\/wp-json\/wp\/v2\/comments?post=27375"}],"version-history":[{"count":0,"href":"https:\/\/www.europesays.com\/lv\/wp-json\/wp\/v2\/posts\/27375\/revisions"}],"wp:featuredmedia":[{"embeddable":true,"href":"https:\/\/www.europesays.com\/lv\/wp-json\/wp\/v2\/media\/27376"}],"wp:attachment":[{"href":"https:\/\/www.europesays.com\/lv\/wp-json\/wp\/v2\/media?parent=27375"}],"wp:term":[{"taxonomy":"category","embeddable":true,"href":"https:\/\/www.europesays.com\/lv\/wp-json\/wp\/v2\/categories?post=27375"},{"taxonomy":"post_tag","embeddable":true,"href":"https:\/\/www.europesays.com\/lv\/wp-json\/wp\/v2\/tags?post=27375"}],"curies":[{"name":"wp","href":"https:\/\/api.w.org\/{rel}","templated":true}]}}