{"id":27379,"date":"2025-10-21T15:35:10","date_gmt":"2025-10-21T15:35:10","guid":{"rendered":"https:\/\/www.europesays.com\/lv\/27379\/"},"modified":"2025-10-21T15:35:10","modified_gmt":"2025-10-21T15:35:10","slug":"foto-jurmala-nosvineti-slokas-svetki-2","status":"publish","type":"post","link":"https:\/\/www.europesays.com\/lv\/27379\/","title":{"rendered":"Foto: J\u016brmal\u0101 nosvin\u0113ti Slokas sv\u0113tki"},"content":{"rendered":"<p>Sestdien, 18. oktobr\u012b, J\u016brmal\u0101 tika svin\u0113ti Slokas sv\u0113tki, kas s\u0101k\u0101s ar uzvedumu Slokas Eva\u0146\u0123\u0113liski luteriskaj\u0101 bazn\u012bc\u0101 un turpin\u0101j\u0101s teatr\u0101l\u0101 g\u0101jien\u0101 uz Slokas bibliot\u0113ku; dienas garum\u0101 bibliot\u0113k\u0101 un vecaj\u0101 tirgus laukum\u0101 notika daudzveid\u012bgas izzino\u0161as, izklaid\u0113jo\u0161as, muzik\u0101las un svin\u012bgas norises, inform\u0113 J\u016brmalas valstspils\u0113tas administr\u0101cij\u0101.<\/p>\n<p>Pie Alberta Kronenberga Slokas bibliot\u0113kas notika rado\u0161\u0101s darbn\u012bcas \u201cE\u017elieti\u0146as\u201d un izzino\u0161as sp\u0113les, karusel\u012b tika uzsauktas urravas jubil\u0101ram rakstniekam Albertam Kronenbergam, var\u0113ja noskat\u012bties anim\u0101cijas \u012bsfilmi\u0146u par Sloku un piedal\u012bties Alberta Kronenberga gr\u0101matas \u201cJ\u0113r\u0101di\u0146a\u201d jaunizdevuma atv\u0113r\u0161anas sv\u0113tkos.<\/p>\n<p>Sv\u0113tki visas dienas garum\u0101 turpin\u0101j\u0101s vecaj\u0101 tirgus laukum\u0101 \u2013 notika sv\u0113tku tirdzi\u0146\u0161, kop\u0101 ar \u201cJ\u016brmalas amatn\u012bcas\u201d meistariem var\u0113ja iepaz\u012bt seno amatu prasmes, ar ikdienas darba ekip\u0113jumu iepaz\u012bstin\u0101ja ugunsdz\u0113s\u0113ji un pa\u0161vald\u012bbas policijas darbinieki, fotoorient\u0113\u0161an\u0101s sp\u0113l\u0113 var\u0113ja izzin\u0101t tuv\u0113jo Slokas apk\u0101rtni. Muzik\u0101lus sveicienus sniedza m\u016bzi\u0137is Adrians Kukuvass un Adrija Silva Kukuvasa, deju kolekt\u012bvi \u201cJ\u016brmaldancis\u201d un \u201c\u0100bel\u012bte\u201d, deju grupa \u201cSvenko\u201d un \u0112rika Bud\u0113vica vok\u0101l\u0101s studijas dal\u012bbnieki, repere Revol\u016bcija un \u201cDzied\u0101t\u0101ja Amanda\u201d, izskan\u0113ja dziesmas no \u0100dolfa Alun\u0101na lug\u0101m \u201cJ\u016brmalas te\u0101tra\u201d aktieru izpild\u012bjum\u0101, bet nosl\u0113gum\u0101 uzst\u0101j\u0101s m\u016bzikas grupa \u201cDzeltenie pastnieki\u201d.<\/p>\n<p>Slokas apkaimei J\u016brmal\u0101 \u0161ogad ir noz\u012bm\u012bgu gadsk\u0101rtu laiks: 770 gadu jubileju kop\u0161 pirm\u0101s piemin\u0113\u0161anas rakstos atz\u012bm\u0113 v\u0113stures notikumiem bag\u0101t\u0101 J\u016brmalas pils\u0113tas da\u013ca Sloka, 140 gadu aprit Slokas bibliot\u0113kai, atz\u012bm\u0113ja ar\u012b slocenieka rakstnieka Alberta Kronenberga 138. gadsk\u0101rtu. Pie Alberta Kronenberga Slokas bibliot\u0113kas l\u012bdz jubilejas gada nosl\u0113gumam ir skat\u0101ma br\u012bvdabas izst\u0101de, kas atkl\u0101j Slokas v\u0113stures lappuses.<\/p>\n","protected":false},"excerpt":{"rendered":"Sestdien, 18. oktobr\u012b, J\u016brmal\u0101 tika svin\u0113ti Slokas sv\u0113tki, kas s\u0101k\u0101s ar uzvedumu Slokas Eva\u0146\u0123\u0113liski luteriskaj\u0101 bazn\u012bc\u0101 un turpin\u0101j\u0101s&hellip;\n","protected":false},"author":2,"featured_media":27380,"comment_status":"","ping_status":"","sticky":false,"template":"","format":"standard","meta":{"footnotes":""},"categories":[19],"tags":[89,90,114,35,39,38,36,37,34,40,629],"class_list":{"0":"post-27379","1":"post","2":"type-post","3":"status-publish","4":"format-standard","5":"has-post-thumbnail","7":"category-izklaide","8":"tag-entertainment","9":"tag-izklaide","10":"tag-jurmala","11":"tag-latvia","12":"tag-latvian","13":"tag-latviesu","14":"tag-latviesu-valoda","15":"tag-latviesuvaloda","16":"tag-latvija","17":"tag-lv","18":"tag-pierigas-zinas"},"share_on_mastodon":{"url":"","error":""},"_links":{"self":[{"href":"https:\/\/www.europesays.com\/lv\/wp-json\/wp\/v2\/posts\/27379","targetHints":{"allow":["GET"]}}],"collection":[{"href":"https:\/\/www.europesays.com\/lv\/wp-json\/wp\/v2\/posts"}],"about":[{"href":"https:\/\/www.europesays.com\/lv\/wp-json\/wp\/v2\/types\/post"}],"author":[{"embeddable":true,"href":"https:\/\/www.europesays.com\/lv\/wp-json\/wp\/v2\/users\/2"}],"replies":[{"embeddable":true,"href":"https:\/\/www.europesays.com\/lv\/wp-json\/wp\/v2\/comments?post=27379"}],"version-history":[{"count":0,"href":"https:\/\/www.europesays.com\/lv\/wp-json\/wp\/v2\/posts\/27379\/revisions"}],"wp:featuredmedia":[{"embeddable":true,"href":"https:\/\/www.europesays.com\/lv\/wp-json\/wp\/v2\/media\/27380"}],"wp:attachment":[{"href":"https:\/\/www.europesays.com\/lv\/wp-json\/wp\/v2\/media?parent=27379"}],"wp:term":[{"taxonomy":"category","embeddable":true,"href":"https:\/\/www.europesays.com\/lv\/wp-json\/wp\/v2\/categories?post=27379"},{"taxonomy":"post_tag","embeddable":true,"href":"https:\/\/www.europesays.com\/lv\/wp-json\/wp\/v2\/tags?post=27379"}],"curies":[{"name":"wp","href":"https:\/\/api.w.org\/{rel}","templated":true}]}}