{"id":27389,"date":"2025-10-21T15:46:21","date_gmt":"2025-10-21T15:46:21","guid":{"rendered":"https:\/\/www.europesays.com\/lv\/27389\/"},"modified":"2025-10-21T15:46:21","modified_gmt":"2025-10-21T15:46:21","slug":"klauss-sodra-un-ikea-zemes-darijums-ir-labs-signals-potencialajiem-investoriem-un-ari-latvijai-dienas-bizness","status":"publish","type":"post","link":"https:\/\/www.europesays.com\/lv\/27389\/","title":{"rendered":"Klauss: Sodra un IKEA zemes dar\u012bjums ir labs sign\u0101ls potenci\u0101lajiem investoriem un ar\u012b Latvijai :: Dienas Bizness"},"content":{"rendered":"<p class=\"text-font font-size--text-xlarge margin-3--bottom font-weight--bold padding-1--top\">Zviedrijas me\u017ea \u012bpa\u0161nieku asoci\u0101cijas &#8220;Sodra&#8221; dar\u012bjums, ar kuru t\u0101 par 720 miljoniem eiro p\u0101rdos tai piedero\u0161os 153 000 hekt\u0101ru zemes Baltij\u0101 ar &#8220;IKEA&#8221; saist\u012btajai komp\u0101nijai &#8220;Ingka Investments&#8221;, ir labs sign\u0101ls citiem potenci\u0101lajiem \u0101rvalstu investoriem un ar\u012b Latvijai, a\u0123ent\u016brai LETA sac\u012bja Latvijas Kokr\u016bpniec\u012bbas feder\u0101cijas (LKF) viceprezidents Kristaps Klauss.<\/p>\n<p class=\"text-font font-size--text-xlarge margin-3--bottom\">Vi\u0146\u0161 piebilda, ka dar\u012bjums ir pozit\u012bvs sign\u0101ls Latvijai, jo valsts p\u0101r\u0101k daudz izce\u013c \u0123eopolitiskos riskus un &#8220;noraksta&#8221; Latvijas invest\u012bciju vidi. &#8220;Investori nebaid\u0101s no Latvijas. \u0100rvalstnieki turpina invest\u0113t un notiek milz\u012bgi dar\u012bjumi ar Latvij\u0101 eso\u0161iem akt\u012bviem,&#8221; uzsv\u0113ra Klauss.<\/p>\n<p class=\"text-font font-size--text-xlarge margin-3--bottom\">Vi\u0146\u0161 ar\u012b sac\u012bja, ka dar\u012bjums kopum\u0101 ir v\u0113rt\u0113jams pozit\u012bvi, jo &#8220;Ingka Investments&#8221; ir Latvij\u0101 zin\u0101ms uz\u0146\u0113mums ar pieredzi, un tas ir &#8220;profesion\u0101lis sav\u0101 jom\u0101&#8221;.<\/p>\n<p class=\"text-font font-size--text-xlarge margin-3--bottom\">Vienlaikus Klauss atz\u012bm\u0113ja, ka dar\u012bjuma cena pamat\u0101 atbilst pie\u0146\u0113mumiem, kas izskan\u0113ja gada s\u0101kum\u0101. &#8220;Tas liecina, ka ba\u017eas par to, ka Latvija var\u0113tu b\u016bt k\u013cuvusi par toksisku invest\u012bcij\u0101m vai te b\u016btu j\u0101r\u0113\u0137ina milz\u012bgas atlaides potenci\u0101liem \u0123eopolitiskiem riskiem, l\u012bdz galam neatbilst paties\u012bbai,&#8221; vi\u0146\u0161 teica.<\/p>\n<p class=\"text-font font-size--text-xlarge margin-3--bottom\">LETA jau zi\u0146oja, ka &#8220;Sodra&#8221; par 720 miljoniem eiro p\u0101rdos tai piedero\u0161\u0101s zemes Baltij\u0101 kopum\u0101 153 000 hekt\u0101ru plat\u012bb\u0101 ar &#8220;IKEA&#8221; saist\u012btai komp\u0101nijai &#8220;Ingka Investments&#8221;. Tostarp Latvij\u0101 tiks p\u0101rdota zeme 135 000 hekt\u0101ru plat\u012bb\u0101, bet Igaunij\u0101 &#8211; 18 000 hekt\u0101ru plat\u012bb\u0101. Apm\u0113ram 89% no \u0161\u012bs zemes ir me\u017es.<\/p>\n<p class=\"text-font font-size--text-xlarge margin-3--bottom\">Dar\u012bjuma nosl\u0113g\u0161anai v\u0113l ir nepiecie\u0161ams sa\u0146emt attiec\u012bgo uzraudz\u012bbas iest\u0101\u017eu apstiprin\u0101jumu Latvij\u0101 un Igaunij\u0101.<\/p>\n<p class=\"text-font font-size--text-xlarge margin-3--bottom\">&#8220;Ingka Investments&#8221; pl\u0101no veidot ilgtermi\u0146a sadarb\u012bbu ar Baltijas kokapstr\u0101des uz\u0146\u0113mumiem un pl\u0101t\u0146u ra\u017eot\u0101jiem, veicinot koksnes p\u0101rstr\u0101di uz vietas re\u0123ion\u0101, veidojot kvalific\u0113tas darbvietas un stiprinot viet\u0113jo kompetenci, skaidro komp\u0101nij\u0101.<\/p>\n<p class=\"text-font font-size--text-xlarge margin-3--bottom\">T\u0101pat v\u0113st\u012bts, ka liel\u0101k\u0101 da\u013ca no &#8220;Sodra&#8221; piedero\u0161aj\u0101m tirg\u016b izliktaj\u0101m me\u017eu plat\u012bb\u0101m 2018. gad\u0101 tika nopirktas par 324 miljoniem eiro.<\/p>\n<p class=\"text-font font-size--text-xlarge margin-3--bottom\">\u0160ogad janv\u0101r\u012b &#8220;Sodra&#8221; pazi\u0146oja, ka pl\u0101no p\u0101rdot me\u017ea \u012bpa\u0161umus un ar tiem saist\u012bto uz\u0146\u0113m\u0113jdarb\u012bbu Baltijas valst\u012bs.<\/p>\n<p class=\"text-font font-size--text-xlarge margin-3--bottom\">P\u0113c Klausa iepriek\u0161 teikt\u0101, &#8220;Sodra&#8221; pied\u0101v\u0101ja ieg\u0101d\u0101ties apm\u0113ram 2% no Latvijas kop\u0113j\u0101s me\u017eu plat\u012bbas.<\/p>\n<p class=\"text-font font-size--text-xlarge margin-3--bottom\">Savuk\u0101rt zemkop\u012bbas ministrs Armands Krauze (ZZS) iepriek\u0161 uzsv\u0113ra, ka Latvijai ir j\u0101izmanto \u0161\u012b iesp\u0113ja un j\u0101ieg\u0101d\u0101jas pied\u0101v\u0101tie me\u017ei, piebilstot, ka tas ir nacion\u0101lo intere\u0161u jaut\u0101jums, tostarp valsts dro\u0161\u012bbas un ekonomisk\u0101s dro\u0161\u012bbas jaut\u0101jums. T\u0101pat vi\u0146\u0161 bija ieteicis mekl\u0113t finan\u0161u instrumentus, kurus izmantojot Latvija \u0161\u012bs zemes var\u0113tu ieg\u0101d\u0101ties, piem\u0113ram, pensiju fondus, kurus var\u0113tu ieguld\u012bt.<\/p>\n<p class=\"text-font font-size--text-xlarge margin-3--bottom\">Tom\u0113r \u0161ogad maij\u0101 ministrs pazi\u0146oja, ka Latvija vairs nevar iesniegt pied\u0101v\u0101jumus &#8220;Sodra&#8221; par tai piedero\u0161o Latvijas me\u017eu atpirk\u0161anu, jo sarun\u0101s ar AS &#8220;Latvijas valsts me\u017ei&#8221; (LVM) uz\u0146\u0113mums atteicies pagarin\u0101t pied\u0101v\u0101jumu iesnieg\u0161anas termi\u0146u.<\/p>\n<p class=\"text-font font-size--text-xlarge margin-3--bottom\">Ministrs nor\u0101d\u012bja, ka LVM iepriek\u0161 komunic\u0113ja ar koncernu par potenci\u0101lu \u0161o me\u017eu ieg\u0101di, bet, lai Latvijas valsts vai k\u0101ds valsts uz\u0146\u0113mums me\u017eus var\u0113tu ieg\u0101d\u0101ties, ir nepiecie\u0161ams vald\u012bbas l\u0113mums. T\u0101p\u0113c LVM l\u016bdza pagarin\u0101t priek\u0161likumu iesnieg\u0161anas termi\u0146u, bet &#8220;Sodra&#8221; l\u016bgumu noraid\u012bja. T\u0101p\u0113c Latvija pied\u0101v\u0101jumu me\u017eu ieg\u0101dei vairs nevar\u0113ja iesniegt.<\/p>\n<p class=\"text-font font-size--text-xlarge margin-3--bottom\">&#8220;Ingka Investments&#8221; l\u012bdz \u0161im pieder\u0113ja 110 000 hekt\u0101ru zemes Latvij\u0101.<\/p>\n<p class=\"text-font font-size--text-xlarge margin-3--bottom\">&#8220;Ingka Investments&#8221; ir &#8220;IKEA&#8221; liel\u0101k\u0101 veikalu operatora &#8220;Ingka Group&#8221; invest\u012bciju strukt\u016brvien\u012bba, kas kopum\u0101 apsaimnieko vair\u0101k nek\u0101 331 500 hekt\u0101rus me\u017eu zemes.<\/p>\n<p class=\"text-font font-size--text-xlarge margin-3--bottom\">&#8220;Ingka Group&#8221; darbojas 31 valst\u012b un nodro\u0161ina aptuveni 90% no &#8220;IKEA&#8221; kop\u0113j\u0101s mazumtirdzniec\u012bbas apgroz\u012bjuma. Grupa pieder labdar\u012bbas fondam. &#8220;Ingka Group&#8221; neveic mazumtirdzniec\u012bbas darb\u012bbu Baltij\u0101. &#8220;IKEA&#8221; veikalu operators Baltij\u0101 ir &#8220;Inter IKEA Group&#8221;.<\/p>\n<p class=\"text-font font-size--text-xlarge margin-3--bottom\">&#8220;Ingka Investments Latvia&#8221; finan\u0161u gad\u0101, kas ilga no 2023. gada 1. septembra l\u012bdz 2024. gada 31. augustam, str\u0101d\u0101ja ar 9,566 miljonu eiro apgroz\u012bjumu un 1,762 miljonu eiro pe\u013c\u0146u. Uz\u0146\u0113mums pieder N\u012bderland\u0113 re\u0123istr\u0113tajam &#8220;Ingka Investments Sustainable Resources&#8221;.<\/p>\n<p class=\"text-font font-size--text-xlarge margin-3--bottom\">&#8220;Sodra&#8221; grupas p\u0101rst\u0101vis Latvij\u0101, kas specializ\u0113jas me\u017ekop\u012bb\u0101 un me\u017eizstr\u0101d\u0113, SIA &#8220;Sodra Forest Latvia&#8221; 2024. gad\u0101 str\u0101d\u0101ja ar 5,361 miljona eiro apgroz\u012bjumu, kas ir par 37,9% vair\u0101k nek\u0101 gadu iepriek\u0161, bet komp\u0101nijas pe\u013c\u0146a sasniedza 12 074 eiro pret\u0113ji zaud\u0113jumiem gadu iepriek\u0161, liecina &#8220;Firmas.lv&#8221; publiskot\u0101 inform\u0101cija.<\/p>\n<p class=\"text-font font-size--text-xlarge margin-3--bottom\">Komp\u0101nija &#8220;Sodra Forest Latvia&#8221; re\u0123istr\u0113ta 2003. gad\u0101, un t\u0101s pamatkapit\u0101ls ir 106,026 miljoni eiro. Komp\u0101nijas vien\u012bgais \u012bpa\u0161nieks ir Zviedrijas &#8220;Sodra Skogsagarna ekonomisk forening&#8221;.<\/p>\n","protected":false},"excerpt":{"rendered":"Zviedrijas me\u017ea \u012bpa\u0161nieku asoci\u0101cijas &#8220;Sodra&#8221; dar\u012bjums, ar kuru t\u0101 par 720 miljoniem eiro p\u0101rdos tai piedero\u0161os 153 000&hellip;\n","protected":false},"author":2,"featured_media":27390,"comment_status":"","ping_status":"","sticky":false,"template":"","format":"standard","meta":{"footnotes":""},"categories":[5],"tags":[23,869,77,870,28,29,867,32,33,22,30,31,35,39,38,36,37,34,871,868,40,20,26,27,24,25,21],"class_list":{"0":"post-27389","1":"post","2":"type-post","3":"status-publish","4":"format-standard","5":"has-post-thumbnail","7":"category-aktualitates","8":"tag-aktualitates","9":"tag-biznesa-zinas","10":"tag-bizness","11":"tag-bizness-latvija","12":"tag-breaking-news","13":"tag-breakingnews","14":"tag-dienas-zinas","15":"tag-featured-news","16":"tag-featurednews","17":"tag-headlines","18":"tag-latest-news","19":"tag-latestnews","20":"tag-latvia","21":"tag-latvian","22":"tag-latviesu","23":"tag-latviesu-valoda","24":"tag-latviesuvaloda","25":"tag-latvija","26":"tag-latvijas-biznesa-zinas","27":"tag-latvijas-zinas","28":"tag-lv","29":"tag-news","30":"tag-popularakas-zinas","31":"tag-popularakaszinas","32":"tag-top-stories","33":"tag-topstories","34":"tag-zinas"},"share_on_mastodon":{"url":"","error":""},"_links":{"self":[{"href":"https:\/\/www.europesays.com\/lv\/wp-json\/wp\/v2\/posts\/27389","targetHints":{"allow":["GET"]}}],"collection":[{"href":"https:\/\/www.europesays.com\/lv\/wp-json\/wp\/v2\/posts"}],"about":[{"href":"https:\/\/www.europesays.com\/lv\/wp-json\/wp\/v2\/types\/post"}],"author":[{"embeddable":true,"href":"https:\/\/www.europesays.com\/lv\/wp-json\/wp\/v2\/users\/2"}],"replies":[{"embeddable":true,"href":"https:\/\/www.europesays.com\/lv\/wp-json\/wp\/v2\/comments?post=27389"}],"version-history":[{"count":0,"href":"https:\/\/www.europesays.com\/lv\/wp-json\/wp\/v2\/posts\/27389\/revisions"}],"wp:featuredmedia":[{"embeddable":true,"href":"https:\/\/www.europesays.com\/lv\/wp-json\/wp\/v2\/media\/27390"}],"wp:attachment":[{"href":"https:\/\/www.europesays.com\/lv\/wp-json\/wp\/v2\/media?parent=27389"}],"wp:term":[{"taxonomy":"category","embeddable":true,"href":"https:\/\/www.europesays.com\/lv\/wp-json\/wp\/v2\/categories?post=27389"},{"taxonomy":"post_tag","embeddable":true,"href":"https:\/\/www.europesays.com\/lv\/wp-json\/wp\/v2\/tags?post=27389"}],"curies":[{"name":"wp","href":"https:\/\/api.w.org\/{rel}","templated":true}]}}