{"id":27393,"date":"2025-10-21T15:59:07","date_gmt":"2025-10-21T15:59:07","guid":{"rendered":"https:\/\/www.europesays.com\/lv\/27393\/"},"modified":"2025-10-21T15:59:07","modified_gmt":"2025-10-21T15:59:07","slug":"rudens-kamermuzikas-festivalu-jurmala-noslegs-pasaules-slavena-vijolniece-izabella-fausta-lente-lv","status":"publish","type":"post","link":"https:\/\/www.europesays.com\/lv\/27393\/","title":{"rendered":"Rudens kamerm\u016bzikas festiv\u0101lu J\u016brmal\u0101 nosl\u0113gs pasaules slaven\u0101 vijolniece Izabella Fausta\u00a0\u2014\u00a0Lente.lv"},"content":{"rendered":"<p>Rudens kamerm\u016bzikas festiv\u0101la grandiozs nosl\u0113gums ar vijolnieci Izabellu Faustu<\/p>\n<p>J\u016brmala, 2025. gada 21. oktobris \u2013 L\u012bdz ar rudens v\u0113so elpu kl\u0101t ar\u012b viens no gaid\u012bt\u0101kajiem notikumiem klasisk\u0101s m\u016bzikas cien\u012bt\u0101jiem \u2013 Rudens kamerm\u016bzikas festiv\u0101ls, kas \u0161ogad savu kulmin\u0101ciju sasniegs 24. oktobr\u012b elegantaj\u0101 Dzintaru koncertz\u0101les Mazaj\u0101 z\u0101l\u0113. \u0160oreiz festiv\u0101la nosl\u0113guma koncertu kuplin\u0101s pasaules m\u0113roga zvaigzne, izcil\u0101 v\u0101cu vijolniece Izabella Fausta, kuras v\u0101rds jau izsenis saist\u012bts ar augst\u0101ko m\u0101ksliniecisko meistar\u012bbu un dzi\u013cu interpret\u0101ciju.<\/p>\n<p>Izabella Fausta \u2013 M\u016bsdienu vijoles virtuozes ikona<\/p>\n<p>Izabella Fausta nav tikai vijolniece; vi\u0146a ir m\u0101ksliniece, kuru kriti\u0137i slav\u0113 k\u0101 p\u0101rliecino\u0161u un drosm\u012bgu interpret\u0101ciju meistari. Vi\u0146as sniegums ir apliecin\u0101jums tam, ka talants apvienojum\u0101 ar intelektu\u0101lu dzi\u013cumu sp\u0113j rad\u012bt patiesi neaizmirstamus muzik\u0101lus p\u0101rdz\u012bvojumus. Ne velti vi\u0146a ir sa\u0146\u0113musi presti\u017e\u0101s \u201cGramophone Award 2024\u201d dubultbalvu un atzin\u012bbu k\u0101 Gada instrument\u0101liste \u201cOpus Klassik 2024\u201d. \u0160ie apbalvojumi ir tikai neliela da\u013ca no atzin\u012bb\u0101m, ko Fausta ieguvusi savas spo\u017e\u0101s karjeras laik\u0101, apliecinot vi\u0146as peln\u012bto vietu klasisk\u0101s m\u016bzikas elites vid\u016b. K\u0101 reiz atz\u012bm\u0113jis izdevums \u201cThe Guardian\u201d, \u201cFausta ir dom\u0101t\u0101ja,\u201d un vi\u0146as m\u0101ksl\u0101 nav mekl\u0113jama virspus\u0113ja spozme, bet gan autentiskums un nepiecie\u0161am\u012bba atkl\u0101t m\u016bzikas dzi\u013c\u0101ko b\u016bt\u012bbu, kas sl\u0113pjas aiz not\u012bm. Vi\u0146as sp\u0113ja iedzi\u013cin\u0101ties ska\u0146darbu v\u0113sturiskaj\u0101 un emocion\u0101laj\u0101 sl\u0101n\u012b \u013cauj vi\u0146ai virtuozi izpild\u012bt pla\u0161u repertu\u0101ru, s\u0101kot no Johana Sebasti\u0101na Baha l\u012bdz pat laikmet\u012bgajiem komponistiem. Vi\u0146as instrumenta \u2013 Stradiv\u0101ri vijoles \u201cSleeping Beauty\u201d (1704) \u2013 ska\u0146a, kas atrada ce\u013cu no senas v\u0101cu pils, run\u0101 par paties\u012bbu un cilv\u0113c\u012bbu, glu\u017ei t\u0101pat k\u0101 pati m\u0101ksliniece sav\u0101 rado\u0161aj\u0101 darb\u012bb\u0101.<\/p>\n<p>Baha solo son\u0101tes un partitas \u2013 Ce\u013cojums uz muzik\u0101l\u0101s \u0123enialit\u0101tes kodolu<\/p>\n<p>Festiv\u0101la nosl\u0113guma koncert\u0101 Izabella Fausta klaus\u012bt\u0101jus aicin\u0101s uz fascin\u0113jo\u0161u muzik\u0101lu ce\u013cojumu Johana Sebasti\u0101na Baha solo son\u0101\u0161u un partitu pasaul\u0113. \u0160ie gandr\u012bz pirms 300 gadiem rad\u012btie ska\u0146darbi ir ne tikai Baha \u0123enialit\u0101tes apliecin\u0101jums, bet ar\u012b stabilit\u0101tes un atelpas avots m\u016bsdienu nenoteikt\u012bbas laikmet\u0101. Fausta \u012bpa\u0161i izcili sp\u0113j atkl\u0101t Baha vienbals\u012bgo melodiju daudzdimension\u0101lo arhitekt\u016bru, piev\u0113r\u0161ot neviltotu uzman\u012bbu gan tehniskajai precizit\u0101tei, gan dzi\u013ciem emocion\u0101liem mekl\u0113jumiem. Vi\u0146as attur\u012bg\u0101 vienk\u0101r\u0161\u012bba un kalpo\u0161ana m\u016bzikai \u013cauj piln\u012bb\u0101 izbaud\u012bt Baha ska\u0146darbu ma\u0123isko vienk\u0101r\u0161\u012bbu, kas p\u0101rsteidzo\u0161i harmoniski savijas ar sare\u017e\u0123\u012bt\u0101m muzik\u0101l\u0101m strukt\u016br\u0101m. Tas b\u016bs vakars, kas piepild\u012bs \u201cDzintaru koncertz\u0101li\u201d ar skaist\u0101kajiem Baha vijolei solo rakst\u012btajiem ska\u0146darbiem, pied\u0101v\u0101jot klaus\u012bt\u0101jiem neaizmirstamu pieredzi un dzi\u013cu muzik\u0101lu baud\u012bjumu.<\/p>\n<p>Rudens kamerm\u016bzikas festiv\u0101ls \u2013 Emociju un izcil\u012bbas moza\u012bka<\/p>\n<p>\u201cRudens kamerm\u016bzikas festiv\u0101ls\u201d, ko r\u012bko VSIA \u201cLatvijas Koncerti\u201d, \u0161ogad norisin\u0101j\u0101s no 9. l\u012bdz 24. oktobrim, pulc\u0113jot R\u012bgas un J\u016brmalas koncertz\u0101l\u0113s gan pasaules l\u012bme\u0146a m\u0101ksliniekus, gan Latvijas spo\u017e\u0101kos talantus. Festiv\u0101la programma ir bijusi bag\u0101t\u012bga un daudzveid\u012bga, sniedzot klaus\u012bt\u0101jiem iesp\u0113ju baud\u012bt da\u017e\u0101dus kamerm\u016bzikas \u017eanrus un interpret\u0101cijas. S\u0101kot ar \u201cSinfonietta R\u012bga\u201d un diri\u0123enta J\u0113rga Vidma\u0146a atkl\u0101\u0161anas koncertu, kur\u0101 skan\u0113ja Mocarta un B\u0113thovena ska\u0146darbi, l\u012bdz pat citiem izciliem priek\u0161nesumiem, kuros piedal\u012bju\u0161ies t\u0101di m\u0101kslinieki k\u0101 pianists Daumants Liepi\u0146\u0161, operdzied\u0101t\u0101ja Inga Kalna un citi. Festiv\u0101ls ir apliecin\u0101jis savu noz\u012bmi Latvijas kult\u016bras dz\u012bv\u0113, pied\u0101v\u0101jot augstv\u0113rt\u012bgu m\u0101kslu un veicinot jaunu klaus\u012bt\u0101ju auditorijas veido\u0161anos. \u0160\u0101ds pas\u0101kums ir k\u0101 elpo\u0161anas pauze ikdienas steidz\u012bgaj\u0101 ritm\u0101, \u013caujot iegrimt skaistuma un harmonijas pasaul\u0113. Izabella Fausta ar savu koncertu festiv\u0101la nosl\u0113gum\u0101 liek punktu \u0161ai kr\u0101\u0161\u0146ajai kamerm\u016bzikas moza\u012bkai, apliecinot, ka augstas klases m\u016bzika sp\u0113j iepriecin\u0101t un iedvesmot jebkur\u0101 laik\u0101.<\/p>\n<p>Izabella Faustas muzik\u0101l\u0101 izaugsme un karjeras s\u0101kums<\/p>\n<p>M\u0101kslinieces muzik\u0101l\u0101 ce\u013cojuma saknes mekl\u0113jamas jau b\u0113rn\u012bb\u0101. Izabella Fausta s\u0101ka apg\u016bt vijoles sp\u0113li piecu gadu vecum\u0101, ko iedvesmoja vi\u0146as t\u0113vs, kur\u0161 pats bija amatierm\u016bzi\u0137is. Jau vienpadsmit gadu vecum\u0101 vi\u0146a nodibin\u0101ja savu pirmo st\u012bgu kvartetu, kas skaidri par\u0101d\u012bja vi\u0146as agr\u012bno interesi un talantu pret kamerm\u016bziku. \u0160\u012b agr\u012bn\u0101 saskarsme ar kop\u012bgu muzic\u0113\u0161anu nostiprin\u0101ja Faustas p\u0101rliec\u012bbu, ka muzic\u0113\u0161ana ir abpus\u0113js process \u2013 ne tikai izpaust sevi, bet ar\u012b akt\u012bvi klaus\u012bties un rea\u0123\u0113t uz partneriem. Vi\u0146as skolot\u0101ja, \u201cKerub\u012bn\u012b kvarteta\u201d vijolnieka Kristofa Popena person\u0101, pal\u012bdz\u0113ja nostiprin\u0101t \u0161o p\u0101rliec\u012bbu. 1993. gad\u0101 Faustas karjera ieguva jaunu pagriezienu, kad vi\u0146a uzvar\u0113ja presti\u017eaj\u0101 Nikolo Pagan\u012bni konkurs\u0101, kas pav\u0113ra durvis uz starptautisku skatuvi un \u013c\u0101va sadarboties ar pasaules izcil\u0101kajiem m\u016bzi\u0137iem. Kop\u0161 1996. gada Fausta muzic\u0113 uz slaven\u0101s Stradiv\u0101ri vijoles \u201cSleeping Beauty\u201d, kas pati par sevi ir unik\u0101ls instruments ar savu v\u0113sturi. \u0160\u012b vijole, kas tika atrasta sen\u0101 v\u0101cu pil\u012b, pie\u0161\u0137ir vi\u0146as sniegumam \u012bpa\u0161u rezonansi, radot sp\u0113c\u012bgu savienojumu starp pag\u0101tni un tagadni.<\/p>\n<p>M\u016bzikas kriti\u0137u atzin\u012bbas un Faustas unik\u0101l\u0101 pieeja<\/p>\n<p>Faustas interpret\u0101cijas tiek raksturotas k\u0101 dzi\u013cas, inteli\u0123entas un emocion\u0101li pies\u0101tin\u0101tas. Vi\u0146a nesaista \u201cvirspus\u0113ja spozme\u201d, bet gan \u201cautentiskums un m\u016bzika aiz no\u0161u raksta\u201d. \u0160\u012b pieeja \u013cauj vi\u0146ai ne tikai tehniski nevainojami izpild\u012bt sare\u017e\u0123\u012btus ska\u0146darbus, bet ar\u012b atkl\u0101t to dzi\u013c\u0101ko noz\u012bmi un emocion\u0101lo v\u0113st\u012bjumu. Vi\u0146as sp\u0113ja izveidot \u201cdaudzdimension\u0101lu arhitekt\u016bru\u201d no Baha vienbals\u012bgaj\u0101m melodij\u0101m liecina par vi\u0146as unik\u0101lo izpratni par m\u016bziku. Vi\u0146as koncerta programma, kas velt\u012bta vien\u012bgi Baha solo son\u0101t\u0101m un partit\u0101m, ir drosm\u012bgs solis, kas \u013caus klaus\u012bt\u0101jiem piln\u012bb\u0101 koncentr\u0113ties uz vijoles solo m\u016bzikas skaistumu un dzi\u013cumu. \u0160\u012b izv\u0113le atspogu\u013co Faustas v\u0113lmi \u201cvienm\u0113r atkl\u0101t ko jaunu un g\u016bt jaunas pieredzes\u201d, padarot vi\u0146as priek\u0161nesumus par unik\u0101lu notikumu. Dzintaru koncertz\u0101les Maz\u0101 z\u0101le k\u013c\u016bs par sv\u0113tn\u012bcu \u0161ai reizei, kur\u0101 baud\u012bt ne tikai tehnisku meistar\u012bbu, bet ar\u012b dzi\u013cu m\u0101ksliniecisku p\u0101rdz\u012bvojumu.<\/p>\n<p>Inform\u0101cija par bi\u013cet\u0113m un pas\u0101kumu<\/p>\n<p>Rudens kamerm\u016bzikas festiv\u0101la nosl\u0113guma koncerts ar Izabellu Faustu notiks 24. oktobr\u012b plkst. 19:00 Dzintaru koncertz\u0101les Mazaj\u0101 z\u0101l\u0113. Bi\u013cetes uz \u0161o un citiem festiv\u0101la pas\u0101kumiem pieejamas \u201cBi\u013ce\u0161u Parad\u012bze\u201d tirdzniec\u012bbas viet\u0101s un tie\u0161saist\u0113. \u0160is ir notikums, ko nedr\u012bkst palaist gar\u0101m neviens klasisk\u0101s m\u016bzikas entuziasts, jo tas sola ne tikai augst\u0101k\u0101s klases muzik\u0101lo baud\u012bjumu, bet ar\u012b dzi\u013cu emocion\u0101lu un intelektu\u0101lu pieredzi.<\/p>\n","protected":false},"excerpt":{"rendered":"Rudens kamerm\u016bzikas festiv\u0101la grandiozs nosl\u0113gums ar vijolnieci Izabellu Faustu J\u016brmala, 2025. gada 21. oktobris \u2013 L\u012bdz ar rudens&hellip;\n","protected":false},"author":2,"featured_media":27394,"comment_status":"","ping_status":"","sticky":false,"template":"","format":"standard","meta":{"footnotes":""},"categories":[19],"tags":[1054,89,8473,90,8474,2527,35,39,38,36,37,34,40,5761],"class_list":{"0":"post-27393","1":"post","2":"type-post","3":"status-publish","4":"format-standard","5":"has-post-thumbnail","7":"category-izklaide","8":"tag-dzintaru-koncertzale","9":"tag-entertainment","10":"tag-izabella-fausta","11":"tag-izklaide","12":"tag-johans-sebastians-bahs","13":"tag-klasiska-muzika","14":"tag-latvia","15":"tag-latvian","16":"tag-latviesu","17":"tag-latviesu-valoda","18":"tag-latviesuvaloda","19":"tag-latvija","20":"tag-lv","21":"tag-rudens-kamermuzikas-festivals"},"share_on_mastodon":{"url":"","error":""},"_links":{"self":[{"href":"https:\/\/www.europesays.com\/lv\/wp-json\/wp\/v2\/posts\/27393","targetHints":{"allow":["GET"]}}],"collection":[{"href":"https:\/\/www.europesays.com\/lv\/wp-json\/wp\/v2\/posts"}],"about":[{"href":"https:\/\/www.europesays.com\/lv\/wp-json\/wp\/v2\/types\/post"}],"author":[{"embeddable":true,"href":"https:\/\/www.europesays.com\/lv\/wp-json\/wp\/v2\/users\/2"}],"replies":[{"embeddable":true,"href":"https:\/\/www.europesays.com\/lv\/wp-json\/wp\/v2\/comments?post=27393"}],"version-history":[{"count":0,"href":"https:\/\/www.europesays.com\/lv\/wp-json\/wp\/v2\/posts\/27393\/revisions"}],"wp:featuredmedia":[{"embeddable":true,"href":"https:\/\/www.europesays.com\/lv\/wp-json\/wp\/v2\/media\/27394"}],"wp:attachment":[{"href":"https:\/\/www.europesays.com\/lv\/wp-json\/wp\/v2\/media?parent=27393"}],"wp:term":[{"taxonomy":"category","embeddable":true,"href":"https:\/\/www.europesays.com\/lv\/wp-json\/wp\/v2\/categories?post=27393"},{"taxonomy":"post_tag","embeddable":true,"href":"https:\/\/www.europesays.com\/lv\/wp-json\/wp\/v2\/tags?post=27393"}],"curies":[{"name":"wp","href":"https:\/\/api.w.org\/{rel}","templated":true}]}}