{"id":27411,"date":"2025-10-21T16:30:13","date_gmt":"2025-10-21T16:30:13","guid":{"rendered":"https:\/\/www.europesays.com\/lv\/27411\/"},"modified":"2025-10-21T16:30:13","modified_gmt":"2025-10-21T16:30:13","slug":"nedrikstu-padoties-dainim-dobelniekam-slimiba-skar-otru-kaju-bet-vins-joprojam-kapj-uz-skatuves","status":"publish","type":"post","link":"https:\/\/www.europesays.com\/lv\/27411\/","title":{"rendered":"&#8220;Nedr\u012bkstu padoties&#8221;. Dainim Dobelniekam slim\u012bba skar otru k\u0101ju, bet vi\u0146\u0161 joproj\u0101m k\u0101pj uz skatuves"},"content":{"rendered":"<p>Lai gan le\u0123end\u0101r\u0101s grupas &#8220;<a rel=\"noopener nofollow\" target=\"_blank\" href=\"https:\/\/www.delfi.lv\/temas\/42782506\/eolika\" tag-id=\"42782506\">Eolika<\/a>&#8221; solistam Dainim Dobelniekam smag\u0101 slim\u012bba atkal likusi doties uz oper\u0101ciju galda un p\u0101r\u0146\u0113musi ar\u012b otru k\u0101ju, vi\u0146\u0161 neatsak\u0101s no rado\u0161\u0101s darb\u012bbas. Dzied\u0101t\u0101js turpina koncert\u0113t, st\u0101vot uz skatuves ar sievas un kol\u0113\u0123u atbalstu, un saka: &#8220;Ir j\u0101turas, ir j\u0101dz\u012bvo t\u0101l\u0101k.&#8221;<\/p>\n<p>2016. gada 11. novembr\u012b dzied\u0101t\u0101ja dz\u012bve main\u012bj\u0101s \u2013 gangr\u0113nas d\u0113\u013c, ko izrais\u012bja asinsrites trauc\u0113jumi, n\u0101c\u0101s amput\u0113t kreis\u0101s <a rel=\"noopener nofollow\" target=\"_blank\" href=\"https:\/\/www.delfi.lv\/temas\/44666676\/kajas-0\" tag-id=\"44666676\">k\u0101jas<\/a> apak\u0161stilbu. Gadu v\u0113l\u0101k vi\u0146\u0161 atkl\u0101ti st\u0101st\u012bja, ka m\u0101c\u0101s pie\u0146emt jauno realit\u0101ti un dz\u012bvot t\u0101l\u0101k: &#8220;Tas ir mana \u0137erme\u0146a defekts, mana gangr\u0113na&#8230; Vien\u012bg\u0101 atzi\u0146a ir t\u0101da, ka man ir j\u0101dz\u012bvo t\u0101l\u0101k savai \u0123imenei, savai skatuvei un j\u0101tiek ar \u0161o defektu gal\u0101.&#8221;<\/p>\n<p>Dobelnieks tolaik bija optimistisks un ap\u0146\u0113mies pierast pie prot\u0113zes, ta\u010du pirms nepilna gada slim\u012bba atkal lika par sevi man\u012bt \u2013 \u0161oreiz skarot ar\u012b otro k\u0101ju. &#8220;Vispirms no\u0146\u0113ma \u010detrus pirkstus, p\u0113c tam n\u0101c\u0101s iz\u0146emt kaulu ar\u012b p\u0113d\u0113jam paliku\u0161ajam pirkstam, jo tas bija jau s\u0101cis boj\u0101ties. Tas ir briesm\u012bgi. Ik br\u012bdi izj\u016btu stipras s\u0101pes un, god\u012bgi sakot, knapi varu pastaig\u0101t,&#8221; atz\u012bst dzied\u0101t\u0101js \u017eurn\u0101l\u0101 &#8220;Kas Jauns&#8221;, piebilstot, ka past\u0101v risks ar\u012b liel\u0101kas da\u013cas <a rel=\"noopener nofollow\" target=\"_blank\" href=\"https:\/\/www.delfi.lv\/temas\/47453935\/amputacija\" tag-id=\"47453935\">amput\u0101cijai<\/a>. <\/p>\n<p>\u0100rsti joproj\u0101m mekl\u0113 prec\u012bzu slim\u012bbas c\u0113loni, ta\u010du, neskatoties uz nezi\u0146u un fizisk\u0101m cie\u0161an\u0101m, Dainis cen\u0161as kust\u0113ties, cik vien sp\u0113j. Vi\u0146\u0161 saka, ka skat\u012bt\u0101ju m\u012blest\u012bba vi\u0146am dod liel\u0101ko sp\u0113ku un prieku: &#8220;Ir j\u0101turas, ir j\u0101dz\u012bvo t\u0101l\u0101k!&#8221;<\/p>\n<p class=\"m-0\">Seko &#8220;Delfi&#8221; ar\u012b  <a target=\"_blank\" href=\"https:\/\/www.instagram.com\/delfi.lv\/\" rel=\"nofollow noopener\">Instagram<\/a>  un <a target=\"_blank\" href=\"https:\/\/www.youtube.com\/channel\/UCw5foWtcJvAbUm64rv7jwUQ\" rel=\"nofollow noopener\">YouTube<\/a>  profil\u0101 \u2013 pievienojies, lai uzzin\u0101tu svar\u012bg\u0101ko un interesant\u0101ko pirmais!<\/p>\n<p>Publik\u0101cijas saturs vai t\u0101s jebk\u0101da apjoma da\u013ca ir aizsarg\u0101ts autorties\u012bbu objekts Autorties\u012bbu likuma izpratn\u0113, un t\u0101 izmanto\u0161ana bez izdev\u0113ja at\u013caujas ir aizliegta. Vair\u0101k lasi  <a target=\"_blank\" href=\"https:\/\/www.delfi.lv\/noteikumi#autortiesibas\" rel=\"nofollow noopener\">\u0161eit<\/a><script async src=\"\/\/www.instagram.com\/embed.js\"><\/script><\/p>\n","protected":false},"excerpt":{"rendered":"Lai gan le\u0123end\u0101r\u0101s grupas &#8220;Eolika&#8221; solistam Dainim Dobelniekam smag\u0101 slim\u012bba atkal likusi doties uz oper\u0101ciju galda un p\u0101r\u0146\u0113musi&hellip;\n","protected":false},"author":2,"featured_media":27412,"comment_status":"","ping_status":"","sticky":false,"template":"","format":"standard","meta":{"footnotes":""},"categories":[19],"tags":[8482,89,8480,90,8481,35,39,38,36,37,34,40],"class_list":{"0":"post-27411","1":"post","2":"type-post","3":"status-publish","4":"format-standard","5":"has-post-thumbnail","7":"category-izklaide","8":"tag-amputacija","9":"tag-entertainment","10":"tag-eolika","11":"tag-izklaide","12":"tag-kajas","13":"tag-latvia","14":"tag-latvian","15":"tag-latviesu","16":"tag-latviesu-valoda","17":"tag-latviesuvaloda","18":"tag-latvija","19":"tag-lv"},"share_on_mastodon":{"url":"","error":""},"_links":{"self":[{"href":"https:\/\/www.europesays.com\/lv\/wp-json\/wp\/v2\/posts\/27411","targetHints":{"allow":["GET"]}}],"collection":[{"href":"https:\/\/www.europesays.com\/lv\/wp-json\/wp\/v2\/posts"}],"about":[{"href":"https:\/\/www.europesays.com\/lv\/wp-json\/wp\/v2\/types\/post"}],"author":[{"embeddable":true,"href":"https:\/\/www.europesays.com\/lv\/wp-json\/wp\/v2\/users\/2"}],"replies":[{"embeddable":true,"href":"https:\/\/www.europesays.com\/lv\/wp-json\/wp\/v2\/comments?post=27411"}],"version-history":[{"count":0,"href":"https:\/\/www.europesays.com\/lv\/wp-json\/wp\/v2\/posts\/27411\/revisions"}],"wp:featuredmedia":[{"embeddable":true,"href":"https:\/\/www.europesays.com\/lv\/wp-json\/wp\/v2\/media\/27412"}],"wp:attachment":[{"href":"https:\/\/www.europesays.com\/lv\/wp-json\/wp\/v2\/media?parent=27411"}],"wp:term":[{"taxonomy":"category","embeddable":true,"href":"https:\/\/www.europesays.com\/lv\/wp-json\/wp\/v2\/categories?post=27411"},{"taxonomy":"post_tag","embeddable":true,"href":"https:\/\/www.europesays.com\/lv\/wp-json\/wp\/v2\/tags?post=27411"}],"curies":[{"name":"wp","href":"https:\/\/api.w.org\/{rel}","templated":true}]}}