{"id":27415,"date":"2025-10-21T16:37:09","date_gmt":"2025-10-21T16:37:09","guid":{"rendered":"https:\/\/www.europesays.com\/lv\/27415\/"},"modified":"2025-10-21T16:37:09","modified_gmt":"2025-10-21T16:37:09","slug":"latvijas-florbola-savieniba-lv-2025-2026-jaunumi-fk-ulbroka-parliecinosi-paraka-par-fk-ogre","status":"publish","type":"post","link":"https:\/\/www.europesays.com\/lv\/27415\/","title":{"rendered":"Latvijas Florbola savien\u012bba \u00bb LV \u00bb 2025\/2026 \u00bb Jaunumi \u00bb &#8220;FK Ulbroka&#8221; p\u0101rliecino\u0161i p\u0101r\u0101ka par &#8220;FK Ogre&#8221;"},"content":{"rendered":"<p>&#8220;FK Ulbroka&#8221; p\u0101rliecino\u0161i p\u0101r\u0101ka par &#8220;FK Ogre&#8221;<\/p>\n<p><\/p>\n<p>\t\t\t\t\t<img decoding=\"async\" src=\"https:\/\/www.europesays.com\/lv\/wp-content\/uploads\/2025\/10\/20251019_ulbrokaogre177.jpg\" class=\"news-title-image\" width=\"292.5\" alt=\"20251019_ulbrokaogre177.jpg\" title=\"&quot;FK Ulbroka&quot; p\u0101rliecino\u0161i p\u0101r\u0101ka par &quot;FK Ogre&quot;\" \/><\/p>\n<p style=\"text-align: justify;\">19. oktobr\u012b Ulbrokas sporta kompleks\u0101 notika Latvijas \u010dempion\u0101ta florbol\u0101 2. l\u012bgas turn\u012bra sp\u0113le, kur\u0101 &#8220;FK Ulbroka&#8221; uz\u0146\u0113ma komandu &#8220;FK Ogre&#8221;. P\u0101rliecino\u0161u uzvaru svin\u0113ja ulbrocie\u0161i, kuri savus viesus sak\u0101va ar <a href=\"https:\/\/www.floorball.lv\/lv\/2025\/chempionats\/v2\/proto\/52422-ulb-ogr\" rel=\"nofollow noopener\" target=\"_blank\">14:1<\/a>. Pa \u010detriem rezultativit\u0101tes punktiem uzvar\u0113t\u0101ju lab\u0101 guva Artis Krasti\u0146\u0161 un Ri\u010dards Korns.<\/p>\n<p>\u00a0<\/p>\n<p style=\"text-align: justify;\">Foto: Elizabete Norenberga<\/p>\n<p><\/p>\n<tr>\n<td style=\"text-align:center;\"><a href=\"https:\/\/www.floorball.lv\/out.php?id=334&amp;url=http%3A%2F%2Flino.lv\" target=\"_blank\" title=\"OXDOG\" rel=\"nofollow noopener\"><br \/>\n\t\t\t\t\t<img loading=\"lazy\" decoding=\"async\" class=\"banner_news_bottom\" src=\"https:\/\/www.europesays.com\/lv\/wp-content\/uploads\/2025\/09\/1531398467.jpg\" width=\"233\" height=\"66\" alt=\"OXDOG\" \/><br \/>\n\t\t\t\t<\/a><\/td>\n<\/tr>\n","protected":false},"excerpt":{"rendered":"&#8220;FK Ulbroka&#8221; p\u0101rliecino\u0161i p\u0101r\u0101ka par &#8220;FK Ogre&#8221; 19. oktobr\u012b Ulbrokas sporta kompleks\u0101 notika Latvijas \u010dempion\u0101ta florbol\u0101 2. l\u012bgas&hellip;\n","protected":false},"author":2,"featured_media":27416,"comment_status":"","ping_status":"","sticky":false,"template":"","format":"standard","meta":{"footnotes":""},"categories":[17],"tags":[405,604,603,283,35,39,38,36,37,34,606,40,67,605],"class_list":{"0":"post-27415","1":"post","2":"type-post","3":"status-publish","4":"format-standard","5":"has-post-thumbnail","7":"category-sports","8":"tag-405","9":"tag-cempionats","10":"tag-floorball-lv","11":"tag-florbols","12":"tag-latvia","13":"tag-latvian","14":"tag-latviesu","15":"tag-latviesu-valoda","16":"tag-latviesuvaloda","17":"tag-latvija","18":"tag-lfs","19":"tag-lv","20":"tag-sports","21":"tag-virsliga"},"share_on_mastodon":{"url":"","error":""},"_links":{"self":[{"href":"https:\/\/www.europesays.com\/lv\/wp-json\/wp\/v2\/posts\/27415","targetHints":{"allow":["GET"]}}],"collection":[{"href":"https:\/\/www.europesays.com\/lv\/wp-json\/wp\/v2\/posts"}],"about":[{"href":"https:\/\/www.europesays.com\/lv\/wp-json\/wp\/v2\/types\/post"}],"author":[{"embeddable":true,"href":"https:\/\/www.europesays.com\/lv\/wp-json\/wp\/v2\/users\/2"}],"replies":[{"embeddable":true,"href":"https:\/\/www.europesays.com\/lv\/wp-json\/wp\/v2\/comments?post=27415"}],"version-history":[{"count":0,"href":"https:\/\/www.europesays.com\/lv\/wp-json\/wp\/v2\/posts\/27415\/revisions"}],"wp:featuredmedia":[{"embeddable":true,"href":"https:\/\/www.europesays.com\/lv\/wp-json\/wp\/v2\/media\/27416"}],"wp:attachment":[{"href":"https:\/\/www.europesays.com\/lv\/wp-json\/wp\/v2\/media?parent=27415"}],"wp:term":[{"taxonomy":"category","embeddable":true,"href":"https:\/\/www.europesays.com\/lv\/wp-json\/wp\/v2\/categories?post=27415"},{"taxonomy":"post_tag","embeddable":true,"href":"https:\/\/www.europesays.com\/lv\/wp-json\/wp\/v2\/tags?post=27415"}],"curies":[{"name":"wp","href":"https:\/\/api.w.org\/{rel}","templated":true}]}}