{"id":274362,"date":"2026-08-21T06:49:12","date_gmt":"2026-08-21T06:49:12","guid":{"rendered":"https:\/\/www.europesays.com\/lv\/274362\/"},"modified":"2026-08-21T06:49:12","modified_gmt":"2026-08-21T06:49:12","slug":"antonelli-izvelas-maju-posmu-monca-starta-vietu-soda-izciesanai-f1lv-blogs","status":"publish","type":"post","link":"https:\/\/www.europesays.com\/lv\/274362\/","title":{"rendered":"Antonelli izv\u0113las m\u0101ju posmu Monc\u0101 starta vietu soda izcie\u0161anai : F1LV Blogs"},"content":{"rendered":"<p>\u201cMercedes\u201d pilots Kimi Antonelli ir apstiprin\u0101jis, ka gaid\u0101maj\u0101 It\u0101lijas \u201cGrand Prix\u201d posm\u0101 Monc\u0101 sa\u0146ems starta vietu sodu par dzin\u0113ja komponentu limita p\u0101rsnieg\u0161anu, lai gan t\u0101s b\u016bs vi\u0146a m\u0101ju sac\u012bkstes.<\/p>\n<p>Lai gan l\u012bdz \u0161im \u201cMercedes\u201d vien\u012bbai izdevies izvair\u012bties no sodiem, gan Antonelli, gan vi\u0146a komandas biedrs D\u017eord\u017es Rasels tuvojas at\u013cautajam komponentu limitam. Izv\u0113rt\u0113jot situ\u0101ciju, it\u0101\u013cu pilots atzina, ka Monca ir strat\u0113\u0123iski vispiem\u0113rot\u0101k\u0101 vieta \u0161im solim.<\/p>\n<p>\u201cM\u0113s to izdar\u012bsim Monc\u0101,\u201d apstiprin\u0101ja Antonelli. \u201cJo t\u0101 ir viena no viegl\u0101kaj\u0101m tras\u0113m, kur apdz\u012bt.\u201d<\/p>\n<p>Lai gan sa\u0146emt sodu sav\u0101s m\u0101ju sac\u012bkst\u0113s ir nepat\u012bkami, Antonelli nor\u0101d\u012bja, ka priorit\u0101te ir c\u012b\u0146a par pasaules \u010dempiona titulu, kur vi\u0146\u0161 \u0161obr\u012bd atrodas vad\u012bb\u0101.<\/p>\n<p>\u201cTaisn\u012bba, ka t\u0101s ir manas m\u0101ju sac\u012bkstes, bet taj\u0101 pa\u0161\u0101 laik\u0101 vair\u0101k es dom\u0101ju par iesp\u0113j\u0101m izc\u012bn\u012bt titulu,\u201d vi\u0146\u0161 skaidroja. \u201cT\u0101 k\u0101 mums sezonas laik\u0101 neizb\u0113gami n\u0101ksies sa\u0146emt sodu, man ir j\u0101izv\u0113rt\u0113, kur es varu sev dot vislab\u0101k\u0101s iesp\u0113jas atg\u016bt poz\u012bcijas un sasniegt rezult\u0101tu. T\u0101p\u0113c Monca noteikti ir saraksta aug\u0161gal\u0101 sodam, un m\u0113s t\u0101pat cent\u012bsimies atg\u016bties, lai aizvad\u012btu labas sac\u012bkstes fanu priek\u0161\u0101.\u201d<\/p>\n<p>It\u0101lijas GP izc\u012b\u0146a norisin\u0101sies 6. septembr\u012b, divas ned\u0113\u013cas p\u0113c \u0161aj\u0101 br\u012bvdien\u0101s gaid\u0101maj\u0101m sacens\u012bb\u0101m Zandvort\u0101.<\/p>\n","protected":false},"excerpt":{"rendered":"\u201cMercedes\u201d pilots Kimi Antonelli ir apstiprin\u0101jis, ka gaid\u0101maj\u0101 It\u0101lijas \u201cGrand Prix\u201d posm\u0101 Monc\u0101 sa\u0146ems starta vietu sodu par&hellip;\n","protected":false},"author":2,"featured_media":274363,"comment_status":"","ping_status":"","sticky":false,"template":"","format":"standard","meta":{"footnotes":"","_share_on_mastodon":"0"},"categories":[17],"tags":[40549,12738,35,39,38,36,37,34,40,4183,41828,67],"class_list":["post-274362","post","type-post","status-publish","format-standard","has-post-thumbnail","category-sports","tag-italijas-gp","tag-kimi-antonelli","tag-latvia","tag-latvian","tag-latviesu","tag-latviesu-valoda","tag-latviesuvaloda","tag-latvija","tag-lv","tag-mercedes","tag-monca","tag-sports"],"share_on_mastodon":{"url":"https:\/\/pubeurope.com\/@lv\/117132169195944692","error":""},"_links":{"self":[{"href":"https:\/\/www.europesays.com\/lv\/wp-json\/wp\/v2\/posts\/274362","targetHints":{"allow":["GET"]}}],"collection":[{"href":"https:\/\/www.europesays.com\/lv\/wp-json\/wp\/v2\/posts"}],"about":[{"href":"https:\/\/www.europesays.com\/lv\/wp-json\/wp\/v2\/types\/post"}],"author":[{"embeddable":true,"href":"https:\/\/www.europesays.com\/lv\/wp-json\/wp\/v2\/users\/2"}],"replies":[{"embeddable":true,"href":"https:\/\/www.europesays.com\/lv\/wp-json\/wp\/v2\/comments?post=274362"}],"version-history":[{"count":0,"href":"https:\/\/www.europesays.com\/lv\/wp-json\/wp\/v2\/posts\/274362\/revisions"}],"wp:featuredmedia":[{"embeddable":true,"href":"https:\/\/www.europesays.com\/lv\/wp-json\/wp\/v2\/media\/274363"}],"wp:attachment":[{"href":"https:\/\/www.europesays.com\/lv\/wp-json\/wp\/v2\/media?parent=274362"}],"wp:term":[{"taxonomy":"category","embeddable":true,"href":"https:\/\/www.europesays.com\/lv\/wp-json\/wp\/v2\/categories?post=274362"},{"taxonomy":"post_tag","embeddable":true,"href":"https:\/\/www.europesays.com\/lv\/wp-json\/wp\/v2\/tags?post=274362"}],"curies":[{"name":"wp","href":"https:\/\/api.w.org\/{rel}","templated":true}]}}