{"id":274364,"date":"2026-08-21T06:51:08","date_gmt":"2026-08-21T06:51:08","guid":{"rendered":"https:\/\/www.europesays.com\/lv\/274364\/"},"modified":"2026-08-21T06:51:08","modified_gmt":"2026-08-21T06:51:08","slug":"serbija-lugusi-krievijas-palidzibu-cinai-ar-ugunsgrekiem","status":"publish","type":"post","link":"https:\/\/www.europesays.com\/lv\/274364\/","title":{"rendered":"Serbija l\u016bgusi Krievijas pal\u012bdz\u012bbu c\u012b\u0146ai ar ugunsgr\u0113kiem"},"content":{"rendered":"<p style=\"text-align: justify;\">Serbijas Iek\u0161lietu ministrija inform\u0113jusi, ka lidma\u0161\u012bnas no Eiropas Savien\u012bbas ugunsgr\u0113ku dz\u0113\u0161anai nav pieejamas, t\u0101d\u0113\u013c l\u016bgta pal\u012bdz\u012bba Maskavai, raksta zi\u0146u a\u0123ent\u016bra <a href=\"https:\/\/www.reuters.com\/business\/aerospace-defense\/serbia-turns-russia-help-fight-wildfires-2026-08-20\/\" target=\"_blank\" rel=\"noopener nofollow\">\u201cReuters.\u201d<\/a><\/p>\n<p style=\"text-align: justify;\">Krievijas \u0100rk\u0101rtas lietu ministrijas lidma\u0161\u012bna IL-76P 19.augusta vakar\u0101 nos\u0113d\u0101s Serbijas dienvidu pils\u0113t\u0101 Nis\u0101 un jau 20.august\u0101 izmantota liesmu dz\u0113\u0161anai Deliblatskas Peskaras aizsarg\u0101jamaj\u0101 dabas teritorij\u0101, kur uguns plos\u0101s jau ned\u0113\u013c\u0101m ilgi.<\/p>\n<p style=\"text-align: justify;\">Serbija nav ES dal\u012bbvalsts, bet tai, pamatojoties uz bloka Civil\u0101s aizsardz\u012bbas meh\u0101nismu, pieejama pal\u012bdz\u012bba \u0101rk\u0101rtas gad\u012bjumos. \u0160ovasar Belgrada ar\u012b nos\u016bt\u012bja savu lidma\u0161\u012bnu un ugunsdz\u0113s\u0113ju komandu dz\u0113st ugunsgr\u0113kus Sp\u0101nij\u0101, bet ES resursus noplicin\u0101ju\u0161i smagie un pla\u0161i ugunsgr\u0113ki, un t\u0101 nevar atbild\u0113t ar pal\u012bdz\u012bbu.<\/p>\n<p style=\"text-align: justify;\">Serbijas Iek\u0161lietu ministrijas \u0100rk\u0101rtas lietu noda\u013cas vad\u012bt\u0101js Luka Kausiks sac\u012bja, ka, t\u0101 k\u0101 ES lidma\u0161\u012bnas nav pieeejamas, krievu lidma\u0161\u012bna iev\u0113rojami paaugstin\u0101s sp\u0113ju c\u012bn\u012bties pret liesm\u0101m.<\/p>\n<p style=\"text-align: justify;\">Tikm\u0113r Eiropas Komisijas p\u0101rst\u0101vis sac\u012bja, ka<\/p>\n<blockquote>\n<p style=\"text-align: center;\">Serbija l\u012bdz \u0161im nav aktiviz\u0113jusi Civil\u0101s aizsardz\u012bbas meh\u0101nismu, un bloks mobiliz\u0113tu pal\u012bdz\u012bbu<\/p>\n<\/blockquote>\n<p style=\"text-align: justify;\">atbilsto\u0161i Belgradas vajadz\u012bb\u0101m. Vi\u0146\u0161 \u201cReuters\u201d sac\u012bjna, ka var apstiprin\u0101t \u2013 Eiropa ir gatava atbalst\u012bt Serbiju ar l\u012bdzek\u013ciem un tehniku kas atbilst t\u0101s situ\u0101cijai. T\u0101pat EK p\u0101rst\u0101vis uzsv\u0113ra, ka, kam\u0113r vien Krievija turpina nepamatotu un neattaisnojamu agres\u012bvu karadarb\u012bbu Ukrain\u0101, nevar b\u016bt ne runas par attiec\u012bbu normaliz\u0113\u0161anos.<\/p>\n<p style=\"text-align: justify;\">Krievijas lidma\u0161\u012bn\u0101m ir liegts \u0161\u0137\u0113rsot ES gaisa telpu, tom\u0113r hum\u0101n\u0101s pal\u012bdz\u012bbas transportl\u012bdzek\u013ci ir iz\u0146\u0113mums. P\u0113c Belgradas l\u016bguma krievu lidma\u0161\u012bna ce\u013c\u0101 uz Serbiju \u0161\u0137\u0113rsoja ES un NATO dal\u012bbvalsts Bulg\u0101rijas gaisa telpu.<\/p>\n<p style=\"text-align: justify;\">Ugunsdz\u0113s\u012bbas lidma\u0161\u012bnas iera\u0161an\u0101s Serbij\u0101 ir v\u0113l viena paz\u012bme tam, k\u0101 Belgrada v\u0113las gan uztur\u0113t attiec\u012bbas ar Krieviju, ar kuru to saista v\u0113sturiska saikne, gan ar ES, kurai v\u0113las pievienoties. August\u0101 Belgradu apmekl\u0113ja Ukrainas prezidents Volodimirs Zelenskis, bet Serbija nav pievienojusies sankcij\u0101m pret Maskavu.<\/p>\n<p style=\"text-align: justify;\"><a href=\"https:\/\/bnn.lv\/sausums-donava-neatkapjas-rumanija-sledz-aes\/\" target=\"_blank\" rel=\"noopener nofollow\">Lasiet ar\u012b: Sausums Donav\u0101 neatk\u0101pjas \u2013 Rum\u0101nija sl\u0113dz AES<\/a><\/p>\n<p>Seko mums ar\u012b\u00a0<a href=\"https:\/\/www.facebook.com\/bnnlv\" rel=\"nofollow noopener\" target=\"_blank\">Facebook<\/a>,\u00a0<a href=\"https:\/\/www.draugiem.lv\/bnn.lv\/\" rel=\"nofollow noopener\" target=\"_blank\">Draugiem<\/a>\u00a0un\u00a0<a href=\"https:\/\/twitter.com\/home\" rel=\"nofollow noopener\" target=\"_blank\">X<\/a>!<\/p>\n<p><script async src=\"https:\/\/platform.twitter.com\/widgets.js\" charset=\"utf-8\"><\/script><\/p>\n","protected":false},"excerpt":{"rendered":"Serbijas Iek\u0161lietu ministrija inform\u0113jusi, ka lidma\u0161\u012bnas no Eiropas Savien\u012bbas ugunsgr\u0113ku dz\u0113\u0161anai nav pieejamas, t\u0101d\u0113\u013c l\u016bgta pal\u012bdz\u012bba Maskavai, raksta&hellip;\n","protected":false},"author":2,"featured_media":274365,"comment_status":"","ping_status":"","sticky":false,"template":"","format":"standard","meta":{"footnotes":"","_share_on_mastodon":"0"},"categories":[14],"tags":[23,57,28,29,514,32,33,22,234,30,31,35,39,38,36,37,34,40,40474,20,26,27,243,25884,24,25,54,55,56,21,58],"class_list":["post-274364","post","type-post","status-publish","format-standard","has-post-thumbnail","category-zinas-no-arvalstim","tag-aktualitates","tag-arvalstim","tag-breaking-news","tag-breakingnews","tag-eiropas-savieniba","tag-featured-news","tag-featurednews","tag-headlines","tag-krievija","tag-latest-news","tag-latestnews","tag-latvia","tag-latvian","tag-latviesu","tag-latviesu-valoda","tag-latviesuvaloda","tag-latvija","tag-lv","tag-meza-ugunsgreki","tag-news","tag-popularakas-zinas","tag-popularakaszinas","tag-serbija","tag-svarigi","tag-top-stories","tag-topstories","tag-world","tag-world-news","tag-worldnews","tag-zinas","tag-zinas-no-arvalstim"],"share_on_mastodon":{"url":"https:\/\/pubeurope.com\/@lv\/117132177865697522","error":""},"_links":{"self":[{"href":"https:\/\/www.europesays.com\/lv\/wp-json\/wp\/v2\/posts\/274364","targetHints":{"allow":["GET"]}}],"collection":[{"href":"https:\/\/www.europesays.com\/lv\/wp-json\/wp\/v2\/posts"}],"about":[{"href":"https:\/\/www.europesays.com\/lv\/wp-json\/wp\/v2\/types\/post"}],"author":[{"embeddable":true,"href":"https:\/\/www.europesays.com\/lv\/wp-json\/wp\/v2\/users\/2"}],"replies":[{"embeddable":true,"href":"https:\/\/www.europesays.com\/lv\/wp-json\/wp\/v2\/comments?post=274364"}],"version-history":[{"count":0,"href":"https:\/\/www.europesays.com\/lv\/wp-json\/wp\/v2\/posts\/274364\/revisions"}],"wp:featuredmedia":[{"embeddable":true,"href":"https:\/\/www.europesays.com\/lv\/wp-json\/wp\/v2\/media\/274365"}],"wp:attachment":[{"href":"https:\/\/www.europesays.com\/lv\/wp-json\/wp\/v2\/media?parent=274364"}],"wp:term":[{"taxonomy":"category","embeddable":true,"href":"https:\/\/www.europesays.com\/lv\/wp-json\/wp\/v2\/categories?post=274364"},{"taxonomy":"post_tag","embeddable":true,"href":"https:\/\/www.europesays.com\/lv\/wp-json\/wp\/v2\/tags?post=274364"}],"curies":[{"name":"wp","href":"https:\/\/api.w.org\/{rel}","templated":true}]}}