{"id":27457,"date":"2025-10-21T17:33:12","date_gmt":"2025-10-21T17:33:12","guid":{"rendered":"https:\/\/www.europesays.com\/lv\/27457\/"},"modified":"2025-10-21T17:33:12","modified_gmt":"2025-10-21T17:33:12","slug":"lietuvas-aizsardzibas-ministre-atkapsies-no-amata","status":"publish","type":"post","link":"https:\/\/www.europesays.com\/lv\/27457\/","title":{"rendered":"Lietuvas aizsardz\u012bbas ministre atk\u0101psies no amata"},"content":{"rendered":"<p>Lietuv\u0101 valdo\u0161\u0101s Soci\u0101ldemokr\u0101tu partijas pagaidu priek\u0161s\u0113d\u0113t\u0101js Mindaugs Sinkevi\u010ds ministrij\u0101 notiku\u0161o san\u0101ksmi nod\u0113v\u0113ja par &#8220;d\u012bvainu \u017eanru&#8221;. Gan Sinkevi\u010ds, gan Ruguniene pazi\u0146oja ka netic savas partijas biedres skaidrojumam, ka nav zin\u0101jusi par tik\u0161anos.<\/p>\n<p>Ruginiene \u017eurn\u0101listiem teica, ka l\u0113mum\u0101 par \u0160akalienes darba turpin\u0101\u0161anu vald\u012bb\u0101 liela noz\u012bme b\u016bs valsts prezidenta Gitana Naus\u0113das viedoklim.<\/p>\n<p>Pirmdien Ruginiene pazi\u0146oja, ka atbild\u012bbu par aizsardz\u012bbas r\u016bpniec\u012bbu nodod Ekonomikas un inov\u0101ciju ministrijai, k\u0101 ar\u012b Finan\u0161u ministrijai, jo nepietiekami uzticas aizsardz\u012bbas ministrei.<\/p>\n<p>Lietuvas Seim\u0101 vald\u012bbas iesniegtais bud\u017eeta projekts paredz, ka n\u0101kamgad valsts aizsardz\u012bbai tiks t\u0113r\u0113ti 4,79 miljardi eiro jeb 5,38% no iek\u0161zemes kopprodukta.<\/p>\n<blockquote class=\"quote ck-widget\" contenteditable=\"false\">\n<p>\u0160akaliene darbu aizsardz\u012bbas ministres amat\u0101 s\u0101ka p\u0113rn decembr\u012b, kad p\u0113c Seima v\u0113l\u0113\u0161an\u0101m vald\u012bbu izveidoja soci\u0101ldemokr\u0101ts Gintauts Palucks. Vi\u0146a amatu saglab\u0101ja, kad vasaras beig\u0101s jauno vald\u012bbu s\u0101ka veidot Ruginiene.<\/p>\n<\/blockquote>\n<p>Ja \u0160akaliene atk\u0101psies, nepilna m\u0113ne\u0161a laik\u0101 p\u0113c apstiprin\u0101\u0161anas Ruginienes vald\u012bbu b\u016bs atst\u0101ju\u0161i jau divi ministri. Ned\u0113\u013cu p\u0113c apstiprin\u0101\u0161anas oktobra s\u0101kum\u0101 amatu atst\u0101ja populistisk\u0101s partijas &#8220;Nemunas r\u012btausma&#8221; izvirz\u012btais kult\u016bras ministrs Ignots Adomavi\u010ds.<\/p>\n<p>Naus\u0113da l\u016bdz pagaid\u0101m neatk\u0101pties<\/p>\n<p>ietuvas prezidents Gitans Naus\u0113da l\u016bdzis aizsardz\u012bbas ministri Dovili \u0160akalieni pagaid\u0101m neatk\u0101pties no amata, pazi\u0146oja Naus\u0113das galvenais padomnieks Deivids Matu\u013conis.<\/p>\n<p>Vi\u0146\u0161 nor\u0101d\u012bja, ka prezidents joproj\u0101m v\u0113las uzklaus\u012bt premjerministres Ingas Ruginienes viedokli par \u0161o jaut\u0101jumu. Naus\u0113dam tik\u0161an\u0101s ar Ruginieni paredz\u0113ta tre\u0161dien.<\/p>\n<p>&#8220;Ministre ir sagatavojusi demisijas rakstu, bet prezidents l\u016bdza vi\u0146u to neiesniegt l\u012bdz r\u012btdienas r\u012bta diskusijai ar premjerministri. Un tas, k\u0101ds l\u0113mums tiks pie\u0146emts, b\u016bs atkar\u012bgs no r\u012btdienas sarunas,&#8221; \u017eurn\u0101listiem Prezidenta pil\u012b sac\u012bja Matu\u013conis.<\/p>\n","protected":false},"excerpt":{"rendered":"Lietuv\u0101 valdo\u0161\u0101s Soci\u0101ldemokr\u0101tu partijas pagaidu priek\u0161s\u0113d\u0113t\u0101js Mindaugs Sinkevi\u010ds ministrij\u0101 notiku\u0161o san\u0101ksmi nod\u0113v\u0113ja par &#8220;d\u012bvainu \u017eanru&#8221;. Gan Sinkevi\u010ds, gan&hellip;\n","protected":false},"author":2,"featured_media":27458,"comment_status":"","ping_status":"","sticky":false,"template":"","format":"standard","meta":{"footnotes":""},"categories":[14],"tags":[1546,23,57,28,29,32,33,22,30,31,35,39,38,36,37,34,1464,40,20,26,27,24,25,54,55,56,21,58],"class_list":{"0":"post-27457","1":"post","2":"type-post","3":"status-publish","4":"format-standard","5":"has-post-thumbnail","7":"category-zinas-no-arvalstim","8":"tag-aizsardziba","9":"tag-aktualitates","10":"tag-arvalstim","11":"tag-breaking-news","12":"tag-breakingnews","13":"tag-featured-news","14":"tag-featurednews","15":"tag-headlines","16":"tag-latest-news","17":"tag-latestnews","18":"tag-latvia","19":"tag-latvian","20":"tag-latviesu","21":"tag-latviesu-valoda","22":"tag-latviesuvaloda","23":"tag-latvija","24":"tag-lietuva","25":"tag-lv","26":"tag-news","27":"tag-popularakas-zinas","28":"tag-popularakaszinas","29":"tag-top-stories","30":"tag-topstories","31":"tag-world","32":"tag-world-news","33":"tag-worldnews","34":"tag-zinas","35":"tag-zinas-no-arvalstim"},"share_on_mastodon":{"url":"","error":""},"_links":{"self":[{"href":"https:\/\/www.europesays.com\/lv\/wp-json\/wp\/v2\/posts\/27457","targetHints":{"allow":["GET"]}}],"collection":[{"href":"https:\/\/www.europesays.com\/lv\/wp-json\/wp\/v2\/posts"}],"about":[{"href":"https:\/\/www.europesays.com\/lv\/wp-json\/wp\/v2\/types\/post"}],"author":[{"embeddable":true,"href":"https:\/\/www.europesays.com\/lv\/wp-json\/wp\/v2\/users\/2"}],"replies":[{"embeddable":true,"href":"https:\/\/www.europesays.com\/lv\/wp-json\/wp\/v2\/comments?post=27457"}],"version-history":[{"count":0,"href":"https:\/\/www.europesays.com\/lv\/wp-json\/wp\/v2\/posts\/27457\/revisions"}],"wp:featuredmedia":[{"embeddable":true,"href":"https:\/\/www.europesays.com\/lv\/wp-json\/wp\/v2\/media\/27458"}],"wp:attachment":[{"href":"https:\/\/www.europesays.com\/lv\/wp-json\/wp\/v2\/media?parent=27457"}],"wp:term":[{"taxonomy":"category","embeddable":true,"href":"https:\/\/www.europesays.com\/lv\/wp-json\/wp\/v2\/categories?post=27457"},{"taxonomy":"post_tag","embeddable":true,"href":"https:\/\/www.europesays.com\/lv\/wp-json\/wp\/v2\/tags?post=27457"}],"curies":[{"name":"wp","href":"https:\/\/api.w.org\/{rel}","templated":true}]}}