{"id":274948,"date":"2026-08-22T03:21:06","date_gmt":"2026-08-22T03:21:06","guid":{"rendered":"https:\/\/www.europesays.com\/lv\/274948\/"},"modified":"2026-08-22T03:21:06","modified_gmt":"2026-08-22T03:21:06","slug":"sestdien-latvija-gaidami-ekstremali-stipri-nokrisni-delfi","status":"publish","type":"post","link":"https:\/\/www.europesays.com\/lv\/274948\/","title":{"rendered":"Sestdien Latvij\u0101 gaid\u0101mi ekstrem\u0101li stipri nokri\u0161\u0146i &#8211; DELFI"},"content":{"rendered":"<ol>\n<li><a href=\"https:\/\/news.google.com\/rss\/articles\/CBMirgFBVV95cUxNbUIyYTVhQkRpclJiWV9Sa2RGaXptbnp1U0s2Y0xUaHdZTjdueVJ1VlNfQm5MZThuX0kwZ3g5M3cyUDFpYkx4N0k1dnkzbEZsN2hGTDRKN2JCT3h4aFg1VHROUFAxMDVubXI4Vy1EUjYtVEZMOVF4bWdhUzh0Q2ExMUVEcER0b0IwNk9saTRJRXdqblFRd1FZMnJFdWg5R1ByMTc4aW1hWXhzYzZUWkE?oc=5\" target=\"_blank\" rel=\"nofollow noopener\">Sestdien Latvij\u0101 gaid\u0101mi ekstrem\u0101li stipri nokri\u0161\u0146i<\/a>&nbsp;&nbsp;DELFI<\/li>\n<li><a href=\"https:\/\/news.google.com\/rss\/articles\/CBMiwwFBVV95cUxPTTRRck9heS0xSl9FLS1jc1ZDMDlBd29UMThFVGNQRjExbTU3RndhdUkxQ2RESW41STF1QU1MUjJvdUVnNUVuMlhuczZwZXBlenB0NUFWb3FlLW5Mai1feGtsN1NFZ0wzYVFKVXpCOUxrcXVqLU1lUlNqUE5Zb2VNSEZROXR2WU5aNHpIRHVRUENRcXBwejRQTVdHSlhlY19TSWVkcU5IczN3MzcwcXVNYVBSZmpWMDRzUFNuYmlIY3FsTXc?oc=5\" target=\"_blank\" rel=\"nofollow noopener\">V\u0113tras un lietus d\u0113\u013c sestdien b\u016bs sp\u0113k\u0101 sarkanais br\u012bdin\u0101jums \/ Raksts<\/a>&nbsp;&nbsp;LSM<\/li>\n<li><a href=\"https:\/\/news.google.com\/rss\/articles\/CBMiowFBVV95cUxOci1BYkJuTlhubEV1ajhRWnRBTTdHclNPaGFzeGxvYUdSVm1IeWc5cFJZcEFjWHdOcXh5cHllandiX0dZeXZDODlvNU10eGVPWWU5UXo0MWdfdkdMM3YxaThwQVhESExSLVJxRlpGNEtGNlJ6azdpdG8xeVhNdXZTR3VUUzVzYnJQbnlFVFhleEFoX1lPU2EyLUpfVUtFZFdkMmRn?oc=5\" target=\"_blank\" rel=\"nofollow noopener\">Sarkanais br\u012bdin\u0101jums! Sinopti\u0137iem jauna prognoze par gaid\u0101mo v\u0113tru Latvij\u0101<\/a>&nbsp;&nbsp;NRA<\/li>\n<li><a href=\"https:\/\/news.google.com\/rss\/articles\/CBMiWkFVX3lxTE93QTdmekpOdl9TbmVMTndDcWFHcG5naHJwa0RUaFlQWXlpcnFKWHE3dHdYS3RiNFlPRFBVUTJtSlpyX2VUYjI4ejJsQVVwdUF1UXlFZF93aHlDdw?oc=5\" target=\"_blank\" rel=\"nofollow noopener\">Gaid\u0101ma nokri\u0161\u0146iem bag\u0101ta ned\u0113\u013cas izska\u0146a<\/a>&nbsp;&nbsp;Latvijas Vides, \u0123eolo\u0123ijas un meteorolo\u0123ijas centrs<\/li>\n<li><a href=\"https:\/\/news.google.com\/rss\/articles\/CBMirwFBVV95cUxPQ1BpaURyVFdhUXo4d2VmM3puV3RsbE5sZ19QZVlyZkl0d2luN29FWnpReXppSkpxYnEzMGZESEQzZ3V0S29IRkNWOHlYUHAtMTNmMWNZdG14d1c2UWxjWXIwelp2LXgzTXZIV3VWWmxsZkNKZUgzd1VmYjhlQ2dpak1Pc2FiV0d0cUE5VlpnX3VsUDlWUm9HNTJPaGxnZWl1SEpjbzUzY1RCaUlycXg0?oc=5\" target=\"_blank\" rel=\"nofollow noopener\">Prognoz\u0113t\u0101s v\u0113tras d\u0113\u013c R\u012bgas zood\u0101rzs br\u012bvdien\u0101s str\u0101d\u0101s ierobe\u017eotu laiku<\/a>&nbsp;&nbsp;Jauns.lv<\/li>\n<\/ol>\n","protected":false},"excerpt":{"rendered":"Sestdien Latvij\u0101 gaid\u0101mi ekstrem\u0101li stipri nokri\u0161\u0146i&nbsp;&nbsp;DELFI V\u0113tras un lietus d\u0113\u013c sestdien b\u016bs sp\u0113k\u0101 sarkanais br\u012bdin\u0101jums \/ Raksts&nbsp;&nbsp;LSM Sarkanais&hellip;\n","protected":false},"author":2,"featured_media":274949,"comment_status":"","ping_status":"","sticky":false,"template":"","format":"standard","meta":{"footnotes":"","_share_on_mastodon":"0"},"categories":[12],"tags":[23,28,29,32,33,3375,22,30,31,35,39,38,36,37,34,7186,40,20,26,27,172,24,25,21],"class_list":["post-274948","post","type-post","status-publish","format-standard","has-post-thumbnail","category-latvija","tag-aktualitates","tag-breaking-news","tag-breakingnews","tag-featured-news","tag-featurednews","tag-geologijas-un-meteorologijas-centrs","tag-headlines","tag-latest-news","tag-latestnews","tag-latvia","tag-latvian","tag-latviesu","tag-latviesu-valoda","tag-latviesuvaloda","tag-latvija","tag-latvijas-vides","tag-lv","tag-news","tag-popularakas-zinas","tag-popularakaszinas","tag-riga","tag-top-stories","tag-topstories","tag-zinas"],"share_on_mastodon":{"url":"https:\/\/pubeurope.com\/@lv\/117137013963754059","error":""},"_links":{"self":[{"href":"https:\/\/www.europesays.com\/lv\/wp-json\/wp\/v2\/posts\/274948","targetHints":{"allow":["GET"]}}],"collection":[{"href":"https:\/\/www.europesays.com\/lv\/wp-json\/wp\/v2\/posts"}],"about":[{"href":"https:\/\/www.europesays.com\/lv\/wp-json\/wp\/v2\/types\/post"}],"author":[{"embeddable":true,"href":"https:\/\/www.europesays.com\/lv\/wp-json\/wp\/v2\/users\/2"}],"replies":[{"embeddable":true,"href":"https:\/\/www.europesays.com\/lv\/wp-json\/wp\/v2\/comments?post=274948"}],"version-history":[{"count":0,"href":"https:\/\/www.europesays.com\/lv\/wp-json\/wp\/v2\/posts\/274948\/revisions"}],"wp:featuredmedia":[{"embeddable":true,"href":"https:\/\/www.europesays.com\/lv\/wp-json\/wp\/v2\/media\/274949"}],"wp:attachment":[{"href":"https:\/\/www.europesays.com\/lv\/wp-json\/wp\/v2\/media?parent=274948"}],"wp:term":[{"taxonomy":"category","embeddable":true,"href":"https:\/\/www.europesays.com\/lv\/wp-json\/wp\/v2\/categories?post=274948"},{"taxonomy":"post_tag","embeddable":true,"href":"https:\/\/www.europesays.com\/lv\/wp-json\/wp\/v2\/tags?post=274948"}],"curies":[{"name":"wp","href":"https:\/\/api.w.org\/{rel}","templated":true}]}}