{"id":27532,"date":"2025-10-21T19:14:21","date_gmt":"2025-10-21T19:14:21","guid":{"rendered":"https:\/\/www.europesays.com\/lv\/27532\/"},"modified":"2025-10-21T19:14:21","modified_gmt":"2025-10-21T19:14:21","slug":"google-mi-pionieris-maksligais-intelekts-pats-izzudis","status":"publish","type":"post","link":"https:\/\/www.europesays.com\/lv\/27532\/","title":{"rendered":"Google MI pionieris: &#8220;M\u0101ksl\u012bgais intelekts pats izzud\u012bs&#8221;"},"content":{"rendered":"<p>AI aizmirst\u012bba: Google dibin\u0101t\u0101js br\u012bdina par karjeras izredz\u0113m<\/p>\n<p>Jads Tarifi, kur\u0161 dibin\u0101ja pirmo m\u0101ksl\u012bg\u0101 intelekta (MI) komandu Google un tagad vada savu progres\u012bvo start-up uz\u0146\u0113mumu, izsaka drosm\u012bgu prognozi: MI k\u0101 atsevi\u0161\u0137a nozare dr\u012bzum\u0101 izzud\u012bs. Vi\u0146\u0161 stingri iesaka profesion\u0101\u013ciem nekav\u0113joties piev\u0113rsties ni\u0161as specializ\u0101cijai, nevis visp\u0101r\u012bgu MI zin\u0101\u0161anu ieg\u016b\u0161anai. \u0160is br\u012bdin\u0101jums n\u0101k laik\u0101, kad tehnolo\u0123iju giganti ne\u017e\u0113lo l\u012bdzek\u013cus, pied\u0101v\u0101jot astronomiskas algas un akt\u012bvi p\u0101rvilinot MI speci\u0101listus. Tarifi, kur\u0161 pats ir ieguvis doktora gr\u0101du MI jom\u0101, uzsver, ka akad\u0113misk\u0101s gr\u0101ds \u0161aj\u0101 strauji main\u012bgaj\u0101 nozar\u0113 var k\u013c\u016bt par pag\u0101tnes relikviju, pirms pats students to ir pabeidzis.<\/p>\n<p>P\u0101reja no visp\u0101r\u012bg\u0101 uz specifisko<\/p>\n<p>\u00abM\u0101ksl\u012bgais intelekts pats par sevi izzud\u012bs tie\u0161i taj\u0101 br\u012bd\u012b, kad j\u016bs pabeigsiet savu doktora disert\u0101ciju,\u00bb saka Tarifi. \u00abPat t\u0101das jomas k\u0101 MI pielietojums robotik\u0101, iesp\u0113jams, b\u016bs atrisin\u0101tas l\u012bdz tam laikam.\u00bb Vi\u0146\u0161 uzskata, ka pan\u0101kumi MI jom\u0101 b\u016bs tik milz\u012bgi un notiks tik strauji, ka liel\u0101k\u0101 da\u013ca probl\u0113mu un pielietojumu tiks atrisin\u0101ti da\u017eu gadu laik\u0101. T\u0101p\u0113c vi\u0146\u0161 dod padomu: \u00abVai nu piev\u0113rsieties k\u0101dai ni\u0161ai, piem\u0113ram, MI biolo\u0123ij\u0101, kas joproj\u0101m ir \u013coti agr\u012bn\u0101 stadij\u0101, vai ar\u012b visp\u0101r neiesaistieties.\u00bb<\/p>\n<p>Doktora gr\u0101da v\u0113rt\u012bba main\u012bg\u0101 pasaul\u0113<\/p>\n<p>42 gadus vecais Tarifi, kur\u0161 2012. gad\u0101 ieguva doktora gr\u0101du MI no Floridas Universit\u0101tes un p\u0113c tam gandr\u012bz desmit gadus str\u0101d\u0101ja Google, pirms 2021. gad\u0101 nodibin\u0101ja savu uz\u0146\u0113mumu Integral AI, uzskata, ka ce\u013c\u0161 uz doktora gr\u0101du ir p\u0101rbaud\u012bjums, ko pie\u0146emt vajadz\u0113tu tikai \u012bpa\u0161i aizraut\u012bgiem cilv\u0113kiem. Vi\u0146\u0161 to raksturo k\u0101 \u00abpiecu dz\u012bves gadu un daudz s\u0101pju\u00bb upur\u0113\u0161anu. \u00abEs nedom\u0101ju, ka k\u0101dam vajadz\u0113tu ieg\u016bt doktora gr\u0101du, ja vien vi\u0146\u0161 nav aps\u0113sts ar \u0161o jomu,\u00bb vi\u0146\u0161 uzsver. \u00abJa neesat p\u0101rliecin\u0101ts, jums noteikti vajadz\u0113tu teikt \u00abn\u0113\u00bb un doties t\u0101l\u0101k sav\u0101 dz\u012bv\u0113. J\u016bs virz\u012bsieties daudz \u0101tr\u0101k. J\u016bs iem\u0101c\u012bsieties daudz vair\u0101k. J\u016bs lab\u0101k piel\u0101gosities tam, k\u0101 viss main\u0101s.\u00bb<\/p>\n<p>Emocion\u0101l\u0101 inteli\u0123ence k\u0101 n\u0101kotnes nepiecie\u0161am\u012bba<\/p>\n<p>Papildus tehniskaj\u0101m zin\u0101\u0161an\u0101m, Tarifi uzsver, ka cilv\u0113kiem, kuri v\u0113las g\u016bt pan\u0101kumus MI laikmet\u0101, ir j\u0101att\u012bsta savas soci\u0101l\u0101s prasmes un emp\u0101tija. P\u0113c vi\u0146a dom\u0101m, lai gan prec\u012bz\u0101s zin\u0101\u0161anas ir apg\u016bstamas, efekt\u012bva MI stimul\u0113\u0161ana un izmanto\u0161ana prasa \u00abemocion\u0101lu noska\u0146ojumu\u00bb un \u00ablabu gaumi\u00bb. \u0160is apgalvojums atg\u0101dina, ka tehnolo\u0123ija, lai cik att\u012bst\u012bta t\u0101 b\u016btu, joproj\u0101m ir cilv\u0113ka rad\u012bta un t\u0101s pielietojums prasa izpratni par cilv\u0113cisko pieredzi un vajadz\u012bb\u0101m. T\u0101pat k\u0101 m\u0101kslinieks, kur\u0161 sajauc kr\u0101sas, lai rad\u012btu v\u0113lamo efektu, MI lietot\u0101js saprot, k\u0101das emocijas vai reakcijas vi\u0146\u0161 v\u0113las izrais\u012bt, un piel\u0101go savu pieeju attiec\u012bgi.<\/p>\n","protected":false},"excerpt":{"rendered":"AI aizmirst\u012bba: Google dibin\u0101t\u0101js br\u012bdina par karjeras izredz\u0113m Jads Tarifi, kur\u0161 dibin\u0101ja pirmo m\u0101ksl\u012bg\u0101 intelekta (MI) komandu Google&hellip;\n","protected":false},"author":2,"featured_media":27533,"comment_status":"","ping_status":"","sticky":false,"template":"","format":"standard","meta":{"footnotes":""},"categories":[16],"tags":[77,76,2010,8498,35,39,38,36,37,34,40,87,8497,8499],"class_list":{"0":"post-27532","1":"post","2":"type-post","3":"status-publish","4":"format-standard","5":"has-post-thumbnail","7":"category-bizness","8":"tag-bizness","9":"tag-business","10":"tag-google","11":"tag-jads-tarifi","12":"tag-latvia","13":"tag-latvian","14":"tag-latviesu","15":"tag-latviesu-valoda","16":"tag-latviesuvaloda","17":"tag-latvija","18":"tag-lv","19":"tag-maksligais-intelekts","20":"tag-mi-karjera","21":"tag-nakotnes-tehnologijas"},"share_on_mastodon":{"url":"","error":""},"_links":{"self":[{"href":"https:\/\/www.europesays.com\/lv\/wp-json\/wp\/v2\/posts\/27532","targetHints":{"allow":["GET"]}}],"collection":[{"href":"https:\/\/www.europesays.com\/lv\/wp-json\/wp\/v2\/posts"}],"about":[{"href":"https:\/\/www.europesays.com\/lv\/wp-json\/wp\/v2\/types\/post"}],"author":[{"embeddable":true,"href":"https:\/\/www.europesays.com\/lv\/wp-json\/wp\/v2\/users\/2"}],"replies":[{"embeddable":true,"href":"https:\/\/www.europesays.com\/lv\/wp-json\/wp\/v2\/comments?post=27532"}],"version-history":[{"count":0,"href":"https:\/\/www.europesays.com\/lv\/wp-json\/wp\/v2\/posts\/27532\/revisions"}],"wp:featuredmedia":[{"embeddable":true,"href":"https:\/\/www.europesays.com\/lv\/wp-json\/wp\/v2\/media\/27533"}],"wp:attachment":[{"href":"https:\/\/www.europesays.com\/lv\/wp-json\/wp\/v2\/media?parent=27532"}],"wp:term":[{"taxonomy":"category","embeddable":true,"href":"https:\/\/www.europesays.com\/lv\/wp-json\/wp\/v2\/categories?post=27532"},{"taxonomy":"post_tag","embeddable":true,"href":"https:\/\/www.europesays.com\/lv\/wp-json\/wp\/v2\/tags?post=27532"}],"curies":[{"name":"wp","href":"https:\/\/api.w.org\/{rel}","templated":true}]}}