{"id":27534,"date":"2025-10-21T19:16:15","date_gmt":"2025-10-21T19:16:15","guid":{"rendered":"https:\/\/www.europesays.com\/lv\/27534\/"},"modified":"2025-10-21T19:16:15","modified_gmt":"2025-10-21T19:16:15","slug":"13-gadus-vecs-zens-ar-235-km-h-beg-no-policijas","status":"publish","type":"post","link":"https:\/\/www.europesays.com\/lv\/27534\/","title":{"rendered":"13 gadus vecs z\u0113ns ar 235 km\/h b\u0113g no policijas"},"content":{"rendered":"<p>Valsts policijas darbinieki \u0161onakt paman\u012bja k\u0101du automa\u0161\u012bnu \u201c\u0160koda\u201d, kuras vad\u012bt\u0101js nepild\u012bja policijas pras\u012bbas un nest\u0101j\u0101s br\u012bd\u012b, kad tika veikta transportl\u012bdzek\u013cu vad\u012bt\u0101ju alkohola p\u0101rbaude. <\/p>\n<p>Pamanot Valsts policijas transportl\u012bdzek\u013cus, autovad\u012bt\u0101js uzs\u0101ka b\u0113g\u0161anu, kura turpin\u0101j\u0101s no R\u012bgas l\u012bdz pat Saulkrastiem. Apturot p\u0101rgalv\u012bgo brauc\u0113ju, tika konstat\u0113ts, ka transportl\u012bdzekli vada k\u0101ds 13 gad\u012bgs jaunietis, kur\u0161 automa\u0161\u012bnu bija pa\u0146\u0113mis no vec\u0101kiem. B\u0113g\u0161anas laik\u0101 jaunietis brauca agres\u012bvi un p\u0101rk\u0101pa at\u013cauto brauk\u0161anas \u0101trumu, braucot pat ar 235 km\/h.<\/p>\n<p>Nakt\u012b no pirmdienas uz otrdienu, ap pulksten 01.50 Valsts policijas R\u012bgas re\u0123iona p\u0101rvaldes Rea\u0123\u0113\u0161anas biroja darbinieki R\u012bg\u0101, Br\u012bv\u012bbas iel\u0101 veica autovad\u012bt\u0101ju alkohola p\u0101rbaudi l\u012bdz br\u012bdim, kad k\u0101ds automa\u0161\u012bnas \u201c\u0160koda\u201d vad\u012bt\u0101js nepak\u013c\u0101v\u0101s policijas likum\u012bgaj\u0101m pras\u012bb\u0101m aptur\u0113t transportl\u012bdzekli un uzs\u0101ka b\u0113g\u0161anu.<\/p>\n<p>Likumsargi vair\u0101kk\u0101rt izteica pras\u012bbu aptur\u0113t transportl\u012bdzekli, ta\u010du t\u0101 vad\u012bt\u0101js turpin\u0101ja b\u0113gt s\u0101kotn\u0113ji pa autoce\u013cu A2, p\u0113c k\u0101 nogriez\u0101s uz autoce\u013cu A1. B\u0113g\u0161anas laik\u0101 autovad\u012bt\u0101js brauca agres\u012bvi un p\u0101rk\u0101pa at\u013cauto brauk\u0161anas \u0101trumu, braucot pat ar 235 km\/h.<\/p>\n<p>B\u0113go\u0161ais vad\u012bt\u0101js brauca Saulkrastu virzien\u0101, t\u0101p\u0113c tika pie\u0146emts l\u0113mums piesaist\u012bt papildsp\u0113kus no Saulkrastu pa\u0161vald\u012bbas policijas. Saulkrastos, Aina\u017eu iel\u0101 likumsargiem izdev\u0101s automa\u0161\u012bnas \u201c\u0160koda\u201d vad\u012bt\u0101ju aptur\u0113t. Likumsargi noskaidroja, ka transportl\u012bdzekli vad\u012bja k\u0101ds 13 gad\u012bgs jaunietis, kur\u0161 transportl\u012bdzekli bija pa\u0146\u0113mis no vec\u0101kiem. J\u0101piemin, ka automa\u0161\u012bn\u0101 bija v\u0113l divi nepilngad\u012bgi jaunie\u0161i, kuru dro\u0161\u012bbu autovad\u012bt\u0101js apdraud\u0113ja ar savu r\u012bc\u012bbu.  <\/p>\n<p>Par notiku\u0161o Valsts policija ir uzs\u0101kusi krimin\u0101lprocesu p\u0113c Krimin\u0101llikuma 259.1 panta, proti par ce\u013cu satiksmes noteikumu p\u0101rk\u0101p\u0161anu, kas izpaudusies k\u0101 agres\u012bva brauk\u0161ana p\u0113c kompetentas instit\u016bcijas amatpersonas atk\u0101rtotas vai vair\u0101kk\u0101rt\u0113jas pras\u012bbas aptur\u0113t transportl\u012bdzekli. Policija \u0161obr\u012bd turpina skaidrot visus apst\u0101k\u013cus.<\/p>\n","protected":false},"excerpt":{"rendered":"Valsts policijas darbinieki \u0161onakt paman\u012bja k\u0101du automa\u0161\u012bnu \u201c\u0160koda\u201d, kuras vad\u012bt\u0101js nepild\u012bja policijas pras\u012bbas un nest\u0101j\u0101s br\u012bd\u012b, kad tika&hellip;\n","protected":false},"author":2,"featured_media":27535,"comment_status":"","ping_status":"","sticky":false,"template":"","format":"standard","meta":{"footnotes":""},"categories":[12],"tags":[129,4274,23,28,29,32,33,22,30,31,35,39,38,36,37,34,40,20,26,27,4275,4276,24,25,21],"class_list":{"0":"post-27534","1":"post","2":"type-post","3":"status-publish","4":"format-standard","5":"has-post-thumbnail","7":"category-latvija","8":"tag-__typenameadvicekeyword","9":"tag-id558","10":"tag-aktualitates","11":"tag-breaking-news","12":"tag-breakingnews","13":"tag-featured-news","14":"tag-featurednews","15":"tag-headlines","16":"tag-latest-news","17":"tag-latestnews","18":"tag-latvia","19":"tag-latvian","20":"tag-latviesu","21":"tag-latviesu-valoda","22":"tag-latviesuvaloda","23":"tag-latvija","24":"tag-lv","25":"tag-news","26":"tag-popularakas-zinas","27":"tag-popularakaszinas","28":"tag-slugcelu-satiksme","29":"tag-titlecelu-satiksme","30":"tag-top-stories","31":"tag-topstories","32":"tag-zinas"},"share_on_mastodon":{"url":"","error":""},"_links":{"self":[{"href":"https:\/\/www.europesays.com\/lv\/wp-json\/wp\/v2\/posts\/27534","targetHints":{"allow":["GET"]}}],"collection":[{"href":"https:\/\/www.europesays.com\/lv\/wp-json\/wp\/v2\/posts"}],"about":[{"href":"https:\/\/www.europesays.com\/lv\/wp-json\/wp\/v2\/types\/post"}],"author":[{"embeddable":true,"href":"https:\/\/www.europesays.com\/lv\/wp-json\/wp\/v2\/users\/2"}],"replies":[{"embeddable":true,"href":"https:\/\/www.europesays.com\/lv\/wp-json\/wp\/v2\/comments?post=27534"}],"version-history":[{"count":0,"href":"https:\/\/www.europesays.com\/lv\/wp-json\/wp\/v2\/posts\/27534\/revisions"}],"wp:featuredmedia":[{"embeddable":true,"href":"https:\/\/www.europesays.com\/lv\/wp-json\/wp\/v2\/media\/27535"}],"wp:attachment":[{"href":"https:\/\/www.europesays.com\/lv\/wp-json\/wp\/v2\/media?parent=27534"}],"wp:term":[{"taxonomy":"category","embeddable":true,"href":"https:\/\/www.europesays.com\/lv\/wp-json\/wp\/v2\/categories?post=27534"},{"taxonomy":"post_tag","embeddable":true,"href":"https:\/\/www.europesays.com\/lv\/wp-json\/wp\/v2\/tags?post=27534"}],"curies":[{"name":"wp","href":"https:\/\/api.w.org\/{rel}","templated":true}]}}