{"id":275347,"date":"2026-08-22T18:56:12","date_gmt":"2026-08-22T18:56:12","guid":{"rendered":"https:\/\/www.europesays.com\/lv\/275347\/"},"modified":"2026-08-22T18:56:12","modified_gmt":"2026-08-22T18:56:12","slug":"skarbos-apstaklos-igaunija-turpinas-baltic-chain-tour-belohvosciks-20-vieta","status":"publish","type":"post","link":"https:\/\/www.europesays.com\/lv\/275347\/","title":{"rendered":"Skarbos apst\u0101k\u013cos Igaunij\u0101 turpin\u0101s \u201cBaltic Chain Tour\u201d; Belohvo\u0161\u010diks 20. viet\u0101"},"content":{"rendered":"<p><img fetchpriority=\"high\" decoding=\"async\" width=\"1024\" height=\"683\" src=\"https:\/\/www.europesays.com\/lv\/wp-content\/uploads\/2026\/08\/2_POSMS-1024x683.jpg\" alt=\"\" class=\"wp-image-1012227\"  \/>Foto: Organizatoru publicit\u0101tes materi\u0101ls<\/p>\n<p class=\"wp-block-paragraph\">Sestdien Tartu apk\u0101rtn\u0113 ar otro posmu turpin\u0101j\u0101s UCI 2. kategorijas daudzdienu velobrauciens \u201cBaltic Chain Tour\u201d. \u013boti skarbos apst\u0101k\u013cos 174 kilometru garaj\u0101 distanc\u0113 dubultuzvaru guva Igaunijas izlases rite\u0146brauc\u0113ji ar Laur\u012b Tamu priek\u0161gal\u0101. No Latvijas rite\u0146brauc\u0113jiem visaugst\u0101k fini\u0161\u0113ja Kristi\u0101ns Belohvo\u0161\u010diks, kur\u0161 ie\u0146\u0113ma 20. vietu.<\/p>\n<p class=\"wp-block-paragraph\">P\u0113c Latvijas etapiem piektdien \u201cBaltic Chain Tour\u201d sestdien p\u0101rc\u0113l\u0101s uz Tartu piev\u0101rti Igaunij\u0101, kur norisin\u0101j\u0101s sacens\u012bbu otrais posms. Kopum\u0101 tika veikta 174 kilometrus gara distance. T\u0101s pirmaj\u0101 da\u013c\u0101 brauc\u0113ji sacent\u0101s pa pauguraino un visai tehnisko K\u016brem\u0101 apli, to veicot \u010detras reizes. Sekoja ce\u013c\u0161 l\u012bdz \u016alenurmes pils\u0113ti\u0146ai, kur ar\u012b norisin\u0101j\u0101s fini\u0161s. Ja sacens\u012bbu pirm\u0101 puse pag\u0101ja bez lietus, tad turpin\u0101jum\u0101 brauc\u0113ji sask\u0101r\u0101s gan ar sp\u0113c\u012bg\u0101m lietusg\u0101z\u0113m, gan br\u0101zmainu v\u0113ju.<\/p>\n<p class=\"wp-block-paragraph\">No Latvijas rite\u0146brauc\u0113jiem vado\u0161aj\u0101, aptuveni 40 brauc\u0113ju lielaj\u0101 grup\u0101 bija izlases brauc\u0113ji M\u0101ris Bogdanovi\u010ds un Kristi\u0101ns Belohvo\u0161\u010diks, k\u0101 ar\u012b \u201cEnergus\u201d p\u0101rst\u0101vji M\u0101rti\u0146\u0161 Pluto, K\u0101rlis Klismets un Olivers J\u0113kabs Skrapcis.<\/p>\n<p class=\"wp-block-paragraph\">Beigu da\u013c\u0101, kad l\u012bdz fini\u0161am bija atliku\u0161i 15 kilometri, no vado\u0161\u0101s grupas atrauties sp\u0113ja igau\u0146i Laur\u012b Tams un Normans Vahtra, k\u0101 ar\u012b d\u0101nis Magnuss Ma\u010dholds no \u201cReffen CO Play\/Giant Store\u201d. Trijotni neviens no sekot\u0101jiem neno\u0137\u0113ra. Defic\u012btu gan izdev\u0101s samazin\u0101t ar\u012b p\u0113c M\u0101ra Bogdanovi\u010da akt\u012bv\u0101s darb\u012bbas p\u0113d\u0113jos kilometros. Fini\u0161\u0101 pirmais bija Tams, bet dubultuzvaru m\u0101jiniekiem nodro\u0161in\u0101ja Vahtra. Tras\u0113 l\u012bderi pavad\u012bja 3 stundas, 59 min\u016btes un 11 sekundes.<\/p>\n<p class=\"wp-block-paragraph\">Lab\u0101kais no latvie\u0161iem bija izlases brauc\u0113js Kristi\u0101ns Belohvo\u0161\u010diks, kur\u0161 fini\u0161\u0113ja pirmaj\u0101 lielaj\u0101 sekot\u0101ju grup\u0101 un ierindoj\u0101s 20. viet\u0101 (+00:00:30). \u0160aj\u0101 grup\u0101 fini\u0161\u0113ja v\u0113l tr\u012bs latvie\u0161i: 25. viet\u0101 M\u0101rti\u0146\u0161 Pluto, 26. viet\u0101 K\u0101rlis Klismets un 27. viet\u0101 M\u0101ris Bogdanovi\u010ds. Vien\u0101 grup\u0101 ar \u0161iem brauc\u0113jiem bija ar\u012b Olivers J\u0113kabs Skrapcis, kur\u0161 beig\u0101s piedz\u012bvoja kritienu un ierindoj\u0101s 60. viet\u0101. 63. viet\u0101 \u0122irts Harkins, 75. viet\u0101 Gusts Lapi\u0146\u0161, 82. viet\u0101 Markuss Lagzdi\u0146\u0161.<\/p>\n<p class=\"wp-block-paragraph\">Kopv\u0113rt\u0113jum\u0101 par jauno l\u012bderi k\u013cuvis Tams, kur\u0161 tuv\u0101ko sekot\u0101ju un komandas biedru Vahtru apsteidz par 3 sekund\u0113m. Lab\u0101kais no latvie\u0161iem ir M\u0101rti\u0146\u0161 Pluto, kur\u0161 atrodas 17. viet\u0101 (+00:00:41), bet no izlases v\u012briem 27. poz\u012bcij\u0101 atrodas M\u0101ris Bogdanovi\u010ds (+00:00:47). Poz\u012bciju zem\u0101k ir Kristi\u0101ns Belohvo\u0161\u010diks.<\/p>\n<p class=\"wp-block-paragraph\">T\u016bre nosl\u0113gsies r\u012bt Tartu apkaim\u0113 ar tre\u0161o posmu.<\/p>\n","protected":false},"excerpt":{"rendered":"Foto: Organizatoru publicit\u0101tes materi\u0101ls Sestdien Tartu apk\u0101rtn\u0113 ar otro posmu turpin\u0101j\u0101s UCI 2. kategorijas daudzdienu velobrauciens \u201cBaltic Chain&hellip;\n","protected":false},"author":2,"featured_media":275348,"comment_status":"","ping_status":"","sticky":false,"template":"","format":"standard","meta":{"footnotes":"","_share_on_mastodon":"0"},"categories":[17],"tags":[41858,73,35,39,38,36,37,34,40,67,1007],"class_list":["post-275347","post","type-post","status-publish","format-standard","has-post-thumbnail","category-sports","tag-balticchaintour","tag-igaunija","tag-latvia","tag-latvian","tag-latviesu","tag-latviesu-valoda","tag-latviesuvaloda","tag-latvija","tag-lv","tag-sports","tag-valka"],"share_on_mastodon":{"url":"https:\/\/pubeurope.com\/@lv\/117140690660576557","error":""},"_links":{"self":[{"href":"https:\/\/www.europesays.com\/lv\/wp-json\/wp\/v2\/posts\/275347","targetHints":{"allow":["GET"]}}],"collection":[{"href":"https:\/\/www.europesays.com\/lv\/wp-json\/wp\/v2\/posts"}],"about":[{"href":"https:\/\/www.europesays.com\/lv\/wp-json\/wp\/v2\/types\/post"}],"author":[{"embeddable":true,"href":"https:\/\/www.europesays.com\/lv\/wp-json\/wp\/v2\/users\/2"}],"replies":[{"embeddable":true,"href":"https:\/\/www.europesays.com\/lv\/wp-json\/wp\/v2\/comments?post=275347"}],"version-history":[{"count":0,"href":"https:\/\/www.europesays.com\/lv\/wp-json\/wp\/v2\/posts\/275347\/revisions"}],"wp:featuredmedia":[{"embeddable":true,"href":"https:\/\/www.europesays.com\/lv\/wp-json\/wp\/v2\/media\/275348"}],"wp:attachment":[{"href":"https:\/\/www.europesays.com\/lv\/wp-json\/wp\/v2\/media?parent=275347"}],"wp:term":[{"taxonomy":"category","embeddable":true,"href":"https:\/\/www.europesays.com\/lv\/wp-json\/wp\/v2\/categories?post=275347"},{"taxonomy":"post_tag","embeddable":true,"href":"https:\/\/www.europesays.com\/lv\/wp-json\/wp\/v2\/tags?post=275347"}],"curies":[{"name":"wp","href":"https:\/\/api.w.org\/{rel}","templated":true}]}}