{"id":275505,"date":"2026-08-23T00:17:11","date_gmt":"2026-08-23T00:17:11","guid":{"rendered":"https:\/\/www.europesays.com\/lv\/275505\/"},"modified":"2026-08-23T00:17:11","modified_gmt":"2026-08-23T00:17:11","slug":"par-godu-ukrainas-neatkaribas-dienai-riga-notiks-gajiens-delfi","status":"publish","type":"post","link":"https:\/\/www.europesays.com\/lv\/275505\/","title":{"rendered":"Par godu Ukrainas Neatkar\u012bbas dienai R\u012bg\u0101 notiks g\u0101jiens &#8211; DELFI"},"content":{"rendered":"<ol>\n<li><a href=\"https:\/\/news.google.com\/rss\/articles\/CBMiogFBVV95cUxNNXVFZ2JpRl9tRVQ1ZVZuZEFfdThuY1pUWnBTSWlrWmRINjF3cVRvRmhqUGRUVjVkSGVIODgtLXB5czdoU0pTQTVCTU5BbUd5Y0NDdG5jMmRoOUVSNnpJaXFqVmNROU9IMnIxSHEwc3pESzdrc2NycWpVUC1ieUZoU0llMW5xR1NfZzltN01DalBNbnRDVHpXR01RUG9tQ0lxX1E?oc=5\" target=\"_blank\" rel=\"nofollow noopener\">Par godu Ukrainas Neatkar\u012bbas dienai R\u012bg\u0101 notiks g\u0101jiens<\/a>&nbsp;&nbsp;DELFI<\/li>\n<li><a href=\"https:\/\/news.google.com\/rss\/articles\/CBMi5AFBVV95cUxPU01CWDFtenA2UlFNWG1nYi1vMm1EbTB6cnJzRE1mYzVWZldickptVDViaVVyOXNOZHk4cFk0cm9iNjhFMkFBaklLb2JJWVg4WUVfVlVpbXU2LTRXc3ltNVoxUE9SZElzWng5dWplRUUtRlZnSkd3TEpERENudTlqVmhrUkRhRGNXNTItMGNFMHJUanBORC1FWmRnNGxEOVc3b3g1Q0VLSmx6VkxCR29TQS04VXZ0QjlMdzVlcGpNTTNlSWRXZTNoNjQ3bU85Rl9FWm54XzkyMW9NQjFTeGg1N0ZOWHA?oc=5\" target=\"_blank\" rel=\"nofollow noopener\">Ar balsi un sirdi. Ukrai\u0146i k\u0101 pateic\u012bbas z\u012bmi pie Br\u012bv\u012bbas pieminek\u013ca nodzied\u0101s Latvijas himnu<\/a>&nbsp;&nbsp;LSM<\/li>\n<li><a href=\"https:\/\/news.google.com\/rss\/articles\/CBMiwwFBVV95cUxQc3A4bGdKU2RGSF9kOWlrRWx0X1JnQkMxMTI1R05GalRIeXZMQWl5RDV1dUt1LWxGeGVoZjI4bmUtRm5zRXZ3ZEJ6UkJYNzRnNDhTcVB1SWdDaWlrYnpKRkY1LXNiSWtJVFJwbUVMVnJEaXZEQkwxZS1ZekUzMmtLSXdROTliektmSk5rMFpWdEp5VWJWMUVCc3VIUUZ5LVUyVzlzTlR3XzlwYTlPaUNBajA3UmdtMzJBdUhQV3RXV0JEUG8?oc=5\" target=\"_blank\" rel=\"nofollow noopener\">Bauskas novada pa\u0161vald\u012bba pau\u017e atbalstu Ukrainai un aicina iedz\u012bvot\u0101jus l\u012bdzdarboties<\/a>&nbsp;&nbsp;BauskasDzive.lv<\/li>\n<li><a href=\"https:\/\/news.google.com\/rss\/articles\/CBMitgFBVV95cUxQSEZaR2VDZlF3bnI3c2JxQU95NHdCdS1DMlQ3aUJTek5LTXplN0U0YzBFRF8tR2llRk1zNU1JSi14bHZROXctTG5GdmlNMW5hMUdXcmZjNnMtdXUwcHZuVTZERGpmd184RGI4SEczY0VQZGxxQnVQV2hLaGxXRDlaVjNQa1k3QWZaX3RZNFE3UzEwdzNHRllMYlNPNm9fUXJxZGVVM3N2RGRxb3Y4NGtscnFJVTR5dw?oc=5\" target=\"_blank\" rel=\"nofollow noopener\">Latvij\u0101 aicina ar klusuma br\u012bdi piemin\u0113t Ukrainas aizst\u0101vjus un kara upurus<\/a>&nbsp;&nbsp;J\u0113kabpils Laiks<\/li>\n<li><a href=\"https:\/\/news.google.com\/rss\/articles\/CBMiowFBVV95cUxPQnV4b01QU200cjBvQ1psUDNLUFN6TjFEWEkxQ0ZKb0VqOXFfdUhvSHlHUnBsU2gwUXIzZE5oU1NSN0ZKQ2VPdzdUVTRjOUk5UHZYREZTVVpocktKVlVCMENyc1BWaVZCTVNBNUNZcnlLcGJDTGVBNElQdU5ZRDQxbF93dm0tMnJScXhmYVQzUUt0aHdkUy1tZDhIaVRyTG5DOHR3?oc=5\" target=\"_blank\" rel=\"nofollow noopener\">Ukrainas Neatkar\u012bbas dien\u0101 aicina uz sv\u0113tku norisi Valmieras muzej\u0101<\/a>&nbsp;&nbsp;ZiemelLatvija.lv<\/li>\n<\/ol>\n","protected":false},"excerpt":{"rendered":"Par godu Ukrainas Neatkar\u012bbas dienai R\u012bg\u0101 notiks g\u0101jiens&nbsp;&nbsp;DELFI Ar balsi un sirdi. Ukrai\u0146i k\u0101 pateic\u012bbas z\u012bmi pie Br\u012bv\u012bbas&hellip;\n","protected":false},"author":2,"featured_media":275506,"comment_status":"","ping_status":"","sticky":false,"template":"","format":"standard","meta":{"footnotes":"","_share_on_mastodon":"0"},"categories":[12],"tags":[23,28,29,3287,32,33,22,74,30,31,35,39,38,36,37,34,40,20,26,27,172,24,25,276,21],"class_list":["post-275505","post","type-post","status-publish","format-standard","has-post-thumbnail","category-latvija","tag-aktualitates","tag-breaking-news","tag-breakingnews","tag-brivibas-piemineklis","tag-featured-news","tag-featurednews","tag-headlines","tag-krievijas-iebrukums-ukraina","tag-latest-news","tag-latestnews","tag-latvia","tag-latvian","tag-latviesu","tag-latviesu-valoda","tag-latviesuvaloda","tag-latvija","tag-lv","tag-news","tag-popularakas-zinas","tag-popularakaszinas","tag-riga","tag-top-stories","tag-topstories","tag-ukraina","tag-zinas"],"share_on_mastodon":{"url":"https:\/\/pubeurope.com\/@lv\/117141952465324429","error":""},"_links":{"self":[{"href":"https:\/\/www.europesays.com\/lv\/wp-json\/wp\/v2\/posts\/275505","targetHints":{"allow":["GET"]}}],"collection":[{"href":"https:\/\/www.europesays.com\/lv\/wp-json\/wp\/v2\/posts"}],"about":[{"href":"https:\/\/www.europesays.com\/lv\/wp-json\/wp\/v2\/types\/post"}],"author":[{"embeddable":true,"href":"https:\/\/www.europesays.com\/lv\/wp-json\/wp\/v2\/users\/2"}],"replies":[{"embeddable":true,"href":"https:\/\/www.europesays.com\/lv\/wp-json\/wp\/v2\/comments?post=275505"}],"version-history":[{"count":0,"href":"https:\/\/www.europesays.com\/lv\/wp-json\/wp\/v2\/posts\/275505\/revisions"}],"wp:featuredmedia":[{"embeddable":true,"href":"https:\/\/www.europesays.com\/lv\/wp-json\/wp\/v2\/media\/275506"}],"wp:attachment":[{"href":"https:\/\/www.europesays.com\/lv\/wp-json\/wp\/v2\/media?parent=275505"}],"wp:term":[{"taxonomy":"category","embeddable":true,"href":"https:\/\/www.europesays.com\/lv\/wp-json\/wp\/v2\/categories?post=275505"},{"taxonomy":"post_tag","embeddable":true,"href":"https:\/\/www.europesays.com\/lv\/wp-json\/wp\/v2\/tags?post=275505"}],"curies":[{"name":"wp","href":"https:\/\/api.w.org\/{rel}","templated":true}]}}