{"id":27556,"date":"2025-10-21T19:46:09","date_gmt":"2025-10-21T19:46:09","guid":{"rendered":"https:\/\/www.europesays.com\/lv\/27556\/"},"modified":"2025-10-21T19:46:09","modified_gmt":"2025-10-21T19:46:09","slug":"ukraina-pagarina-karastavokli-par-90-dienam","status":"publish","type":"post","link":"https:\/\/www.europesays.com\/lv\/27556\/","title":{"rendered":"Ukraina pagarina karast\u0101vokli par 90 dien\u0101m"},"content":{"rendered":"<p>Prezidenta Volodimira Zelenska ierosin\u0101tais pagarin\u0101jums tika pie\u0146emts ar divu tre\u0161da\u013cu balsu vair\u0101kumu.<\/p>\n<p>Abu pas\u0101kumu termi\u0146\u0161 bija noteikts l\u012bdz 5. novembrim.<\/p>\n<p>Karast\u0101vokli un mobiliz\u0101ciju pirmo reizi ieviesa uz 30 dien\u0101m p\u0113c Krievijas pilna m\u0113roga iebrukuma 2022. gada febru\u0101r\u012b, un kop\u0161 t\u0101 laika to termi\u0146\u0161 regul\u0101ri pagarin\u0101ts.<\/p>\n<p>Karaklaus\u012bbai pak\u013cautiem v\u012brie\u0161iem vecum\u0101 no 22 l\u012bdz 60 gadiem ar da\u017eiem iz\u0146\u0113mumiem ir aizliegts atst\u0101t valsti.<\/p>\n<p>August\u0101 tika atcelts aizliegums no valsts izbraukt v\u012brie\u0161iem vecum\u0101 no 18 l\u012bdz 22 gadiem. L\u012bdz ar aizlieguma atcel\u0161anu no valsts izce\u013cojo\u0161o jauno v\u012brie\u0161u skaits strauji pieauga.<\/p>\n","protected":false},"excerpt":{"rendered":"Prezidenta Volodimira Zelenska ierosin\u0101tais pagarin\u0101jums tika pie\u0146emts ar divu tre\u0161da\u013cu balsu vair\u0101kumu. Abu pas\u0101kumu termi\u0146\u0161 bija noteikts l\u012bdz&hellip;\n","protected":false},"author":2,"featured_media":27557,"comment_status":"","ping_status":"","sticky":false,"template":"","format":"standard","meta":{"footnotes":""},"categories":[14],"tags":[23,57,28,29,32,33,22,74,30,31,35,39,38,36,37,34,40,20,26,27,24,25,54,55,56,21,58],"class_list":{"0":"post-27556","1":"post","2":"type-post","3":"status-publish","4":"format-standard","5":"has-post-thumbnail","7":"category-zinas-no-arvalstim","8":"tag-aktualitates","9":"tag-arvalstim","10":"tag-breaking-news","11":"tag-breakingnews","12":"tag-featured-news","13":"tag-featurednews","14":"tag-headlines","15":"tag-krievijas-iebrukums-ukraina","16":"tag-latest-news","17":"tag-latestnews","18":"tag-latvia","19":"tag-latvian","20":"tag-latviesu","21":"tag-latviesu-valoda","22":"tag-latviesuvaloda","23":"tag-latvija","24":"tag-lv","25":"tag-news","26":"tag-popularakas-zinas","27":"tag-popularakaszinas","28":"tag-top-stories","29":"tag-topstories","30":"tag-world","31":"tag-world-news","32":"tag-worldnews","33":"tag-zinas","34":"tag-zinas-no-arvalstim"},"share_on_mastodon":{"url":"","error":""},"_links":{"self":[{"href":"https:\/\/www.europesays.com\/lv\/wp-json\/wp\/v2\/posts\/27556","targetHints":{"allow":["GET"]}}],"collection":[{"href":"https:\/\/www.europesays.com\/lv\/wp-json\/wp\/v2\/posts"}],"about":[{"href":"https:\/\/www.europesays.com\/lv\/wp-json\/wp\/v2\/types\/post"}],"author":[{"embeddable":true,"href":"https:\/\/www.europesays.com\/lv\/wp-json\/wp\/v2\/users\/2"}],"replies":[{"embeddable":true,"href":"https:\/\/www.europesays.com\/lv\/wp-json\/wp\/v2\/comments?post=27556"}],"version-history":[{"count":0,"href":"https:\/\/www.europesays.com\/lv\/wp-json\/wp\/v2\/posts\/27556\/revisions"}],"wp:featuredmedia":[{"embeddable":true,"href":"https:\/\/www.europesays.com\/lv\/wp-json\/wp\/v2\/media\/27557"}],"wp:attachment":[{"href":"https:\/\/www.europesays.com\/lv\/wp-json\/wp\/v2\/media?parent=27556"}],"wp:term":[{"taxonomy":"category","embeddable":true,"href":"https:\/\/www.europesays.com\/lv\/wp-json\/wp\/v2\/categories?post=27556"},{"taxonomy":"post_tag","embeddable":true,"href":"https:\/\/www.europesays.com\/lv\/wp-json\/wp\/v2\/tags?post=27556"}],"curies":[{"name":"wp","href":"https:\/\/api.w.org\/{rel}","templated":true}]}}