{"id":27564,"date":"2025-10-21T19:56:08","date_gmt":"2025-10-21T19:56:08","guid":{"rendered":"https:\/\/www.europesays.com\/lv\/27564\/"},"modified":"2025-10-21T19:56:08","modified_gmt":"2025-10-21T19:56:08","slug":"barcelona-futbolisti-sagrauj-pretiniekus-uefa-cempionu-ligas-spele","status":"publish","type":"post","link":"https:\/\/www.europesays.com\/lv\/27564\/","title":{"rendered":"&#8220;Barcelona&#8221; futbolisti sagrauj pretiniekus UEFA \u010cempionu l\u012bgas sp\u0113l\u0113"},"content":{"rendered":"<p>Tre\u0161\u0101s k\u0101rtas ma\u010d\u0101 &#8220;Barcelona&#8221; m\u0101j\u0101s ar 6:1 (2:0) p\u0101rsp\u0113ja Pirejas &#8220;Olympiacos&#8221; no Grie\u0137ijas.<\/p>\n<p>Laukuma saimniekus sept\u012btaj\u0101 min\u016bt\u0113 vad\u012bb\u0101 Fermins Lopess, kur\u0161 pirmais bija pie atl\u0113ku\u0161\u0101s bumbas v\u0101rtu priek\u0161\u0101 un p\u0101rsp\u0113ja viesu v\u0101rtsargu no tuvas distances. Pirm\u0101 puslaika turpin\u0101jum\u0101 vi\u0146\u0161 39.min\u016bt\u0113 guva v\u0113l vienus v\u0101rtus, dubultojot &#8220;Barcelona&#8221; p\u0101rsvaru.<\/p>\n<p>Otr\u0101 puslaika ievad\u0101 Pirejas komandai izdev\u0101s nog\u0101d\u0101t bumbu m\u0101jinieku v\u0101rtos, bet aizmugures d\u0113\u013c v\u0101rti netika ieskait\u012bti. P\u0101ris min\u016btes v\u0113l\u0101k &#8220;Olympiacos&#8221; tika pie 11 metru soda sitiena, kuru prec\u012bzi izpild\u012bja Ajubs Elk\u0101bi.<\/p>\n<p>P\u0113c tam, kad otro dzelteno kart\u012bti 57.min\u016bt\u0113 nopeln\u012bja Santjago Hece, atst\u0101jot &#8220;Olympiacos&#8221; maz\u0101kum\u0101, v\u0113l desmit min\u016btes v\u0113l\u0101k pie &#8220;pendeles&#8221; tika ar\u012b m\u0101jinieki. 11 metru soda sitienu veiksm\u012bgi izpild\u012bja Lamins Jamals un atjaunoja &#8220;Barcelona&#8221; divu v\u0101rtus p\u0101rsvaru.<\/p>\n<p>Ma\u010da turpin\u0101jum\u0101 viesu v\u0101rtsargu v\u0113l p\u0101rsp\u0113ja divas reizes p\u0101rsp\u0113ja Markuss Re\u0161fords un tre\u0161o reizi ma\u010d\u0101 prec\u012bzs bija Lopess, barselonie\u0161iem tiekot pie graujo\u0161as uzvaras.<\/p>\n<p>Cit\u0101 sp\u0113l\u0113 Almati &#8220;Kairat&#8221; m\u0101j\u0101s ar 0:0 (0:0) sp\u0113l\u0113ja bezv\u0101rtu neiz\u0161\u0137irti ar Kipras komandu &#8220;Pafos&#8221;.<\/p>\n<p>Otrdien \u010cempionu l\u012bg\u0101 tiks aizvad\u012btas v\u0113l septi\u0146as tre\u0161\u0101s k\u0101rtas sp\u0113les.<\/p>\n<p>Pamatturn\u012brs beigsies janv\u0101ra beig\u0101s.<\/p>\n<p>Form\u0101t\u0101, kas tika ieviests pag\u0101ju\u0161aj\u0101 sezon\u0101, asto\u0146as lab\u0101k\u0101s grupas komandas iek\u013c\u016bs astotda\u013cfin\u0101l\u0101, kur t\u0101m pievienosies uzvar\u0113t\u0101jas izsl\u0113g\u0161anas sp\u0113l\u0113s, kur\u0101s piedal\u012bsies grup\u0101 9.-24.vietu ie\u0146\u0113mu\u0161\u0101s komandas. Abas fin\u0101listes sacens\u012bbu laik\u0101 aizvad\u012bs 15 sp\u0113les, bet 25.-36.vietas ieguv\u0113jas komandas sp\u0113l\u0113s tikai asto\u0146as sp\u0113les.<\/p>\n<p>Sacens\u012bbu fin\u0101ls n\u0101kam\u0101 gada maij\u0101 notiks Budape\u0161t\u0101.<\/p>\n<p>Pag\u0101ju\u0161aj\u0101 sezon\u0101 \u010cempionu l\u012bgas fin\u0101l\u0101 Minhen\u0113 PSG ar 5:0 sagr\u0101va Mil\u0101nas &#8220;Inter&#8221;.<\/p>\n","protected":false},"excerpt":{"rendered":"Tre\u0161\u0101s k\u0101rtas ma\u010d\u0101 &#8220;Barcelona&#8221; m\u0101j\u0101s ar 6:1 (2:0) p\u0101rsp\u0113ja Pirejas &#8220;Olympiacos&#8221; no Grie\u0137ijas. Laukuma saimniekus sept\u012btaj\u0101 min\u016bt\u0113 vad\u012bb\u0101&hellip;\n","protected":false},"author":2,"featured_media":27565,"comment_status":"","ping_status":"","sticky":false,"template":"","format":"standard","meta":{"footnotes":""},"categories":[17],"tags":[676,1375,35,39,38,36,37,34,40,67,3676,3589],"class_list":{"0":"post-27564","1":"post","2":"type-post","3":"status-publish","4":"format-standard","5":"has-post-thumbnail","7":"category-sports","8":"tag-futbols","9":"tag-futbols-pasaule","10":"tag-latvia","11":"tag-latvian","12":"tag-latviesu","13":"tag-latviesu-valoda","14":"tag-latviesuvaloda","15":"tag-latvija","16":"tag-lv","17":"tag-sports","18":"tag-uefa","19":"tag-uefa-cempionu-liga"},"share_on_mastodon":{"url":"","error":""},"_links":{"self":[{"href":"https:\/\/www.europesays.com\/lv\/wp-json\/wp\/v2\/posts\/27564","targetHints":{"allow":["GET"]}}],"collection":[{"href":"https:\/\/www.europesays.com\/lv\/wp-json\/wp\/v2\/posts"}],"about":[{"href":"https:\/\/www.europesays.com\/lv\/wp-json\/wp\/v2\/types\/post"}],"author":[{"embeddable":true,"href":"https:\/\/www.europesays.com\/lv\/wp-json\/wp\/v2\/users\/2"}],"replies":[{"embeddable":true,"href":"https:\/\/www.europesays.com\/lv\/wp-json\/wp\/v2\/comments?post=27564"}],"version-history":[{"count":0,"href":"https:\/\/www.europesays.com\/lv\/wp-json\/wp\/v2\/posts\/27564\/revisions"}],"wp:featuredmedia":[{"embeddable":true,"href":"https:\/\/www.europesays.com\/lv\/wp-json\/wp\/v2\/media\/27565"}],"wp:attachment":[{"href":"https:\/\/www.europesays.com\/lv\/wp-json\/wp\/v2\/media?parent=27564"}],"wp:term":[{"taxonomy":"category","embeddable":true,"href":"https:\/\/www.europesays.com\/lv\/wp-json\/wp\/v2\/categories?post=27564"},{"taxonomy":"post_tag","embeddable":true,"href":"https:\/\/www.europesays.com\/lv\/wp-json\/wp\/v2\/tags?post=27564"}],"curies":[{"name":"wp","href":"https:\/\/api.w.org\/{rel}","templated":true}]}}