{"id":27568,"date":"2025-10-21T20:01:12","date_gmt":"2025-10-21T20:01:12","guid":{"rendered":"https:\/\/www.europesays.com\/lv\/27568\/"},"modified":"2025-10-21T20:01:12","modified_gmt":"2025-10-21T20:01:12","slug":"samanta-tina-parsteidz-ar-jauno-albumu-nepateiktais-muzikas-un-gariguma-savijums-lente-lv","status":"publish","type":"post","link":"https:\/\/www.europesays.com\/lv\/27568\/","title":{"rendered":"Samanta T\u012bna P\u0101rsteidz Ar Jauno Albumu &#8220;Nepateiktais&#8221;: M\u016bzikas Un Gar\u012bguma Savijums\u00a0\u2014\u00a0Lente.lv"},"content":{"rendered":"<p>Samanta T\u012bna P\u0101rsteidz Ar Jauno Albumu &#8220;Nepateiktais&#8221;: M\u016bzikas Un Gar\u012bguma Savijums<\/p>\n<p>Dzied\u0101t\u0101ja Samanta T\u012bna, kuras v\u0101rds Latvijas m\u016bzikas ain\u0101 ir pla\u0161i paz\u012bstams, ir laidusi klaj\u0101 savu jaun\u0101ko muzik\u0101lo darbu \u2013 albumu \u201cNepateiktais\u201d. Tas tiek raksturots k\u0101 vi\u0146as l\u012bdz \u0161im vispersonisk\u0101kais un muzik\u0101li neparast\u0101kais projekts, kas iez\u012bm\u0113 drosm\u012bgu soli jaun\u0101, neapg\u016bt\u0101 virzien\u0101. Albums ir ne tikai muzik\u0101ls eksperiments, bet ar\u012b dzi\u013c\u0161 dv\u0113seles ce\u013cojums, kur\u0101 sapl\u016bst pasaules m\u016bzika, gar\u012bg\u0101 m\u016bzika un etnisko mot\u012bvu bag\u0101t\u012bba. \u0160is darbs ir rad\u012bts, lai sniegtu klaus\u012bt\u0101jiem dziedin\u0101jumu, sp\u0113ku un gaismu.<\/p>\n<p>Muzik\u0101ls Eksperiments Un Dv\u0113seles Transform\u0101cija<\/p>\n<p>\u201cNepateiktais\u201d albums ir rad\u012bts cie\u0161\u0101 sadarb\u012bb\u0101 ar talant\u012bgo komponistu un albuma producentu Rihardu Za\u013cupi, ar kuru Samantai izveidojusies sp\u0113c\u012bga rado\u0161a \u0137\u012bmija. \u0160is kopdarbs ir \u013c\u0101vis m\u0101ksliniecei atkl\u0101t jaunus rado\u0161\u0101 potenci\u0101la augstumus. Album\u0101 savijas latvie\u0161u tautasdziesmu mot\u012bvi, sen\u0101s v\u0113disk\u0101s mantras un pat sv\u0113tie raksti, radot unik\u0101lu ska\u0146u gammu, kas at\u0161\u0137iras no ierast\u0101 popm\u016bzikas \u017eanra. \u0160is muzik\u0101lais kokteilis ir k\u0101 ce\u013cojums cauri laikam un da\u017e\u0101d\u0101m kult\u016br\u0101m, pied\u0101v\u0101jot klaus\u012bt\u0101jiem ko jaunu un dzi\u013ci personisku.<\/p>\n<p>Samanta T\u012bna atz\u012bst, ka albuma tap\u0161ana bijusi ne tikai jauna, bet ar\u012b izaicino\u0161a pieredze. Vi\u0146a st\u0101sta, ka \u201cn\u0101c\u0101s m\u0101c\u012bties dzied\u0101t no jauna\u201d, jo katrs ska\u0146darbs ir tik dzi\u013ci emocion\u0101li pies\u0101tin\u0101ts. Dzied\u0101t\u0101ja pau\u017e, ka dziesmu izpild\u012b\u0161ana koncertos pras\u012bs iev\u0113rojamu drosmi un iek\u0161\u0113ju sp\u0113ku, jo t\u0101s satur \u201cdziedino\u0161u kodu\u201d.<\/p>\n<p>Sast\u0101vs Un Sadarb\u012bba<\/p>\n<p>Albuma skan\u0113jumu papildina ne tikai Samantas un Riharda Za\u013cupes balsis un m\u016bzika, bet ar\u012b citi talant\u012bgi m\u016bzi\u0137i. Taj\u0101 piedal\u012bjies Tukuma Za\u013cais koris, kura balsis pie\u0161\u0137ir ierakstam dzi\u013cumu un svin\u012bgumu. Ar savu virtuozit\u0101ti izce\u013cas \u010delliste Dace Z\u0101l\u012bte-Zilberte un \u0123it\u0101rists M\u0101rcis Vasi\u013cevskis, kuru sniegums pie\u0161\u0137ir kompoz\u012bcij\u0101m unik\u0101lu piesk\u0101rienu.<\/p>\n<p>\u012apa\u0161u p\u0101rsteigumu klaus\u012bt\u0101jiem sag\u0101d\u0101 duets \u201cKur ir tava sirds\u201d, kur\u0101 apvienojas Samantas un Riharda balsis. \u0160im ska\u0146darbam speci\u0101li tapis ori\u0123in\u0101ls teksts, ko rad\u012bjis M\u0101ris Puj\u0101ts, papildinot dziesmu ar dzi\u013cumu un j\u0113gu.<\/p>\n<p>Muzik\u0101l\u0101 Att\u012bst\u012bba Un Jauni Virzieni<\/p>\n<p>Ar \u201cNepateikto\u201d Samanta T\u012bna ne tikai uzs\u0101k jaunu muzik\u0101lo noda\u013cu sav\u0101 karjer\u0101, bet ar\u012b veic dzi\u013c\u0101ku personisku ce\u013cojumu. Albums simboliz\u0113 iek\u0161\u0113jo harmoniju, gaismas mekl\u0113jumus un patiesas br\u012bv\u012bbas atkl\u0101smi. Tas ir apliecin\u0101jums tam, ka sp\u0113ks sl\u0113pjas ne tikai ska\u013cos v\u0101rdos, bet ar\u012b klusaj\u0101 iek\u0161\u0113j\u0101 dialog\u0101 ar sevi un dv\u0113seles pirmavotiem.<\/p>\n<p>Lai gan iepriek\u0161\u0113jais albums \u201cV\u0113stule Tev\u201d, kas izdots 2023. gada nogal\u0113, jau v\u0113st\u012bja par m\u0101kslinieces virz\u012bbu uz jaun\u0101m muzik\u0101l\u0101m idej\u0101m, \u201cNepateiktais\u201d ir solis v\u0113l t\u0101l\u0101k. T\u0101 ir radik\u0101la muzik\u0101la transform\u0101cija, kas atst\u0101j iepriek\u0161\u0113jos \u017eanrus un dodas pret\u012b autentiskumam un personiskai paties\u012bbai. \u0160is albums apliecina Samantas gatav\u012bbu eksperiment\u0113t un atkl\u0101t jaunas rado\u0161\u0101s robe\u017eas.<\/p>\n<p>Koncertt\u016bre K\u0101 Iek\u0161\u0113j\u0101s Ce\u013cojuma Turpin\u0101jums<\/p>\n<p>Albuma \u201cNepateiktais\u201d izdo\u0161ana tiek atz\u012bm\u0113ta ar jaunu koncertt\u016bri \u201cV\u0113stule Tev \u2013 Nepateiktais\u201d. \u0160\u012b t\u016bre ir emocion\u0101l\u0101s koncerts\u0113rijas \u201cV\u0113stule Tev\u201d turpin\u0101jums, aicinot klaus\u012bt\u0101jus doties ce\u013cojum\u0101 tuv\u0101k sev. Koncertos skan\u0113s ne tikai jaun\u0101 m\u016bzika no albuma, bet ar\u012b \u012bpa\u0161i rad\u012btas aizsardz\u012bbas un sp\u0113ka mantras, kas pal\u012bdz\u0113s stiprin\u0101t klaus\u012bt\u0101ju iek\u0161\u0113jo es un rast mieru. \u0160\u012b ir iesp\u0113ja piedz\u012bvot Samantas transform\u0101ciju un atrast dziedin\u0101jumu caur m\u016bziku.<\/p>\n<p>Albuma dziesmu nosaukumi, piem\u0113ram, \u201cGane\u0161a mantra\u201d, \u201cV\u0113stule Dievam\u201d, \u201c\u0160ivas mantra\u201d un \u201cPriekpiln\u0101 maha mantra\u201d, tie\u0161i atspogu\u013co t\u0101 saturu. T\u0101s sm\u0113lu\u0161\u0101s no da\u017e\u0101diem sv\u0113tajiem rakstiem un trad\u012bcij\u0101m, pied\u0101v\u0101jot klaus\u012bt\u0101jiem ne tikai muzik\u0101lu, bet ar\u012b gar\u012bgu baud\u012bjumu. \u201cGane\u0161a mantras\u201d piem\u0113ram, ir paredz\u0113ta, lai \u201cnov\u0113rstu negat\u012bvus \u0161\u0137\u0113r\u0161\u013cus un apst\u0101k\u013cus\u201d, kam\u0113r \u201c\u0160ivas mantra\u201d pal\u012bdz \u201cuzs\u0101kt jaunu dz\u012bves posmu, atbr\u012bvojoties no negat\u012bv\u0101m dom\u0101m\u201d.<\/p>\n<p>\u201cNepateiktais\u201d nav tikai albums, t\u0101 ir Samantas T\u012bnas atkl\u0101t\u0101 sirds, vi\u0146as dv\u0113seles spogulis, kas aicina ikvienu klaus\u012bt\u0101ju doties ce\u013cojum\u0101 sev\u012b, mekl\u0113jot iek\u0161\u0113jo harmoniju un patiesumu. Tas ir apliecin\u0101jums tam, ka patiesu sp\u0113ku var rast nepateiktaj\u0101 un dzi\u013c\u0101 dialog\u0101 ar sevi.<\/p>\n","protected":false},"excerpt":{"rendered":"Samanta T\u012bna P\u0101rsteidz Ar Jauno Albumu &#8220;Nepateiktais&#8221;: M\u016bzikas Un Gar\u012bguma Savijums Dzied\u0101t\u0101ja Samanta T\u012bna, kuras v\u0101rds Latvijas m\u016bzikas&hellip;\n","protected":false},"author":2,"featured_media":27569,"comment_status":"","ping_status":"","sticky":false,"template":"","format":"standard","meta":{"footnotes":""},"categories":[19],"tags":[5783,89,7588,90,35,39,38,194,36,37,34,40,7462,7222],"class_list":{"0":"post-27568","1":"post","2":"type-post","3":"status-publish","4":"format-standard","5":"has-post-thumbnail","7":"category-izklaide","8":"tag-albums","9":"tag-entertainment","10":"tag-gariga-muzika","11":"tag-izklaide","12":"tag-latvia","13":"tag-latvian","14":"tag-latviesu","15":"tag-latviesu-muzika","16":"tag-latviesu-valoda","17":"tag-latviesuvaloda","18":"tag-latvija","19":"tag-lv","20":"tag-nepateiktais","21":"tag-samanta-tina"},"share_on_mastodon":{"url":"","error":""},"_links":{"self":[{"href":"https:\/\/www.europesays.com\/lv\/wp-json\/wp\/v2\/posts\/27568","targetHints":{"allow":["GET"]}}],"collection":[{"href":"https:\/\/www.europesays.com\/lv\/wp-json\/wp\/v2\/posts"}],"about":[{"href":"https:\/\/www.europesays.com\/lv\/wp-json\/wp\/v2\/types\/post"}],"author":[{"embeddable":true,"href":"https:\/\/www.europesays.com\/lv\/wp-json\/wp\/v2\/users\/2"}],"replies":[{"embeddable":true,"href":"https:\/\/www.europesays.com\/lv\/wp-json\/wp\/v2\/comments?post=27568"}],"version-history":[{"count":0,"href":"https:\/\/www.europesays.com\/lv\/wp-json\/wp\/v2\/posts\/27568\/revisions"}],"wp:featuredmedia":[{"embeddable":true,"href":"https:\/\/www.europesays.com\/lv\/wp-json\/wp\/v2\/media\/27569"}],"wp:attachment":[{"href":"https:\/\/www.europesays.com\/lv\/wp-json\/wp\/v2\/media?parent=27568"}],"wp:term":[{"taxonomy":"category","embeddable":true,"href":"https:\/\/www.europesays.com\/lv\/wp-json\/wp\/v2\/categories?post=27568"},{"taxonomy":"post_tag","embeddable":true,"href":"https:\/\/www.europesays.com\/lv\/wp-json\/wp\/v2\/tags?post=27568"}],"curies":[{"name":"wp","href":"https:\/\/api.w.org\/{rel}","templated":true}]}}