{"id":27570,"date":"2025-10-21T20:04:17","date_gmt":"2025-10-21T20:04:17","guid":{"rendered":"https:\/\/www.europesays.com\/lv\/27570\/"},"modified":"2025-10-21T20:04:17","modified_gmt":"2025-10-21T20:04:17","slug":"kas-notiek-vasingtona-pec-trampa-paveles-buldozeri-sakusi-demolet-dalu-balta-nama","status":"publish","type":"post","link":"https:\/\/www.europesays.com\/lv\/27570\/","title":{"rendered":"Kas notiek Va\u0161ington\u0101? P\u0113c Trampa pav\u0113les buldozeri s\u0101ku\u0161i demol\u0113t da\u013cu Balt\u0101 nama"},"content":{"rendered":"<p>Va\u0161ington\u0101 pirmdien s\u0101kta Balt\u0101 nama Austrumu sp\u0101rna da\u013c\u0113ja nojauk\u0161ana, lai uzs\u0101ktu prezidenta Donalda Trampa pl\u0101noto 250 miljonu dol\u0101ru v\u0113rt\u0101s pas\u0101kumu z\u0101les b\u016bvniec\u012bbu, v\u0113sta zi\u0146u a\u0123ent\u016bra AP. Projekts tiek \u012bstenots, lai gan v\u0113l nav sa\u0146emts ofici\u0101ls apstiprin\u0101jums no Nacion\u0101l\u0101s pl\u0101no\u0161anas komisijas, kas parasti uzrauga \u0161\u0101dus b\u016bvdarbus.<\/p>\n<p>Austrumu sp\u0101rns ir celts 1902. gad\u0101 un laika gait\u0101 vair\u0101kk\u0101rt p\u0101rb\u016bv\u0113ts. Tramps uzsver, ka pas\u0101kumu z\u0101le tiks veidota &#8220;ar cie\u0146u pret v\u0113sturisko \u0113ku un neskar\u0161ot pa\u0161as rezidences strukt\u016bru&#8221;. Tom\u0113r fotogr\u0101fij\u0101s redzami smag\u0101s tehnikas darbi pie \u0113kas fas\u0101des, kas jau izrais\u012bju\u0161i pla\u0161as sabiedr\u012bbas diskusijas.<\/p>\n<p>&#13;<br \/>\n&#13;<br \/>\nSeko l\u012bdzi port\u0101la 1188.lv jaunumiem ar\u012b &#8220;Whatsapp&#8221; kan\u0101l\u0101 <a target=\"_blank\" href=\"https:\/\/whatsapp.com\/channel\/0029Vb6zcYhIiRp25N9ArG3o\" rel=\"nofollow noopener\">\u0160EIT<\/a>.&#13;<br \/>\n&#13;<br \/>\n<\/p>\n<p><a target=\"_blank\" href=\"https:\/\/twitter.com\/yashar\/status\/1980342700944556539\" rel=\"nofollow noopener\">https:\/\/twitter.com\/yashar\/status\/1980342700944556539<\/a><\/p>\n<p>Prezidents nor\u0101da, ka vi\u0146\u0161 \u012bsteno sapni, ko it k\u0101 esot v\u0113l\u0113ju\u0161ies vair\u0101ki vi\u0146a priek\u0161te\u010di \u2013 uzcelt pas\u0101kumu z\u0101li ar liel\u0101ku ietilp\u012bbu par eso\u0161o, kas sp\u0113j uz\u0146emt aptuveni 200 cilv\u0113kus. Jaun\u0101 z\u0101le var\u0113s uz\u0146emt l\u012bdz pat 1000 viesiem.<\/p>\n<p>Tramps sola, ka projekts piln\u012bb\u0101 tiek finans\u0113ts no priv\u0101tiem l\u012bdzek\u013ciem &#8211; uz\u0146\u0113m\u0113ju ziedojumiem, atbalst\u012bt\u0101jiem un ar\u012b no vi\u0146a pa\u0161a l\u012bdzek\u013ciem. Viena no liel\u0101kaj\u0101m ziedot\u0101jfirm\u0101m \u201cCarrier Global Corp.\u201d apstiprin\u0101ja, ka d\u0101vin\u0101s ventil\u0101cijas un kondicion\u0113\u0161anas sist\u0113mu jaunajai z\u0101lei.<\/p>\n<p>Kaut ar\u012b prezidents pazi\u0146ojis, ka projekts nodro\u0161in\u0101s &#8220;nulles izmaksas nodok\u013cu maks\u0101t\u0101jiem&#8221;, sabiedr\u012bba joproj\u0101m gaida ofici\u0101lu inform\u0101ciju par ziedot\u0101ju sarakstu. Tikm\u0113r Nacion\u0101l\u0101s pl\u0101no\u0161anas komisijas vad\u012bt\u0101js, kas vienlaikus ir ar\u012b Balt\u0101 nama darbinieks, nor\u0101d\u012bjis, ka pa\u0161laik v\u0113l nav sa\u0146emta at\u013cauja, jo pa\u0161reiz\u0113jie darbi neietilpst vi\u0146u uzraudz\u012bb\u0101.<\/p>\n<p>Ja viss norit\u0113s p\u0113c pl\u0101na, b\u016bvniec\u012bba tiks pabeigta l\u012bdz Trampa prezident\u016bras beig\u0101m 2029. gad\u0101. Jaun\u0101 z\u0101le b\u016bs b\u016btisk\u0101kais papildin\u0101jums Baltajam namam kop\u0161 Tr\u016bmena balkona uzb\u016bv\u0113\u0161anas 1948. gad\u0101.<\/p>\n<p><img decoding=\"async\" src=\"https:\/\/www.europesays.com\/lv\/wp-content\/uploads\/2025\/10\/7669434d84eddcc4125969c8f8303417.jpg\" title=\"Foto: EPA\/JIM LO SCALZO\/Scanpix\" alt=\"Foto: EPA\/JIM LO SCALZO\/Scanpix\"\/><\/p>\n<p class=\"article-img-desc\">Foto: EPA\/JIM LO SCALZO\/Scanpix<\/p>\n<p><script async src=\"https:\/\/platform.twitter.com\/widgets.js\" charset=\"utf-8\"><\/script><\/p>\n","protected":false},"excerpt":{"rendered":"Va\u0161ington\u0101 pirmdien s\u0101kta Balt\u0101 nama Austrumu sp\u0101rna da\u013c\u0113ja nojauk\u0161ana, lai uzs\u0101ktu prezidenta Donalda Trampa pl\u0101noto 250 miljonu dol\u0101ru&hellip;\n","protected":false},"author":2,"featured_media":27571,"comment_status":"","ping_status":"","sticky":false,"template":"","format":"standard","meta":{"footnotes":""},"categories":[14],"tags":[129,960,957,23,57,28,29,32,33,22,30,31,35,39,38,36,37,34,40,20,26,27,958,961,959,962,24,25,54,55,56,21,58],"class_list":{"0":"post-27570","1":"post","2":"type-post","3":"status-publish","4":"format-standard","5":"has-post-thumbnail","7":"category-zinas-no-arvalstim","8":"tag-__typenameadvicekeyword","9":"tag-id1007","10":"tag-id597","11":"tag-aktualitates","12":"tag-arvalstim","13":"tag-breaking-news","14":"tag-breakingnews","15":"tag-featured-news","16":"tag-featurednews","17":"tag-headlines","18":"tag-latest-news","19":"tag-latestnews","20":"tag-latvia","21":"tag-latvian","22":"tag-latviesu","23":"tag-latviesu-valoda","24":"tag-latviesuvaloda","25":"tag-latvija","26":"tag-lv","27":"tag-news","28":"tag-popularakas-zinas","29":"tag-popularakaszinas","30":"tag-slugasv","31":"tag-slugdonalds-tramps","32":"tag-titleasv","33":"tag-titledonalds-tramps","34":"tag-top-stories","35":"tag-topstories","36":"tag-world","37":"tag-world-news","38":"tag-worldnews","39":"tag-zinas","40":"tag-zinas-no-arvalstim"},"share_on_mastodon":{"url":"","error":""},"_links":{"self":[{"href":"https:\/\/www.europesays.com\/lv\/wp-json\/wp\/v2\/posts\/27570","targetHints":{"allow":["GET"]}}],"collection":[{"href":"https:\/\/www.europesays.com\/lv\/wp-json\/wp\/v2\/posts"}],"about":[{"href":"https:\/\/www.europesays.com\/lv\/wp-json\/wp\/v2\/types\/post"}],"author":[{"embeddable":true,"href":"https:\/\/www.europesays.com\/lv\/wp-json\/wp\/v2\/users\/2"}],"replies":[{"embeddable":true,"href":"https:\/\/www.europesays.com\/lv\/wp-json\/wp\/v2\/comments?post=27570"}],"version-history":[{"count":0,"href":"https:\/\/www.europesays.com\/lv\/wp-json\/wp\/v2\/posts\/27570\/revisions"}],"wp:featuredmedia":[{"embeddable":true,"href":"https:\/\/www.europesays.com\/lv\/wp-json\/wp\/v2\/media\/27571"}],"wp:attachment":[{"href":"https:\/\/www.europesays.com\/lv\/wp-json\/wp\/v2\/media?parent=27570"}],"wp:term":[{"taxonomy":"category","embeddable":true,"href":"https:\/\/www.europesays.com\/lv\/wp-json\/wp\/v2\/categories?post=27570"},{"taxonomy":"post_tag","embeddable":true,"href":"https:\/\/www.europesays.com\/lv\/wp-json\/wp\/v2\/tags?post=27570"}],"curies":[{"name":"wp","href":"https:\/\/api.w.org\/{rel}","templated":true}]}}