{"id":27588,"date":"2025-10-21T20:46:08","date_gmt":"2025-10-21T20:46:08","guid":{"rendered":"https:\/\/www.europesays.com\/lv\/27588\/"},"modified":"2025-10-21T20:46:08","modified_gmt":"2025-10-21T20:46:08","slug":"eiropa-un-ukraina-strada-pie-kara-izbeigsanas-12-punktu-plana","status":"publish","type":"post","link":"https:\/\/www.europesays.com\/lv\/27588\/","title":{"rendered":"Eiropa un Ukraina str\u0101d\u0101 pie kara izbeig\u0161anas 12 punktu pl\u0101na"},"content":{"rendered":"<p>&#8220;Eiropas valstis str\u0101d\u0101 ar Ukrainu pie 12 punktu pl\u0101na, lai izbeigtu karu ar Krieviju pa\u0161reiz\u0113j\u0101s frontes l\u012bnij\u0101s, t\u0101d\u0113j\u0101di radot pretsvaru [Krievijas diktatora] Vladimira Putina pras\u012bb\u0101m ASV, ka Kijivai apmai\u0146\u0101 pret miera l\u012bgumu ir j\u0101atdod papildu teritorijas,&#8221; teiku\u0161i a\u0123ent\u016bras sarunbiedri.<\/p>\n<p>Atbilsto\u0161i iecerei pl\u0101na \u012bsteno\u0161anu uzraudz\u012bs miera komisija, ko vad\u012bs ASV prezidents Donalds Tramps, nor\u0101da &#8220;Bloomberg&#8221;.<\/p>\n<p>Pl\u0101ns paredz, ka Maskava un Kijiva apmain\u012bsies ar karag\u016bstek\u0146iem un Ukrainas b\u0113rni atgriez\u012bsies Ukrain\u0101 p\u0113c tam, kad abas puses piekrit\u012bs pamieram.<\/p>\n<p>Ukraina sa\u0146ems dro\u0161\u012bbas garantijas un l\u012bdzek\u013cus kar\u0101 cietu\u0161\u0101s valsts atjauno\u0161anai, tai tiks pied\u0101v\u0101ts ce\u013c\u0161, lai \u0101tri pievienotos Eiropas Savien\u012bbai (ES), raksta &#8220;Bloomberg&#8221;.<\/p>\n<p>Krievijai noteikt\u0101s sankcijas tiks pak\u0101peniski atceltas, bet aptuveni 300 miljardi dol\u0101ru iesald\u0113to Centr\u0101l\u0101s bankas akt\u012bvu tiks atdoti tikai p\u0113c tam, kad Maskava piekrit\u012bs sniegt ieguld\u012bjumu Ukrainas p\u0113ckara atjauno\u0161anas darbos.<\/p>\n<p>Visas sankcijas tiks nekav\u0113joties atjaunotas, ja Krievija atkal uzbruks kaimi\u0146valstij.<\/p>\n<p>P\u0113c tam Maskava un Kijiva uzs\u0101ks sarunas par teritoriju statusu.<\/p>\n<p>Pl\u0101na deta\u013cas v\u0113l tiek izstr\u0101d\u0101tas, un t\u0101s var tikt main\u012btas, nor\u0101d\u012bja a\u0123ent\u016bra.<\/p>\n<p>P\u0113c avotu teikt\u0101, jebkuram priek\u0161likumam b\u016bs nepiecie\u0161ams Va\u0161ingtonas akcepts.<\/p>\n<p>Eiropas amatpersonas, iesp\u0113jams, \u0161oned\u0113\u013c apmekl\u0113s ASV, nor\u0101d\u012bja &#8220;Bloomberg&#8221; sarunbiedri.<\/p>\n<p>Eiropas pl\u0101n\u0101 atk\u0101rtoti Trampa iepriek\u0161 izteiktie aicin\u0101jumi iesald\u0113t konfliktu pa\u0161reiz\u0113j\u0101s frontes l\u012bnij\u0101s un tad s\u0101kt sarunas.<\/p>\n","protected":false},"excerpt":{"rendered":"&#8220;Eiropas valstis str\u0101d\u0101 ar Ukrainu pie 12 punktu pl\u0101na, lai izbeigtu karu ar Krieviju pa\u0161reiz\u0113j\u0101s frontes l\u012bnij\u0101s, t\u0101d\u0113j\u0101di&hellip;\n","protected":false},"author":2,"featured_media":27589,"comment_status":"","ping_status":"","sticky":false,"template":"","format":"standard","meta":{"footnotes":""},"categories":[14],"tags":[23,57,28,29,32,33,22,74,30,31,35,39,38,36,37,34,40,20,26,27,24,25,54,55,56,21,58],"class_list":{"0":"post-27588","1":"post","2":"type-post","3":"status-publish","4":"format-standard","5":"has-post-thumbnail","7":"category-zinas-no-arvalstim","8":"tag-aktualitates","9":"tag-arvalstim","10":"tag-breaking-news","11":"tag-breakingnews","12":"tag-featured-news","13":"tag-featurednews","14":"tag-headlines","15":"tag-krievijas-iebrukums-ukraina","16":"tag-latest-news","17":"tag-latestnews","18":"tag-latvia","19":"tag-latvian","20":"tag-latviesu","21":"tag-latviesu-valoda","22":"tag-latviesuvaloda","23":"tag-latvija","24":"tag-lv","25":"tag-news","26":"tag-popularakas-zinas","27":"tag-popularakaszinas","28":"tag-top-stories","29":"tag-topstories","30":"tag-world","31":"tag-world-news","32":"tag-worldnews","33":"tag-zinas","34":"tag-zinas-no-arvalstim"},"share_on_mastodon":{"url":"","error":""},"_links":{"self":[{"href":"https:\/\/www.europesays.com\/lv\/wp-json\/wp\/v2\/posts\/27588","targetHints":{"allow":["GET"]}}],"collection":[{"href":"https:\/\/www.europesays.com\/lv\/wp-json\/wp\/v2\/posts"}],"about":[{"href":"https:\/\/www.europesays.com\/lv\/wp-json\/wp\/v2\/types\/post"}],"author":[{"embeddable":true,"href":"https:\/\/www.europesays.com\/lv\/wp-json\/wp\/v2\/users\/2"}],"replies":[{"embeddable":true,"href":"https:\/\/www.europesays.com\/lv\/wp-json\/wp\/v2\/comments?post=27588"}],"version-history":[{"count":0,"href":"https:\/\/www.europesays.com\/lv\/wp-json\/wp\/v2\/posts\/27588\/revisions"}],"wp:featuredmedia":[{"embeddable":true,"href":"https:\/\/www.europesays.com\/lv\/wp-json\/wp\/v2\/media\/27589"}],"wp:attachment":[{"href":"https:\/\/www.europesays.com\/lv\/wp-json\/wp\/v2\/media?parent=27588"}],"wp:term":[{"taxonomy":"category","embeddable":true,"href":"https:\/\/www.europesays.com\/lv\/wp-json\/wp\/v2\/categories?post=27588"},{"taxonomy":"post_tag","embeddable":true,"href":"https:\/\/www.europesays.com\/lv\/wp-json\/wp\/v2\/tags?post=27588"}],"curies":[{"name":"wp","href":"https:\/\/api.w.org\/{rel}","templated":true}]}}