{"id":27594,"date":"2025-10-21T21:01:08","date_gmt":"2025-10-21T21:01:08","guid":{"rendered":"https:\/\/www.europesays.com\/lv\/27594\/"},"modified":"2025-10-21T21:01:08","modified_gmt":"2025-10-21T21:01:08","slug":"astronout-akustiska-ture-muc-atklaj-aizkulises-un-ilgtspejas-izaicinajumus-lente-lv","status":"publish","type":"post","link":"https:\/\/www.europesays.com\/lv\/27594\/","title":{"rendered":"\u201cAstro&#8217;n&#8217;out\u201d akustisk\u0101 t\u016bre \u201cM\u016bc\u201d atkl\u0101j aizkulises un ilgtsp\u0113jas izaicin\u0101jumus\u00a0\u2014\u00a0Lente.lv"},"content":{"rendered":"<p>Jaun\u0101 &#8220;Astro&#8217;n&#8217;out&#8221; koncertt\u016bre &#8220;M\u016bc&#8221; &#8211; aizraujo\u0161s ce\u013cojums uz ilgtsp\u0113ju<\/p>\n<p>Grupa &#8220;Astro&#8217;n&#8217;out&#8221; ar savu jauno akustisko koncertt\u016bri &#8220;M\u016bc&#8221; pied\u0101v\u0101 ne tikai muzik\u0101lu baud\u012bjumu, bet ar\u012b aizraujo\u0161u ieskatu grupas gatavo\u0161an\u0101s proces\u0101 un ilgtsp\u0113j\u012bgos eksperimentos. T\u016bre, kas aizs\u0101k\u0101s Valmier\u0101 17. oktobr\u012b, ir daudz vair\u0101k nek\u0101 vienk\u0101r\u0161i koncerti \u2013 t\u0101 ir r\u016bp\u012bgi p\u0101rdom\u0101ta pieredze, kas apvieno int\u012bmu skan\u0113jumu ar dzi\u013cu saist\u012bbu ar vidi.<\/p>\n<p>Aizkulises un ilgtsp\u0113jas izaicin\u0101jumi video seri\u0101l\u0101<\/p>\n<p>Lai atkl\u0101tu ce\u013cu uz ilgtsp\u0113j\u012bg\u0101ku koncertt\u016bri, &#8220;Astro&#8217;n&#8217;out&#8221; ir laisti klaj\u0101 piecu s\u0113riju mini dokument\u0101l\u0101 seri\u0101la pirmie kadri. Sadarb\u012bb\u0101 ar re\u017eisoru Tomu Mustu tapu\u0161ais seri\u0101ls sniedz unik\u0101lu ieskatu grupas centienos rad\u012bt p\u0113c iesp\u0113jas &#8220;za\u013c\u0101ku&#8221; pas\u0101kumu, nezaud\u0113jot m\u0101ksliniecisko kvalit\u0101ti. No transporta risin\u0101jumiem l\u012bdz pat skatuves noform\u0113jumam, katrs aspekts tiek r\u016bp\u012bgi izv\u0113rt\u0113ts.<\/p>\n<p>Ilgtsp\u0113jas eksperiments k\u0101 rado\u0161\u0101s izaugsmes dzinulis<\/p>\n<p>Grupa atz\u012bst, ka ilgtsp\u0113jas jaut\u0101jumi ir liku\u0161i p\u0101rskat\u012bt ierastos darba procesus, atverot jaunas rado\u0161as iesp\u0113jas. Soliste M\u0101ra Upmane-Hol\u0161teine uzsver, ka bie\u017ei vien vienk\u0101r\u0161as izmai\u0146as un papildu p\u0101rdomas par vidi var novest pie efekt\u012bv\u0101kiem un videi draudz\u012bg\u0101kiem risin\u0101jumiem, kas nevis sad\u0101rdzina, bet pat pal\u012bdz ietaup\u012bt resursus. \u0160is revolucion\u0101rais pieg\u0101jiens pirmo reizi tika aizs\u0101kts ar pag\u0101ju\u0161\u0101 gada iniciat\u012bvu &#8220;ReGen Paaudze&#8221;.<\/p>\n<p>Akustiskais skan\u0113jums un personiskas sarunas<\/p>\n<p>Koncertos &#8220;M\u016bc&#8221; klaus\u012bt\u0101ji var baud\u012bt grupas dziesmas jaun\u0101s, akustisk\u0101s aran\u017eij\u0101s, k\u0101 ar\u012b dzird\u0113t sen aizmirstas p\u0113rles. Katrs koncerts tiek rakturots ar pieklusin\u0101t\u0101m gaism\u0101m, minim\u0101listisku scenogr\u0101fiju un \u012bpa\u0161u uzsvaru uz personisk\u0101m sarun\u0101m ar publiku, radot patiesi int\u012bmu un neaizmirstamu atmosf\u0113ru.<\/p>\n","protected":false},"excerpt":{"rendered":"Jaun\u0101 &#8220;Astro&#8217;n&#8217;out&#8221; koncertt\u016bre &#8220;M\u016bc&#8221; &#8211; aizraujo\u0161s ce\u013cojums uz ilgtsp\u0113ju Grupa &#8220;Astro&#8217;n&#8217;out&#8221; ar savu jauno akustisko koncertt\u016bri &#8220;M\u016bc&#8221; pied\u0101v\u0101&hellip;\n","protected":false},"author":2,"featured_media":27595,"comment_status":"","ping_status":"","sticky":false,"template":"","format":"standard","meta":{"footnotes":""},"categories":[19],"tags":[4151,89,90,35,39,38,36,37,34,40],"class_list":{"0":"post-27594","1":"post","2":"type-post","3":"status-publish","4":"format-standard","5":"has-post-thumbnail","7":"category-izklaide","8":"tag-astro","9":"tag-entertainment","10":"tag-izklaide","11":"tag-latvia","12":"tag-latvian","13":"tag-latviesu","14":"tag-latviesu-valoda","15":"tag-latviesuvaloda","16":"tag-latvija","17":"tag-lv"},"share_on_mastodon":{"url":"","error":""},"_links":{"self":[{"href":"https:\/\/www.europesays.com\/lv\/wp-json\/wp\/v2\/posts\/27594","targetHints":{"allow":["GET"]}}],"collection":[{"href":"https:\/\/www.europesays.com\/lv\/wp-json\/wp\/v2\/posts"}],"about":[{"href":"https:\/\/www.europesays.com\/lv\/wp-json\/wp\/v2\/types\/post"}],"author":[{"embeddable":true,"href":"https:\/\/www.europesays.com\/lv\/wp-json\/wp\/v2\/users\/2"}],"replies":[{"embeddable":true,"href":"https:\/\/www.europesays.com\/lv\/wp-json\/wp\/v2\/comments?post=27594"}],"version-history":[{"count":0,"href":"https:\/\/www.europesays.com\/lv\/wp-json\/wp\/v2\/posts\/27594\/revisions"}],"wp:featuredmedia":[{"embeddable":true,"href":"https:\/\/www.europesays.com\/lv\/wp-json\/wp\/v2\/media\/27595"}],"wp:attachment":[{"href":"https:\/\/www.europesays.com\/lv\/wp-json\/wp\/v2\/media?parent=27594"}],"wp:term":[{"taxonomy":"category","embeddable":true,"href":"https:\/\/www.europesays.com\/lv\/wp-json\/wp\/v2\/categories?post=27594"},{"taxonomy":"post_tag","embeddable":true,"href":"https:\/\/www.europesays.com\/lv\/wp-json\/wp\/v2\/tags?post=27594"}],"curies":[{"name":"wp","href":"https:\/\/api.w.org\/{rel}","templated":true}]}}