{"id":27606,"date":"2025-10-21T21:19:09","date_gmt":"2025-10-21T21:19:09","guid":{"rendered":"https:\/\/www.europesays.com\/lv\/27606\/"},"modified":"2025-10-21T21:19:09","modified_gmt":"2025-10-21T21:19:09","slug":"kima-kardasjana-jau-atkal-soke-modes-kritikus","status":"publish","type":"post","link":"https:\/\/www.europesays.com\/lv\/27606\/","title":{"rendered":"Kima Karda\u0161jana jau atkal \u0161ok\u0113 modes kriti\u0137us"},"content":{"rendered":"<p>Kriti\u0137i dal\u012bj\u0101s div\u0101s nometn\u0113s. \u201cVogue\u201d slav\u0113ja Kimas sp\u0113ju risk\u0113t un p\u0101rv\u0113rst modes izv\u0113li st\u0101st\u0101 par sevi \u2014 \u201ct\u0101 ir vi\u0146as z\u012bmola SKIMS est\u0113tika, pacelta l\u012bdz m\u0101kslai,\u201d rakst\u012bja \u017eurn\u0101ls. Ar\u012b \u201cHello Magazine\u201d atzina: \u201cVi\u0146a rada diskusiju, un tas mod\u0113 vienm\u0113r ir v\u0113rt\u012bgi.\u201d<br \/>Ta\u010du \u201cThe Washington Post\u201d un citi nebija tik saudz\u012bgi \u2014 maska, kas piln\u012bb\u0101 nosedza vi\u0146as seju, esot \u201catsve\u0161in\u0101jusi cilv\u0113ku no t\u0113la\u201d, padarot izskatu vair\u0101k par performanci nek\u0101 elegantu sarkan\u0101 pakl\u0101ja izn\u0101cienu. Turkl\u0101t vi\u0146as viz\u0101\u017eista komanda, kas t\u0113rpam gatavoja stundu ilgu grimu, palika v\u012blusies, jo \u201cnekas no t\u0101 nebija redzams\u201d.<\/p>\n<p>Tom\u0113r, lai ko teiktu kriti\u0137i, Kima ieguva to, ko vienm\u0113r mekl\u0113 \u2013 uzman\u012bbu. Vi\u0146a nebaid\u0101s b\u016bt t\u0113ls, ideja, provok\u0101cija.<\/p>\n","protected":false},"excerpt":{"rendered":"Kriti\u0137i dal\u012bj\u0101s div\u0101s nometn\u0113s. \u201cVogue\u201d slav\u0113ja Kimas sp\u0113ju risk\u0113t un p\u0101rv\u0113rst modes izv\u0113li st\u0101st\u0101 par sevi \u2014 \u201ct\u0101&hellip;\n","protected":false},"author":2,"featured_media":27607,"comment_status":"","ping_status":"","sticky":false,"template":"","format":"standard","meta":{"footnotes":""},"categories":[19],"tags":[89,90,3398,35,39,38,36,37,34,40,5767],"class_list":{"0":"post-27606","1":"post","2":"type-post","3":"status-publish","4":"format-standard","5":"has-post-thumbnail","7":"category-izklaide","8":"tag-entertainment","9":"tag-izklaide","10":"tag-kima-kardasjana","11":"tag-latvia","12":"tag-latvian","13":"tag-latviesu","14":"tag-latviesu-valoda","15":"tag-latviesuvaloda","16":"tag-latvija","17":"tag-lv","18":"tag-sarkanais-paklajs"},"share_on_mastodon":{"url":"","error":""},"_links":{"self":[{"href":"https:\/\/www.europesays.com\/lv\/wp-json\/wp\/v2\/posts\/27606","targetHints":{"allow":["GET"]}}],"collection":[{"href":"https:\/\/www.europesays.com\/lv\/wp-json\/wp\/v2\/posts"}],"about":[{"href":"https:\/\/www.europesays.com\/lv\/wp-json\/wp\/v2\/types\/post"}],"author":[{"embeddable":true,"href":"https:\/\/www.europesays.com\/lv\/wp-json\/wp\/v2\/users\/2"}],"replies":[{"embeddable":true,"href":"https:\/\/www.europesays.com\/lv\/wp-json\/wp\/v2\/comments?post=27606"}],"version-history":[{"count":0,"href":"https:\/\/www.europesays.com\/lv\/wp-json\/wp\/v2\/posts\/27606\/revisions"}],"wp:featuredmedia":[{"embeddable":true,"href":"https:\/\/www.europesays.com\/lv\/wp-json\/wp\/v2\/media\/27607"}],"wp:attachment":[{"href":"https:\/\/www.europesays.com\/lv\/wp-json\/wp\/v2\/media?parent=27606"}],"wp:term":[{"taxonomy":"category","embeddable":true,"href":"https:\/\/www.europesays.com\/lv\/wp-json\/wp\/v2\/categories?post=27606"},{"taxonomy":"post_tag","embeddable":true,"href":"https:\/\/www.europesays.com\/lv\/wp-json\/wp\/v2\/tags?post=27606"}],"curies":[{"name":"wp","href":"https:\/\/api.w.org\/{rel}","templated":true}]}}