{"id":27610,"date":"2025-10-21T21:22:07","date_gmt":"2025-10-21T21:22:07","guid":{"rendered":"https:\/\/www.europesays.com\/lv\/27610\/"},"modified":"2025-10-21T21:22:07","modified_gmt":"2025-10-21T21:22:07","slug":"ka-izgazas-trampa-un-putina-budapestas-samita-plani-tvnet","status":"publish","type":"post","link":"https:\/\/www.europesays.com\/lv\/27610\/","title":{"rendered":"K\u0101 izg\u0101z\u0101s Trampa un Putina Budape\u0161tas samita pl\u0101ni &#8211; TVNET"},"content":{"rendered":"<ol>\n<li><a href=\"https:\/\/news.google.com\/rss\/articles\/CBMihwFBVV95cUxQRHgtVWZUMjVTNTJJeEFzNG0yZDlSQktwUS1XaURPUGs2a3VHNEw2MHJwRkRiTlF1YThDNFlER294Q29FLUxqTXVJWk03QjQwS1dwZ2RsQTV5RGFoajZhZThZSXVRY2Y0dWJGSVllRUVNOUpBS0hDVE9PTU1pLVQ1T1dMMkFkWFE?oc=5\" target=\"_blank\" rel=\"nofollow noopener\">K\u0101 izg\u0101z\u0101s Trampa un Putina Budape\u0161tas samita pl\u0101ni<\/a>&nbsp;&nbsp;TVNET<\/li>\n<li><a href=\"https:\/\/news.google.com\/rss\/articles\/CBMiggFBVV95cUxQV3phQmVYOTFlbDd2OHJuOWdWemJpMnhLUXhKQVMwdi14aDBTdHYzSXJud2tkTzFpMVJqUGVDVGRJWjNaRUZXMlFwT08xMThsajY5cUpEZVlzbVJZbGd6aDY4M3pNRkpfOEpDTFkwSmJBRkVDWEZGaWJzWWlRSU4tNG5B?oc=5\" target=\"_blank\" rel=\"nofollow noopener\">Tramps un Putins tom\u0113r tuv\u0101kaj\u0101 laik\u0101 netiksies<\/a>&nbsp;&nbsp;TVNET<\/li>\n<li><a href=\"https:\/\/news.google.com\/rss\/articles\/CBMipgFBVV95cUxOQ1k2TW9mRnVLTkM0VGlDUzdlaC0wQm9rV3dnTFRWbUdBbTJBcWFvWGttWHlwLUMzak8wUTBBNUJjSTJYVWFmRElqaDRhLXpMX3cwdjNJOEVrZGxBR3M1TEhBN1lRa2tPSThtRklTQUk2WUlSaVdxenBjWWlFYk5uSm42NmcxSnZ2UU04TlVFYndUVlVybkpyb0pUQzJGT1lkUS1KdTZR?oc=5\" target=\"_blank\" rel=\"nofollow noopener\">Putina lidma\u0161\u012bna uz Ung\u0101riju var\u0113tu lidot p\u0101r Bulg\u0101riju<\/a>&nbsp;&nbsp;Delfi<\/li>\n<li><a href=\"https:\/\/news.google.com\/rss\/articles\/CBMirwFBVV95cUxPTzQxaFZlYkhZckRQb1FHMVNSaUh0UTJhNmczcGdTSnlRLXdac0JrbUdiekR5Mmp4eVh1VkkwQzlRZXg3b2NUMENYOGZfNWJUQmV5SkttOGJDWm1JN1pueTcwek5rUklIR2RMOG42NXVMOGZYM2dwM215OWR2SHhQZVg2cUszOWttd1o3VHhkVUhmZy1HZnhMVEdmQS1OWEI0dnRzQ0hLSnBLOGV3TW5r?oc=5\" target=\"_blank\" rel=\"nofollow noopener\">Po\u013ci draud arest\u0113t Putinu, ja vi\u0146a lidma\u0161\u012bna \u0161\u0137\u0113rsos Polijas gaisa telpu<\/a>&nbsp;&nbsp;Jauns.lv<\/li>\n<li><a href=\"https:\/\/news.google.com\/rss\/articles\/CBMi8AFBVV95cUxQd2EtaWEtczlDNDhPWm1GSTQ4dFMybVNJYktidU9CQjI1M3RBZC1PVGN5aFF6bHRkRkttZkZyLUVTMldQTHVRaDZZbnRQTHgxRE1xWDdyTmJnUkd2NmRHTXA0V21ZN3lYVUZuelRDd045a2xQUFJmVVVzV05wZFRyQzNXV1g3Z2d6TmZOUTVnQTFYUGRTTy13WEs4X0JCdW9XZmJQV193MTQ5QmVuYW1rd1FyYWtNc0hBb0E1Zm16ZDZmcUdoWi1RLTRfeFJ5SkNHVUUwakJYMTRkeEVzVDRmWVVzUU40dFVlRTU2b21Fclk?oc=5\" target=\"_blank\" rel=\"nofollow noopener\">Atlikta \u0161oned\u0113\u013c paredz\u0113t\u0101 ASV valsts sekret\u0101ra Rubio un Krievijas \u0101rlietu ministra Lavrova tik\u0161an\u0101s<\/a>&nbsp;&nbsp;LSM<\/li>\n<\/ol>\n","protected":false},"excerpt":{"rendered":"K\u0101 izg\u0101z\u0101s Trampa un Putina Budape\u0161tas samita pl\u0101ni&nbsp;&nbsp;TVNET Tramps un Putins tom\u0113r tuv\u0101kaj\u0101 laik\u0101 netiksies&nbsp;&nbsp;TVNET Putina lidma\u0161\u012bna uz&hellip;\n","protected":false},"author":2,"featured_media":27611,"comment_status":"","ping_status":"","sticky":false,"template":"","format":"standard","meta":{"footnotes":""},"categories":[14],"tags":[23,57,292,28,29,542,32,33,22,234,74,30,31,35,39,38,36,37,34,40,2093,20,26,27,2092,24,25,2238,276,235,54,55,56,21,58],"class_list":{"0":"post-27610","1":"post","2":"type-post","3":"status-publish","4":"format-standard","5":"has-post-thumbnail","7":"category-zinas-no-arvalstim","8":"tag-aktualitates","9":"tag-arvalstim","10":"tag-asv","11":"tag-breaking-news","12":"tag-breakingnews","13":"tag-donalds-tramps","14":"tag-featured-news","15":"tag-featurednews","16":"tag-headlines","17":"tag-krievija","18":"tag-krievijas-iebrukums-ukraina","19":"tag-latest-news","20":"tag-latestnews","21":"tag-latvia","22":"tag-latvian","23":"tag-latviesu","24":"tag-latviesu-valoda","25":"tag-latviesuvaloda","26":"tag-latvija","27":"tag-lv","28":"tag-marko-rubio","29":"tag-news","30":"tag-popularakas-zinas","31":"tag-popularakaszinas","32":"tag-sergejs-lavrovs","33":"tag-top-stories","34":"tag-topstories","35":"tag-tvnet-arvalstis","36":"tag-ukraina","37":"tag-vladimirs-putins","38":"tag-world","39":"tag-world-news","40":"tag-worldnews","41":"tag-zinas","42":"tag-zinas-no-arvalstim"},"share_on_mastodon":{"url":"","error":""},"_links":{"self":[{"href":"https:\/\/www.europesays.com\/lv\/wp-json\/wp\/v2\/posts\/27610","targetHints":{"allow":["GET"]}}],"collection":[{"href":"https:\/\/www.europesays.com\/lv\/wp-json\/wp\/v2\/posts"}],"about":[{"href":"https:\/\/www.europesays.com\/lv\/wp-json\/wp\/v2\/types\/post"}],"author":[{"embeddable":true,"href":"https:\/\/www.europesays.com\/lv\/wp-json\/wp\/v2\/users\/2"}],"replies":[{"embeddable":true,"href":"https:\/\/www.europesays.com\/lv\/wp-json\/wp\/v2\/comments?post=27610"}],"version-history":[{"count":0,"href":"https:\/\/www.europesays.com\/lv\/wp-json\/wp\/v2\/posts\/27610\/revisions"}],"wp:featuredmedia":[{"embeddable":true,"href":"https:\/\/www.europesays.com\/lv\/wp-json\/wp\/v2\/media\/27611"}],"wp:attachment":[{"href":"https:\/\/www.europesays.com\/lv\/wp-json\/wp\/v2\/media?parent=27610"}],"wp:term":[{"taxonomy":"category","embeddable":true,"href":"https:\/\/www.europesays.com\/lv\/wp-json\/wp\/v2\/categories?post=27610"},{"taxonomy":"post_tag","embeddable":true,"href":"https:\/\/www.europesays.com\/lv\/wp-json\/wp\/v2\/tags?post=27610"}],"curies":[{"name":"wp","href":"https:\/\/api.w.org\/{rel}","templated":true}]}}