{"id":27620,"date":"2025-10-21T21:31:07","date_gmt":"2025-10-21T21:31:07","guid":{"rendered":"https:\/\/www.europesays.com\/lv\/27620\/"},"modified":"2025-10-21T21:31:07","modified_gmt":"2025-10-21T21:31:07","slug":"foto-kino-profesionali-un-cienitaji-ierodas-novertet-dokumentalo-stastu-testaments-par-dekadentu-anatolu-imermani-sejas-lv","status":"publish","type":"post","link":"https:\/\/www.europesays.com\/lv\/27620\/","title":{"rendered":"FOTO Kino profesion\u0101\u013ci un cien\u012bt\u0101ji ierodas nov\u0113rt\u0113t dokument\u0101lo st\u0101stu &quot;Testaments&quot; par dekadentu Anatolu Imermani &#8211; Sejas.lv"},"content":{"rendered":"<ol>\n<li><a href=\"https:\/\/news.google.com\/rss\/articles\/CBMi3AFBVV95cUxOMlNwSi1nallMVGxqQVd0cWsyRjQyaVBSaVZCU2hRcENqNkR4cmJLeWE3LWw2RjdJZ082T0RZME1OYzVwS0F2Mk95QS1RQVlSOWhzR0lTVVc3RnBfSGk3d281Yl9ETUZoVFRvTXpzZmRCNms1TjY3VlFNVVUzSmxValdsWHJuNlhGOC1RWDdZQnVVbnp5YTFjRXVRak13TFlXZllIanYxRzdwY1UyVE9LZFdGcVZVX2xJVTZOUThrTFgtSE1GWkNTTUVBVzBVSmVJUWlnUy1WZk9Vb2JV?oc=5\" target=\"_blank\" rel=\"nofollow noopener\">FOTO Kino profesion\u0101\u013ci un cien\u012bt\u0101ji ierodas nov\u0113rt\u0113t dokument\u0101lo st\u0101stu &#8220;Testaments&#8221; par dekadentu Anatolu Imermani<\/a>&nbsp;&nbsp;Sejas.lv<\/li>\n<li><a href=\"https:\/\/news.google.com\/rss\/articles\/CBMiuAFBVV95cUxNMHpadWZOcHFIUU1rVXB2OWpVS1FHampKTUdkSExtNGQzSmExVnhGb1J4cGwzU3A4a2pwaVlUV2J5NEZGaS1faGo0N0FSbGhiZUh4SWVQR0NlVWNnU0ZxdHcwXzlTTVczRmllbHl6X3dzRE1oVHZ3OXN3bHdlNWk4TTRleHJ4Sm1vanF4dnNVa3V3dGRNNFFnWlhoWEtlaUlfalN3bFRoRXRpWWZtcVZKMUpZbURTSWFK?oc=5\" target=\"_blank\" rel=\"nofollow noopener\">Filma &#8220;Testaments&#8221;: izvaic\u0101jam dokument\u0101l\u0101s fikcijas rado\u0161o komandu<\/a>&nbsp;&nbsp;Latvijas Radio 1<\/li>\n<li><a href=\"https:\/\/news.google.com\/rss\/articles\/CBMifkFVX3lxTFAzZTg4U2g4VDVnYkJXVjdEUVltU1ZvRUljVTgzOGdubkMyQWRYQTY5Q2pRS1VnWHd2Qzk1ZHViUkdKR2xEMXEzTjJuZ01XYnAyV2ZkdFkzeVg4d1ZRbVFWQU9vQVNUcWdlbmJYakl2NF93UWlJMm80WU41TG43dw?oc=5\" target=\"_blank\" rel=\"nofollow noopener\">Kas paliek p\u0113c m\u0101kslinieka?<\/a>&nbsp;&nbsp;Diena<\/li>\n<li><a href=\"https:\/\/news.google.com\/rss\/articles\/CBMi-AFBVV95cUxONjh5bGt1R1owMHFVLWhGSmZVeHFRX2tabWVUQVVsbWFiQmFqOXZaVmVQX04waVJUTUJLMEZNN2tzTGtWZGY1cHdoZkxGV01nSWxXd3hlbHVMeFNWYkN2MXUxYVJVUFZaVVpPWEstQ0M5a0VzdU9YZER1V2dOSFJOQ2w1Z2FGNkFtYUxHMW1XVi1XYkRwVzktT0JORHBmV0ZINGhEQ2lXYVh4R2JJRy1PcEhKaWNiQlVqZlZRbElISGMtQk15WnhQOFNyQW4ySWZVS0hNbHRKdjdVRlFKV1lnbVJ4WUZoU0Fwcm5sM09HTXBvdVpoZFFNaA?oc=5\" target=\"_blank\" rel=\"nofollow noopener\">Detekt\u012bvst\u0101sts par miru\u0161u, pazudu\u0161u dzejnieku un m\u016b\u017e\u012bgo Eife\u013ca torni. Filmas \u00abTestaments\u00bb recenzija<\/a>&nbsp;&nbsp;LSM<\/li>\n<li><a href=\"https:\/\/news.google.com\/rss\/articles\/CBMiwwFBVV95cUxPT0J1dEU0RFlfS1hJNGFSd2NTME5tcXZEVWFjU1BtSW9ENGE0aEdjUl9IUmlSUHNRUjl4VEE1UllmcUJRN0Rra0NPcVdkcnBMZXAwSllaQVRlUGF0czNpZGlaVVpZSFZMUm12LUhnZ3Z2M0pjVXZ5aEZmZDlsRV95UjdMZG9hMk0zS25iYXdHSDJlRXc2OHA4dzdjOTN3UFdjaml2UFFoRmVFemdjeWsxTGVyN3Y1Rm5Gekh3Z1pwa0gzZnM?oc=5\" target=\"_blank\" rel=\"nofollow noopener\">Anatola Imermanis nepabeigtais detekt\u012bvs: \u0100bele un Jon\u0113vs turpina rakstnieka darbu<\/a>&nbsp;&nbsp;Lente.lv<\/li>\n<\/ol>\n","protected":false},"excerpt":{"rendered":"FOTO Kino profesion\u0101\u013ci un cien\u012bt\u0101ji ierodas nov\u0113rt\u0113t dokument\u0101lo st\u0101stu &#8220;Testaments&#8221; par dekadentu Anatolu Imermani&nbsp;&nbsp;Sejas.lv Filma &#8220;Testaments&#8221;: izvaic\u0101jam dokument\u0101l\u0101s&hellip;\n","protected":false},"author":2,"featured_media":27621,"comment_status":"","ping_status":"","sticky":false,"template":"","format":"standard","meta":{"footnotes":""},"categories":[19],"tags":[89,90,5790,541,35,39,38,36,37,34,40,3876,1787],"class_list":{"0":"post-27620","1":"post","2":"type-post","3":"status-publish","4":"format-standard","5":"has-post-thumbnail","7":"category-izklaide","8":"tag-entertainment","9":"tag-izklaide","10":"tag-janis-abele","11":"tag-janis-jonevs","12":"tag-latvia","13":"tag-latvian","14":"tag-latviesu","15":"tag-latviesu-valoda","16":"tag-latviesuvaloda","17":"tag-latvija","18":"tag-lv","19":"tag-riga-iff","20":"tag-splendid-palace"},"share_on_mastodon":{"url":"","error":""},"_links":{"self":[{"href":"https:\/\/www.europesays.com\/lv\/wp-json\/wp\/v2\/posts\/27620","targetHints":{"allow":["GET"]}}],"collection":[{"href":"https:\/\/www.europesays.com\/lv\/wp-json\/wp\/v2\/posts"}],"about":[{"href":"https:\/\/www.europesays.com\/lv\/wp-json\/wp\/v2\/types\/post"}],"author":[{"embeddable":true,"href":"https:\/\/www.europesays.com\/lv\/wp-json\/wp\/v2\/users\/2"}],"replies":[{"embeddable":true,"href":"https:\/\/www.europesays.com\/lv\/wp-json\/wp\/v2\/comments?post=27620"}],"version-history":[{"count":0,"href":"https:\/\/www.europesays.com\/lv\/wp-json\/wp\/v2\/posts\/27620\/revisions"}],"wp:featuredmedia":[{"embeddable":true,"href":"https:\/\/www.europesays.com\/lv\/wp-json\/wp\/v2\/media\/27621"}],"wp:attachment":[{"href":"https:\/\/www.europesays.com\/lv\/wp-json\/wp\/v2\/media?parent=27620"}],"wp:term":[{"taxonomy":"category","embeddable":true,"href":"https:\/\/www.europesays.com\/lv\/wp-json\/wp\/v2\/categories?post=27620"},{"taxonomy":"post_tag","embeddable":true,"href":"https:\/\/www.europesays.com\/lv\/wp-json\/wp\/v2\/tags?post=27620"}],"curies":[{"name":"wp","href":"https:\/\/api.w.org\/{rel}","templated":true}]}}