{"id":27657,"date":"2025-10-21T22:48:23","date_gmt":"2025-10-21T22:48:23","guid":{"rendered":"https:\/\/www.europesays.com\/lv\/27657\/"},"modified":"2025-10-21T22:48:23","modified_gmt":"2025-10-21T22:48:23","slug":"pie-saeimas-norisinas-protests-pret-abortu-aizliegumu","status":"publish","type":"post","link":"https:\/\/www.europesays.com\/lv\/27657\/","title":{"rendered":"Pie Saeimas norisin\u0101s protests pret abortu aizliegumu"},"content":{"rendered":"<p>Otrdienas vakar\u0101, pulksten 18 pie Saeimas notiek protests pret groz\u012bjumiem likum\u0101, kas paredz ties\u012bbu uz abortu ierobe\u017eo\u0161anu, nov\u0113roja port\u0101ls &#8220;Delfi&#8221;.<\/p>\n<p>K\u0101 iepriek\u0161 medijus inform\u0113ja jaunatnes organiz\u0101cija &#8220;Protests&#8221; , t\u0101 aicina Saeimas deput\u0101tus iest\u0101ties un balsot pret abortu ierobe\u017eo\u0161anu. Protests ir pret groz\u012bjumu Seksu\u0101l\u0101s un reprodukt\u012bv\u0101s vesel\u012bbas likum\u0101 (Nr. 990\/Lp14), kas paredz ties\u012bbu uz abortu ierobe\u017eo\u0161anu. <\/p>\n<p>&#8220;\u0160is Nacion\u0101l\u0101s apvien\u012bbas (NA) un  Latvijas pirmaj\u0101 viet\u0101 (LPV) deput\u0101tu likuma groz\u012bjums paredz papildin\u0101t likumu ar jaunu pantu &#8220;Nedzimusi dz\u012bv\u012bba&#8221; un ieviest oblig\u0101tu konsult\u0101ciju k\u0101 priek\u0161noteikumu <a rel=\"noopener nofollow\" target=\"_blank\" href=\"https:\/\/www.delfi.lv\/temas\/43475391\/grutnieciba\" tag-id=\"43475391\">gr\u016btniec\u012bbas<\/a> p\u0101rtrauk\u0161anai. Ar \u0161o groz\u012bjumu tiek apdraud\u0113tas  ties\u012bbas uz pa\u0161noteik\u0161anos, un izv\u0113li attiec\u012bb\u0101 uz savu \u0137ermeni un vesel\u012bbu, tai skait\u0101 transpersonu un nebin\u0101ru personu ties\u012bbas,&#8221; akcent\u0113 organiz\u0101cija.<\/p>\n<p>&#8220;Kad likumdo\u0161ana iejaucas cilv\u0113ku priv\u0101taj\u0101 dz\u012bv\u0113, t\u0101 rada risku vainas saj\u016btai, bail\u0113m un nevienl\u012bdz\u012bbai. Normat\u012bvajiem aktiem j\u0101b\u016bt balst\u012btiem pier\u0101d\u012bjumos, realit\u0101t\u0113 un cilv\u0113ku ties\u012bb\u0101s br\u012bvi lemt par savu dz\u012bvi, nevis ideolo\u0123iskos priek\u0161statos par to, k\u0101 citiem &#8220;b\u016btu j\u0101dz\u012bvo&#8221;,&#8221; pau\u017e protesta organiz\u0113t\u0101ji. <\/p>\n<p>&#8220;Ja tie\u0161\u0101m gribam pal\u012bdz\u0113t cilv\u0113kiem saglab\u0101t gr\u016btniec\u012bbu, valstij j\u0101rada apst\u0101k\u013ci \u2014 j\u0101veicina dro\u0161a vide \u0123imen\u0113m, pieejami m\u0101jok\u013ci, b\u0113rnud\u0101rzi un vesel\u012bbas apr\u016bpe, k\u0101 ar\u012b finansi\u0101ls atbalsts. Neviens likums nevar aizst\u0101t re\u0101lu pal\u012bdz\u012bbu un dro\u0161\u012bbas saj\u016btu,&#8221; akcent\u0113 &#8220;Protests&#8221;.<\/p>\n<blockquote data-v-5420b0e6=\"\"\/>\n<p>Abortu aizlieg\u0161ana un ierobe\u017eo\u0161ana piespie\u017e veikt nedro\u0161us, dz\u012bv\u012bbai b\u012bstamus abortus, doties veikt abortus uz \u0101rzem\u0113m un piespie\u017e daudzus izn\u0113s\u0101t nev\u0113lamu gr\u016btniec\u012bbu l\u012bdz termi\u0146a beig\u0101m.<\/p>\n<p> Jaunatnes organiz\u0101cija &#8220;Protests&#8221;<\/p>\n<p>Jau v\u0113st\u012bts, ka vair\u0101kas organiz\u0101cijas iest\u0101ju\u0161\u0101s pret \u0161iem likuma groz\u012bjumiem.<\/p>\n<p>Iecere ierakst\u012bt likum\u0101 nepier\u0101d\u0101mu pie\u0146\u0113mumu, ka cilv\u0113ka dz\u012bv\u012bba s\u0101kas ar apaug\u013co\u0161an\u0101s br\u012bdi, un ieviest nepamatotas ierobe\u017eojo\u0161as konsult\u0101cijas pirms gr\u016btniec\u012bbas p\u0101rtrauk\u0161anas, ir pretrun\u0101 sievie\u0161u cilv\u0113kties\u012bb\u0101m, medic\u012bnas \u0113tikai un zin\u0101tniskajai lo\u0123ikai, v\u0113stul\u0113 amatperson\u0101m uzsver vair\u0101kas nozares organiz\u0101cijas.<\/p>\n<p>V\u0113stuli <a rel=\"noopener nofollow\" target=\"_blank\" href=\"https:\/\/www.delfi.lv\/temas\/36070942\/veselibas-ministrija\" data-rel-date-range=\"[]\">Vesel\u012bbas ministrijai<\/a> un <a rel=\"noopener nofollow\" target=\"_blank\" href=\"https:\/\/www.delfi.lv\/temas\/38952207\/saeima\" data-rel-date-range=\"[]\">Saeimas<\/a> Soci\u0101lo un darba lietu komisijai, aicinot \u0161os priek\u0161likumus nevirz\u012bt t\u0101l\u0101kai izskat\u012b\u0161anai, nos\u016bt\u012bju\u0161as Latvijas Ginekologu un dzemd\u012bbu speci\u0101listu asoci\u0101cija, Latvijas Vecm\u0101\u0161u asoci\u0101cija, Vec\u0101ku organiz\u0101cija &#8220;Mamm\u0101m un t\u0113tiem&#8221; un biedr\u012bba &#8220;<a rel=\"noopener nofollow\" target=\"_blank\" href=\"https:\/\/www.delfi.lv\/temas\/40608235\/papardes-zieds\" tag-id=\"40608235\">Papardes zieds<\/a>&#8220;.<\/p>\n<p>Lasiet ar\u012b<\/p>\n<p><a href=\"https:\/\/www.delfi.lv\/193\/politics\/120092005\/vairakas-organizacijas-skarbi-kritize-ieceretas-izmainas-abortu-veiksana-un-versas-pie-amatpersonam\" class=\"headline__image-link\" itemprop=\"url\" rel=\"nofollow noopener\" target=\"_blank\"><img decoding=\"async\" loading=\"lazy\" itemprop=\"image\" src=\"https:\/\/www.europesays.com\/lv\/wp-content\/uploads\/2025\/10\/1761086903_826_5ad85ed2-878a-454c-a1ec-9c682256406e.jpg\" alt=\"Vair\u0101kas organiz\u0101cijas skarbi kritiz\u0113 iecer\u0113t\u0101s izmai\u0146as abortu veik\u0161an\u0101 un v\u0113r\u0161as pie amatperson\u0101m\" title=\"Vair\u0101kas organiz\u0101cijas skarbi kritiz\u0113 iecer\u0113t\u0101s izmai\u0146as abortu veik\u0161an\u0101 un v\u0113r\u0161as pie amatperson\u0101m\" class=\"headline__image img-fluid w-100\"\/><\/a><\/p>\n<p>Viens no priek\u0161likumiem paredz ierakst\u012bt likum\u0101 normu, ka &#8220;cilv\u0113ka dz\u012bv\u012bba s\u0101kas ar apaug\u013co\u0161an\u0101s br\u012bdi&#8221;. Speci\u0101listi br\u012bdina, ka \u0161\u0101ds formul\u0113jums nav zin\u0101tniski pier\u0101d\u0101ms un medic\u012bniski nav nosak\u0101ms, turkl\u0101t tas b\u016btu pretrun\u0101 Latvijas Satversmei un starptautiskaj\u0101m cilv\u0113kties\u012bbu norm\u0101m.<\/p>\n<p>Organiz\u0101cijas uzsver, ka \u0161\u0101di priek\u0161likumi ir pretrun\u0101 ar\u012b sievie\u0161u pamatties\u012bb\u0101m uz priv\u0101tumu, vesel\u012bbu un pa\u0161noteik\u0161anos. Saska\u0146\u0101 ar Pasaules Vesel\u012bbas organiz\u0101cijas vadl\u012bnij\u0101m jebk\u0101da tre\u0161o personu iesaiste vai papildu birokr\u0101tiski \u0161\u0137\u0113r\u0161\u013ci l\u0113muma pie\u0146em\u0161an\u0101 par gr\u016btniec\u012bbas p\u0101rtrauk\u0161anu apdraud sievietes vesel\u012bbu un var veicin\u0101t nedro\u0161u abortu praksi, uzsver organiz\u0101cijas.<\/p>\n<p>&#8220;Nev\u0113lamas gr\u016btniec\u012bbas p\u0101rtrauk\u0161ana ir katras sievietes cilv\u0113kties\u012bbas. Ievie\u0161ot oblig\u0101tas konsult\u0101cijas vai at\u013caujas, kas nav medic\u012bniski pamatotas, m\u0113s nepal\u012bdzam \u0123imen\u0113m, bet apdraudam sievie\u0161u vesel\u012bbu un dz\u012bv\u012bbu,&#8221; uzsver Latvijas Ginekologu un dzemd\u012bbu speci\u0101listu asoci\u0101cijas prezidente L\u0101sma L\u012bdaka.<\/p>\n<p>Organiz\u0101cijas aicina Saeimas deput\u0101tus un sabiedr\u012bbu nepie\u013caut politiski motiv\u0113tus groz\u012bjumus, kas var\u0113tu apdraud\u0113t sievie\u0161u dro\u0161\u012bbu un Latvijas k\u0101 demokr\u0101tiskas valsts starptautisko reput\u0101ciju cilv\u0113kties\u012bbu jom\u0101.<\/p>\n<p>K\u0101 v\u0113st\u012bts, Nacion\u0101l\u0101s apvien\u012bbas (NA) un partijas &#8220;Latvija pirmaj\u0101 viet\u0101&#8221; (LPV) deput\u0101ti Jurgis Kloti\u0146\u0161 (NA), <a rel=\"noopener nofollow\" target=\"_blank\" href=\"https:\/\/www.delfi.lv\/temas\/50363565\/janis-grasbergs\" data-rel-date-range=\"[]\">J\u0101nis Grasbergs<\/a> (NA) un <a rel=\"noopener nofollow\" target=\"_blank\" href=\"https:\/\/www.delfi.lv\/temas\/50863559\/ramona-petravica\" data-rel-date-range=\"[]\">Ramona Petravi\u010da<\/a> (LPV) ir iesniegu\u0161i priek\u0161likumus groz\u012bjumiem Seksu\u0101l\u0101s un reprodukt\u012bv\u0101s vesel\u012bbas likum\u0101, tostarp aicinot Latvij\u0101 ieviest oblig\u0101tas konsult\u0101cijas sieviet\u0113m, kas v\u0113las p\u0101rtraukt gr\u016btniec\u012bbu p\u0113c savas v\u0113l\u0113\u0161an\u0101s.<\/p>\n<p>Vald\u012bbu veidojo\u0161\u0101s koal\u012bcijas partijas vienoju\u0161\u0101s, ka priek\u0161likums groz\u012bjumiem Seksu\u0101l\u0101s un reprodukt\u012bv\u0101s vesel\u012bbas likum\u0101, kas paredz ties\u012bbu uz abortu ierobe\u017eo\u0161anu, netiks atbalst\u012bts.<\/p>\n<p>Pret \u0161\u0101diem groz\u012bjumiem iest\u0101jusies ar\u012b ties\u012bbsardze.<\/p>\n<p>Savuk\u0101rt vesel\u012bbas ministrs <a rel=\"noopener nofollow\" target=\"_blank\" href=\"https:\/\/www.delfi.lv\/temas\/47768313\/hosams-abu-meri\" data-rel-date-range=\"[]\">Hosams Abu Meri<\/a> (JV) nor\u0101d\u012bjis, ka sievietes autonomija, priv\u0101tums un ties\u012bbas uz piek\u013cuvi vesel\u012bbas apr\u016bpei ir pamatprincipi, kurus nedr\u012bkst ierobe\u017eot ar piespiedu meh\u0101nismiem vai papildu \u0161\u0137\u0113r\u0161\u013ciem.<\/p>\n<p class=\"m-0\">Seko &#8220;Delfi&#8221; ar\u012b  <a target=\"_blank\" href=\"https:\/\/www.instagram.com\/delfi.lv\/\" rel=\"nofollow noopener\">Instagram<\/a>  un <a target=\"_blank\" href=\"https:\/\/www.youtube.com\/channel\/UCw5foWtcJvAbUm64rv7jwUQ\" rel=\"nofollow noopener\">YouTube<\/a>  profil\u0101 \u2013 pievienojies, lai uzzin\u0101tu svar\u012bg\u0101ko un interesant\u0101ko pirmais!<\/p>\n<p>Publik\u0101cijas saturs vai t\u0101s jebk\u0101da apjoma da\u013ca ir aizsarg\u0101ts autorties\u012bbu objekts Autorties\u012bbu likuma izpratn\u0113, un t\u0101 izmanto\u0161ana bez izdev\u0113ja at\u013caujas ir aizliegta. Vair\u0101k lasi  <a target=\"_blank\" href=\"https:\/\/www.delfi.lv\/noteikumi#autortiesibas\" rel=\"nofollow noopener\">\u0161eit<\/a><script async src=\"\/\/www.instagram.com\/embed.js\"><\/script><\/p>\n","protected":false},"excerpt":{"rendered":"Otrdienas vakar\u0101, pulksten 18 pie Saeimas notiek protests pret groz\u012bjumiem likum\u0101, kas paredz ties\u012bbu uz abortu ierobe\u017eo\u0161anu, nov\u0113roja&hellip;\n","protected":false},"author":2,"featured_media":27658,"comment_status":"","ping_status":"","sticky":false,"template":"","format":"standard","meta":{"footnotes":""},"categories":[5],"tags":[8146,23,28,29,32,33,936,22,256,8397,30,31,35,39,38,36,37,34,40,8537,20,8536,26,27,8399,7872,8535,24,25,8534,21],"class_list":{"0":"post-27657","1":"post","2":"type-post","3":"status-publish","4":"format-standard","5":"has-post-thumbnail","7":"category-aktualitates","8":"tag-aborts","9":"tag-aktualitates","10":"tag-breaking-news","11":"tag-breakingnews","12":"tag-featured-news","13":"tag-featurednews","14":"tag-grutnieciba","15":"tag-headlines","16":"tag-hosams-abu-meri","17":"tag-janis-grasbergs","18":"tag-latest-news","19":"tag-latestnews","20":"tag-latvia","21":"tag-latvian","22":"tag-latviesu","23":"tag-latviesu-valoda","24":"tag-latviesuvaloda","25":"tag-latvija","26":"tag-lv","27":"tag-neaugliba","28":"tag-news","29":"tag-papardes-zieds","30":"tag-popularakas-zinas","31":"tag-popularakaszinas","32":"tag-ramona-petravica","33":"tag-sievietes-veseliba","34":"tag-tb-lnnk","35":"tag-top-stories","36":"tag-topstories","37":"tag-vl-tb-lnnk","38":"tag-zinas"},"share_on_mastodon":{"url":"","error":""},"_links":{"self":[{"href":"https:\/\/www.europesays.com\/lv\/wp-json\/wp\/v2\/posts\/27657","targetHints":{"allow":["GET"]}}],"collection":[{"href":"https:\/\/www.europesays.com\/lv\/wp-json\/wp\/v2\/posts"}],"about":[{"href":"https:\/\/www.europesays.com\/lv\/wp-json\/wp\/v2\/types\/post"}],"author":[{"embeddable":true,"href":"https:\/\/www.europesays.com\/lv\/wp-json\/wp\/v2\/users\/2"}],"replies":[{"embeddable":true,"href":"https:\/\/www.europesays.com\/lv\/wp-json\/wp\/v2\/comments?post=27657"}],"version-history":[{"count":0,"href":"https:\/\/www.europesays.com\/lv\/wp-json\/wp\/v2\/posts\/27657\/revisions"}],"wp:featuredmedia":[{"embeddable":true,"href":"https:\/\/www.europesays.com\/lv\/wp-json\/wp\/v2\/media\/27658"}],"wp:attachment":[{"href":"https:\/\/www.europesays.com\/lv\/wp-json\/wp\/v2\/media?parent=27657"}],"wp:term":[{"taxonomy":"category","embeddable":true,"href":"https:\/\/www.europesays.com\/lv\/wp-json\/wp\/v2\/categories?post=27657"},{"taxonomy":"post_tag","embeddable":true,"href":"https:\/\/www.europesays.com\/lv\/wp-json\/wp\/v2\/tags?post=27657"}],"curies":[{"name":"wp","href":"https:\/\/api.w.org\/{rel}","templated":true}]}}