{"id":27663,"date":"2025-10-21T23:02:14","date_gmt":"2025-10-21T23:02:14","guid":{"rendered":"https:\/\/www.europesays.com\/lv\/27663\/"},"modified":"2025-10-21T23:02:14","modified_gmt":"2025-10-21T23:02:14","slug":"29-gadu-vecuma-peksna-nave-miris-asv-lielmeistars-saha-narodickis","status":"publish","type":"post","link":"https:\/\/www.europesays.com\/lv\/27663\/","title":{"rendered":"29 gadu vecum\u0101 p\u0113k\u0161\u0146\u0101 n\u0101v\u0113 miris ASV lielmeistars \u0161ah\u0101 Narodickis"},"content":{"rendered":"<p>Tikai 29 gadus vecais ukrai\u0146u izcelsmes lielmeistars \u0160arlotas klub\u0101 tren\u0113j\u0101s un bija \u0161aha pasniedz\u0113js. Vi\u0146a n\u0101ves iemesli netiek atkl\u0101ti.<\/p>\n<p>V\u0113l august\u0101 vi\u0146\u0161 k\u013cuva par ASV \u010dempionu \u0101trsp\u0113l\u0113 jeb blic\u0101.<\/p>\n<p>Narodickis lielmeistara titulu ieguva 18 gadu vecum\u0101.<\/p>\n<blockquote class=\"twitter-tweet\">\n<p lang=\"en\" dir=\"ltr\">GM Daniel Naroditsky passed away. He was a talented chess player, commentator, and educator. FIDE extends its deepest condolences to Daniel\u2019s family and loved ones. <a href=\"https:\/\/t.co\/uxoccDbnHW\" rel=\"nofollow\">pic.twitter.com\/uxoccDbnHW<\/a><\/p>\n<p>\u2014 International Chess Federation (@FIDE_chess) <a href=\"https:\/\/twitter.com\/FIDE_chess\/status\/1980326950997811620?ref_src=twsrc%5Etfw\" rel=\"nofollow noopener\" target=\"_blank\">October 20, 2025<\/a><\/p><\/blockquote>\n<p>Karjeras laik\u0101 vi\u0146\u0161 uzvar\u0113ja pasaules U-12 \u010dempion\u0101t\u0101, k\u0101 ar\u012b bija pasaules rang\u0101 lab\u0101ko 25 \u0161ahistu skait\u0101 blic\u0101.<\/p>\n<p>Jau pusaud\u017ea gados Narodickis sarakst\u012bja vair\u0101kas gr\u0101matas par \u0161aha strat\u0113\u0123iju, pats v\u0113l\u0101k piev\u0113rs\u0101s ar\u012b \u0161aha koment\u0113\u0161anai un \u0161aha populariz\u0113\u0161anai.<\/p>\n<p>&#8220;Narodickis sp\u0113l\u0113ja noz\u012bm\u012bgu lomu \u0161aha populariz\u0101cij\u0101 tie\u0161saist\u0113, mazinot atstatumu starp profesion\u0101lo un amatieru sp\u0113li,&#8221; nor\u0101da Starptautisk\u0101 \u0160aha feder\u0101cija (FIDE). &#8220;Nav daudz cilv\u0113ku pasaul\u0113, kuri tik daudz b\u016btu sasniegu\u0161i pirms 30 gadu vecuma.&#8221;<\/p>\n<p><script async src=\"https:\/\/platform.twitter.com\/widgets.js\" charset=\"utf-8\"><\/script><\/p>\n","protected":false},"excerpt":{"rendered":"Tikai 29 gadus vecais ukrai\u0146u izcelsmes lielmeistars \u0160arlotas klub\u0101 tren\u0113j\u0101s un bija \u0161aha pasniedz\u0113js. Vi\u0146a n\u0101ves iemesli netiek&hellip;\n","protected":false},"author":2,"featured_media":27664,"comment_status":"","ping_status":"","sticky":false,"template":"","format":"standard","meta":{"footnotes":""},"categories":[17],"tags":[35,39,38,36,37,34,40,7090,67],"class_list":{"0":"post-27663","1":"post","2":"type-post","3":"status-publish","4":"format-standard","5":"has-post-thumbnail","7":"category-sports","8":"tag-latvia","9":"tag-latvian","10":"tag-latviesu","11":"tag-latviesu-valoda","12":"tag-latviesuvaloda","13":"tag-latvija","14":"tag-lv","15":"tag-sahs","16":"tag-sports"},"share_on_mastodon":{"url":"","error":""},"_links":{"self":[{"href":"https:\/\/www.europesays.com\/lv\/wp-json\/wp\/v2\/posts\/27663","targetHints":{"allow":["GET"]}}],"collection":[{"href":"https:\/\/www.europesays.com\/lv\/wp-json\/wp\/v2\/posts"}],"about":[{"href":"https:\/\/www.europesays.com\/lv\/wp-json\/wp\/v2\/types\/post"}],"author":[{"embeddable":true,"href":"https:\/\/www.europesays.com\/lv\/wp-json\/wp\/v2\/users\/2"}],"replies":[{"embeddable":true,"href":"https:\/\/www.europesays.com\/lv\/wp-json\/wp\/v2\/comments?post=27663"}],"version-history":[{"count":0,"href":"https:\/\/www.europesays.com\/lv\/wp-json\/wp\/v2\/posts\/27663\/revisions"}],"wp:featuredmedia":[{"embeddable":true,"href":"https:\/\/www.europesays.com\/lv\/wp-json\/wp\/v2\/media\/27664"}],"wp:attachment":[{"href":"https:\/\/www.europesays.com\/lv\/wp-json\/wp\/v2\/media?parent=27663"}],"wp:term":[{"taxonomy":"category","embeddable":true,"href":"https:\/\/www.europesays.com\/lv\/wp-json\/wp\/v2\/categories?post=27663"},{"taxonomy":"post_tag","embeddable":true,"href":"https:\/\/www.europesays.com\/lv\/wp-json\/wp\/v2\/tags?post=27663"}],"curies":[{"name":"wp","href":"https:\/\/api.w.org\/{rel}","templated":true}]}}